{"id":62975,"date":"2025-02-24T11:14:38","date_gmt":"2025-02-24T10:14:38","guid":{"rendered":"https:\/\/imagazine.it\/home_desk\/?p=62975"},"modified":"2025-02-25T17:44:18","modified_gmt":"2025-02-25T16:44:18","slug":"cure-oncologiche-grazie-al-presepe-dei-sassi","status":"publish","type":"post","link":"https:\/\/imagazine.it\/home_desk\/cure-oncologiche-grazie-al-presepe-dei-sassi\/","title":{"rendered":"Cure oncologiche grazie al Presepe dei Sassi"},"content":{"rendered":"<p><span style=\"font-size: 10pt;\"><em>Da sinistra Danilo Bazzeo, Carla Peras, Carmen Rosset Gallini e Luigina Cian<\/em><\/span><\/p>\n<p>AVIANO \u2013 L&#8217;artista <strong>Carla Peras<\/strong>, assieme a una delegazione del gruppo locale della <strong>Protezione Civile<\/strong> che collabora attivamente con lei, si \u00e8 recata alla \u201c<strong>Casa Via di Natale<\/strong>&#8221; di Aviano, per consegnare il ricavato delle offerte lasciate dai visitatori del suo presepe di sassi.<\/p>\n<p>Carla inizia a lavorare verso met\u00e0 ottobre per realizzare quest&#8217;opera che ogni anno rinnova, creando una curiosit\u00e0 tale da invogliare chi l&#8217;ha gi\u00e0 visto a tornare per scoprire i nuovi cambiamenti.<\/p>\n<p>Un&#8217;opera d&#8217;arte unica con <span style=\"text-decoration: underline;\"><a href=\"https:\/\/imagazine.it\/home_desk\/inaugurato-il-presepe-con-i-sassi-del-torre\/\">protagonisti semplici sassi raccolti lungo le rive del torrente Torre<\/a><\/span> che, grazie alla maestria dell&#8217;artista, prendono vita e diventano i personaggi principali di questa rappresentazione della Nativit\u00e0.<\/p>\n<p>Molti visitatori sono giunti da diverse localit\u00e0 della regione per vedere questo presepe, inserito anche nel <em>Giro presepi FVG<\/em> della Pro loco regionale.<\/p>\n<p>La delegazione giunta da Campolongo Tapogliano ha incontrato la direttrice dell&#8217;Hospice &#8220;Casa Via di Natale&#8221;, <strong>Carmen Rosset Gallini<\/strong>, per consegnare tutte le offerte raccolte.<\/p>\n<p>La direttrice li ha accompagnati a visitare la struttura, sottolineando in particolare come l&#8217;Hospice offra gratuitamente ospitalit\u00e0 ai pazienti oncologici in cura presso il Centro Regionale Oncologico di Aviano e ai loro familiari dal 1989, prima nella Casa 1, e dal 1996 nella Casa 2.<\/p>\n<p>Ha inoltre evidenziato come migliaia di persone, ognuna con una storia ed esigenze uniche, trovino accoglienza nella struttura, dove viene garantita un&#8217;ospitalit\u00e0 personalizzata e un supporto completo a 360 gradi.<\/p>\n<p>Carla Peras ha quindi consegnato l&#8217;<strong>assegno<\/strong> <strong>di 1.400 euro<\/strong>, frutto del suo encomiabile impegno.<\/p>\n<p>Ora sta gi\u00e0 pensando a come preparare un traguardo importante: i 25 anni, le nozze d&#8217;argento, del suo presepe di sassi.<\/p>\n","protected":false},"excerpt":{"rendered":"<p>L&#8217;artista Carla Peras ha consegnato alla Via di Natale ad Aviano le offerte lasciate dai visitatori che ammirano ogni anno la sua opera<\/p>\n","protected":false},"author":22,"featured_media":62976,"comment_status":"closed","ping_status":"closed","sticky":false,"template":"","format":"image","meta":{"dwc-title":[""],"dwc-content":[""],"footnotes":""},"categories":[5],"tags":[376,1250,398,2322,145,377],"class_list":["post-62975","post","type-post","status-publish","format-image","has-post-thumbnail","hentry","category-attualita","tag-campolongo","tag-cro","tag-natale","tag-presepe","tag-solidarieta","tag-tapogliano","post_format-post-format-image"],"rttpg_featured_image_url":{"full":["https:\/\/imagazine.it\/wp-content\/uploads\/2025\/02\/consegna-ricavato02.jpg",1366,799,false],"landscape":["https:\/\/imagazine.it\/wp-content\/uploads\/2025\/02\/consegna-ricavato02.jpg",1366,799,false],"portraits":["https:\/\/imagazine.it\/wp-content\/uploads\/2025\/02\/consegna-ricavato02.jpg",1366,799,false],"thumbnail":["https:\/\/imagazine.it\/wp-content\/uploads\/2025\/02\/consegna-ricavato02-150x150.jpg",150,150,true],"medium":["https:\/\/imagazine.it\/wp-content\/uploads\/2025\/02\/consegna-ricavato02-300x175.jpg",300,175,true],"large":["https:\/\/imagazine.it\/wp-content\/uploads\/2025\/02\/consegna-ricavato02-1024x599.jpg",640,374,true],"thumblist":["https:\/\/imagazine.it\/wp-content\/uploads\/2025\/02\/consegna-ricavato02-300x300.jpg",300,300,true],"thumbrelated":["https:\/\/imagazine.it\/wp-content\/uploads\/2025\/02\/consegna-ricavato02-500x500.jpg",500,500,true],"meccarouselthumb":["https:\/\/imagazine.it\/wp-content\/uploads\/2025\/02\/consegna-ricavato02-474x324.jpg",474,324,true],"gridsquare":["https:\/\/imagazine.it\/wp-content\/uploads\/2025\/02\/consegna-ricavato02-391x260.jpg",391,260,true],"tileview":["https:\/\/imagazine.it\/wp-content\/uploads\/2025\/02\/consegna-ricavato02-300x400.jpg",300,400,true],"1536x1536":["https:\/\/imagazine.it\/wp-content\/uploads\/2025\/02\/consegna-ricavato02.jpg",1366,799,false],"2048x2048":["https:\/\/imagazine.it\/wp-content\/uploads\/2025\/02\/consegna-ricavato02.jpg",1366,799,false],"newsup-slider-full":["https:\/\/imagazine.it\/wp-content\/uploads\/2025\/02\/consegna-ricavato02-1280x720.jpg",1280,720,true],"newsup-featured":["https:\/\/imagazine.it\/wp-content\/uploads\/2025\/02\/consegna-ricavato02-1024x599.jpg",1024,599,true],"newsup-medium":["https:\/\/imagazine.it\/wp-content\/uploads\/2025\/02\/consegna-ricavato02-720x380.jpg",720,380,true],"tptn_thumbnail":["https:\/\/imagazine.it\/wp-content\/uploads\/2025\/02\/consegna-ricavato02-250x210.jpg",250,210,true],"sow-carousel-default":["https:\/\/imagazine.it\/wp-content\/uploads\/2025\/02\/consegna-ricavato02-272x182.jpg",272,182,true]},"rttpg_author":{"display_name":"Livio Nonis","author_link":"https:\/\/imagazine.it\/home_desk\/author\/nonis\/"},"rttpg_comment":0,"rttpg_category":"<a href=\"https:\/\/imagazine.it\/home_desk\/category\/attualita\/\" rel=\"category tag\">ATTUALIT\u00c0<\/a>","rttpg_excerpt":"L'artista Carla Peras ha consegnato alla Via di Natale ad Aviano le offerte lasciate dai visitatori che ammirano ogni anno la sua opera","_links":{"self":[{"href":"https:\/\/imagazine.it\/home_desk\/wp-json\/wp\/v2\/posts\/62975","targetHints":{"allow":["GET"]}}],"collection":[{"href":"https:\/\/imagazine.it\/home_desk\/wp-json\/wp\/v2\/posts"}],"about":[{"href":"https:\/\/imagazine.it\/home_desk\/wp-json\/wp\/v2\/types\/post"}],"author":[{"embeddable":true,"href":"https:\/\/imagazine.it\/home_desk\/wp-json\/wp\/v2\/users\/22"}],"replies":[{"embeddable":true,"href":"https:\/\/imagazine.it\/home_desk\/wp-json\/wp\/v2\/comments?post=62975"}],"version-history":[{"count":0,"href":"https:\/\/imagazine.it\/home_desk\/wp-json\/wp\/v2\/posts\/62975\/revisions"}],"wp:featuredmedia":[{"embeddable":true,"href":"https:\/\/imagazine.it\/home_desk\/wp-json\/wp\/v2\/media\/62976"}],"wp:attachment":[{"href":"https:\/\/imagazine.it\/home_desk\/wp-json\/wp\/v2\/media?parent=62975"}],"wp:term":[{"taxonomy":"category","embeddable":true,"href":"https:\/\/imagazine.it\/home_desk\/wp-json\/wp\/v2\/categories?post=62975"},{"taxonomy":"post_tag","embeddable":true,"href":"https:\/\/imagazine.it\/home_desk\/wp-json\/wp\/v2\/tags?post=62975"}],"curies":[{"name":"wp","href":"https:\/\/api.w.org\/{rel}","templated":true}]}}