{"id":62919,"date":"2025-02-18T15:35:30","date_gmt":"2025-02-18T14:35:30","guid":{"rendered":"https:\/\/imagazine.it\/home_desk\/?p=62919"},"modified":"2025-02-19T07:51:56","modified_gmt":"2025-02-19T06:51:56","slug":"monfalcone-nuovi-centri-gioco-per-bambini-2","status":"publish","type":"post","link":"https:\/\/imagazine.it\/home_desk\/monfalcone-nuovi-centri-gioco-per-bambini-2\/","title":{"rendered":"Monfalcone: nuovi centri gioco per bambini"},"content":{"rendered":"<p>MONFALCONE \u2013 Il Comune di Monfalcone conferma l\u2019attivazione dei <strong>centri gioco<\/strong> &#8220;<em>A Piccoli Passi<\/em>&#8221; e &#8220;<em>Giocando in Inglese<\/em>&#8220;, due servizi educativi gratuiti pensati per i pi\u00f9 piccoli.<\/p>\n<p>&#8220;L\u2019avvio dei centri gioco, che coinvolge entrambi i nidi comunali, rappresenta un supporto del Comune alle famiglie, per affiancarle nel percorso di crescita dei bimbi pi\u00f9 piccoli\u201d, afferma l\u2019assessore comunale all\u2019Educazione, <strong>Tiziana Maioretto<\/strong>.<\/p>\n<p>Il progetto dei centri gioco \u00e8 <strong>destinato ai bambini dai 3 ai 36 mesi<\/strong>.<\/p>\n<p>Il centro gioco &#8220;<em>A Piccoli Passi<\/em>&#8221; si rivolge ai bambini dai 3 ai 14 mesi che non frequentano il nido d\u2019infanzia e offre uno spazio di incontro per genitori e figli, favorendo il gioco e la relazione in un ambiente dedicato.<\/p>\n<p>Le famiglie potranno confrontarsi con educatrici esperte su tematiche legate alla crescita e al ruolo genitoriale.<\/p>\n<p>Il servizio, coordinato dal nido d\u2019infanzia comunale, si svolger\u00e0 presso la <strong>struttura &#8220;La Tana dei Cuccioli&#8221;<\/strong>, in via Cosulich 43, <strong>ogni gioved\u00ec dalle 16.30 alle 18<\/strong>, con un ciclo di <strong>dieci incontri<\/strong> previsti <strong>da marzo a giugno<\/strong>.<\/p>\n<p>L\u2019ambiente che accoglier\u00e0 i bimbi e le loro famiglie sar\u00e0 strutturato con aree specifiche per il relax, la pappa, l\u2019allattamento e il gioco motorio.<\/p>\n<p>Particolare attenzione \u00e8 riservata al <strong>dialogo tra i genitori<\/strong>, che potranno condividere esperienze su temi come il parto, l\u2019allattamento e lo svezzamento.<\/p>\n<p>Il servizio \u00e8 gratuito, previa iscrizione, e riservato prioritariamente agli utenti in lista d\u2019attesa per il nido d\u2019infanzia nell\u2019anno educativo 2024-25 e ai residenti nel Comune di Monfalcone.<\/p>\n<p>\u00c8 invece destinato ai bambini dai 15 ai 36 mesi il centro gioco &#8220;Giocando in Inglese&#8221;, che offre un <strong>approccio naturale alla lingua inglese<\/strong> tramite il gioco e l\u2019interazione.<\/p>\n<p>Realizzato in collaborazione con la Cooperativa Arca del Beb\u00e8, il progetto punta a stimolare le capacit\u00e0 linguistiche dei bambini con attivit\u00e0 coinvolgenti e dinamiche.<\/p>\n<p>Gli incontri si svolgeranno presso il <strong>nido d\u2019infanzia &#8220;Albero Azzurro&#8221;<\/strong>, in via Tagliamento 24, <strong>ogni marted\u00ec dalle 16.30 alle 18<\/strong>, da marzo a maggio, per un totale di <strong>dieci appuntamenti<\/strong>.<\/p>\n<p>Attraverso canzoni, giochi motori e attivit\u00e0 di gruppo, i bambini potranno familiarizzare con i suoni e le espressioni della lingua inglese in un contesto ludico e accogliente.<\/p>\n<p>Anche questo servizio \u00e8 gratuito previa iscrizione, con priorit\u00e0 per i bimbi gi\u00e0 frequentanti i nidi comunali e, successivamente, per i residenti in lista d\u2019attesa e gli altri cittadini monfalconesi.<\/p>\n<p>Entrambi i progetti prevedono una frequenza minima del 70% degli incontri programmati.<\/p>\n<p>Sar\u00e0 possibile effettuare le <strong>iscrizioni da gioved\u00ec 20 febbraio fino a luned\u00ec 3 marzo<\/strong> inviando una mail all\u2019indirizzo PEC\u00a0<a href=\"mailto:comune.monfalcone@certgov.fvg.it\">comune.monfalcone@certgov.fvg.it<\/a>, utilizzando esclusivamente la relativa modulistica, che sar\u00e0 pubblicata il giorno di apertura delle iscrizioni sul <span style=\"text-decoration: underline;\"><a href=\"https:\/\/www.comune.monfalcone.go.it\/it\/servizi-220903\" target=\"_blank\" rel=\"noopener\">sito del Comune di Monfalcone<\/a><\/span>.<\/p>\n","protected":false},"excerpt":{"rendered":"<p>Operativi da marzo. Destinati alle fasce da 3 a 36 mesi. Coinvolti entrambi i nidi comunali. Spazio anche all&#8217;inglese<\/p>\n","protected":false},"author":28,"featured_media":62920,"comment_status":"closed","ping_status":"closed","sticky":false,"template":"","format":"image","meta":{"dwc-title":[""],"dwc-content":[""],"footnotes":""},"categories":[5],"tags":[2298,198,330,1230,51,1723],"class_list":["post-62919","post","type-post","status-publish","format-image","has-post-thumbnail","hentry","category-attualita","tag-asilo","tag-educazione","tag-famiglie","tag-infanzia","tag-monfalcone","tag-servizi","post_format-post-format-image"],"rttpg_featured_image_url":{"full":["https:\/\/imagazine.it\/wp-content\/uploads\/2025\/02\/asilo.jpg",1366,807,false],"landscape":["https:\/\/imagazine.it\/wp-content\/uploads\/2025\/02\/asilo.jpg",1366,807,false],"portraits":["https:\/\/imagazine.it\/wp-content\/uploads\/2025\/02\/asilo.jpg",1366,807,false],"thumbnail":["https:\/\/imagazine.it\/wp-content\/uploads\/2025\/02\/asilo-150x150.jpg",150,150,true],"medium":["https:\/\/imagazine.it\/wp-content\/uploads\/2025\/02\/asilo-300x177.jpg",300,177,true],"large":["https:\/\/imagazine.it\/wp-content\/uploads\/2025\/02\/asilo-1024x605.jpg",640,378,true],"thumblist":["https:\/\/imagazine.it\/wp-content\/uploads\/2025\/02\/asilo-300x300.jpg",300,300,true],"thumbrelated":["https:\/\/imagazine.it\/wp-content\/uploads\/2025\/02\/asilo-500x500.jpg",500,500,true],"meccarouselthumb":["https:\/\/imagazine.it\/wp-content\/uploads\/2025\/02\/asilo-474x324.jpg",474,324,true],"gridsquare":["https:\/\/imagazine.it\/wp-content\/uploads\/2025\/02\/asilo-391x260.jpg",391,260,true],"tileview":["https:\/\/imagazine.it\/wp-content\/uploads\/2025\/02\/asilo-300x400.jpg",300,400,true],"1536x1536":["https:\/\/imagazine.it\/wp-content\/uploads\/2025\/02\/asilo.jpg",1366,807,false],"2048x2048":["https:\/\/imagazine.it\/wp-content\/uploads\/2025\/02\/asilo.jpg",1366,807,false],"newsup-slider-full":["https:\/\/imagazine.it\/wp-content\/uploads\/2025\/02\/asilo-1280x720.jpg",1280,720,true],"newsup-featured":["https:\/\/imagazine.it\/wp-content\/uploads\/2025\/02\/asilo-1024x605.jpg",1024,605,true],"newsup-medium":["https:\/\/imagazine.it\/wp-content\/uploads\/2025\/02\/asilo-720x380.jpg",720,380,true],"tptn_thumbnail":["https:\/\/imagazine.it\/wp-content\/uploads\/2025\/02\/asilo-250x210.jpg",250,210,true],"sow-carousel-default":["https:\/\/imagazine.it\/wp-content\/uploads\/2025\/02\/asilo-272x182.jpg",272,182,true]},"rttpg_author":{"display_name":"redazione","author_link":"https:\/\/imagazine.it\/home_desk\/author\/redazione\/"},"rttpg_comment":0,"rttpg_category":"<a href=\"https:\/\/imagazine.it\/home_desk\/category\/attualita\/\" rel=\"category tag\">ATTUALIT\u00c0<\/a>","rttpg_excerpt":"Operativi da marzo. Destinati alle fasce da 3 a 36 mesi. Coinvolti entrambi i nidi comunali. Spazio anche all'inglese","_links":{"self":[{"href":"https:\/\/imagazine.it\/home_desk\/wp-json\/wp\/v2\/posts\/62919","targetHints":{"allow":["GET"]}}],"collection":[{"href":"https:\/\/imagazine.it\/home_desk\/wp-json\/wp\/v2\/posts"}],"about":[{"href":"https:\/\/imagazine.it\/home_desk\/wp-json\/wp\/v2\/types\/post"}],"author":[{"embeddable":true,"href":"https:\/\/imagazine.it\/home_desk\/wp-json\/wp\/v2\/users\/28"}],"replies":[{"embeddable":true,"href":"https:\/\/imagazine.it\/home_desk\/wp-json\/wp\/v2\/comments?post=62919"}],"version-history":[{"count":0,"href":"https:\/\/imagazine.it\/home_desk\/wp-json\/wp\/v2\/posts\/62919\/revisions"}],"wp:featuredmedia":[{"embeddable":true,"href":"https:\/\/imagazine.it\/home_desk\/wp-json\/wp\/v2\/media\/62920"}],"wp:attachment":[{"href":"https:\/\/imagazine.it\/home_desk\/wp-json\/wp\/v2\/media?parent=62919"}],"wp:term":[{"taxonomy":"category","embeddable":true,"href":"https:\/\/imagazine.it\/home_desk\/wp-json\/wp\/v2\/categories?post=62919"},{"taxonomy":"post_tag","embeddable":true,"href":"https:\/\/imagazine.it\/home_desk\/wp-json\/wp\/v2\/tags?post=62919"}],"curies":[{"name":"wp","href":"https:\/\/api.w.org\/{rel}","templated":true}]}}