{"id":62903,"date":"2025-02-18T11:11:02","date_gmt":"2025-02-18T10:11:02","guid":{"rendered":"https:\/\/imagazine.it\/home_desk\/?p=62903"},"modified":"2025-02-18T11:11:38","modified_gmt":"2025-02-18T10:11:38","slug":"studio-musica-laboratori-il-ricreatorio-investe-in-formazione","status":"publish","type":"post","link":"https:\/\/imagazine.it\/home_desk\/studio-musica-laboratori-il-ricreatorio-investe-in-formazione\/","title":{"rendered":"Studio e laboratori: il Ricreatorio investe in formazione"},"content":{"rendered":"<p><span style=\"font-size: 10pt;\"><em>Attivit\u00e0 al Rikstoro<\/em><\/span><\/p>\n<p>CERVIGNANO DEL FRIULI \u2013 Il <strong>Ricreatorio San Michele<\/strong> amplia l&#8217;offerta educativa per i giovani frequentatori.<\/p>\n<p>Attraverso un investimento mirato di risorse economiche e umane approvato dal Consiglio direttivo verr\u00e0 potenziato il <strong>progetto \u201cRikstoro\u201d<\/strong>.<\/p>\n<p>Al suo interno sar\u00e0 infatti presente <strong>Stefano Clemente<\/strong>, educatore professionale con esperienza, che andr\u00e0 a supportare il gruppo di volontari gi\u00e0 attivi.<\/p>\n<p>La sua presenza sar\u00e0 fondamentale per creare nuove sinergie con i ragazzi, offrendo loro ulteriori spazi di crescita e condivisione.<\/p>\n<p>Clemente avr\u00e0 un ruolo attivo nel <strong>supporto allo studio<\/strong>, aiutando i ragazzi a svolgere i compiti per casa.<\/p>\n<p>Inoltre, avr\u00e0 il compito di arricchire il progetto educativo con attivit\u00e0 musicali e laboratoriali, ampliando cos\u00ec l&#8217;offerta formativa del Ricreatorio.<\/p>\n<p>Il Ricreatorio San Michele si trova in via Mercato 1 a Cervignano ed \u00e8 aperto da luned\u00ec al venerd\u00ec dalle 14 alle 18.<\/p>\n","protected":false},"excerpt":{"rendered":"<p>Un educatore professionale coordiner\u00e0 l&#8217;attivit\u00e0 dei volontari, con l&#8217;obiettivo di aiutare i giovani nei compiti e promuovendo nuove proposte<\/p>\n","protected":false},"author":22,"featured_media":62904,"comment_status":"closed","ping_status":"closed","sticky":false,"template":"","format":"image","meta":{"dwc-title":[""],"dwc-content":[""],"footnotes":""},"categories":[5],"tags":[119,198,400,83,526],"class_list":["post-62903","post","type-post","status-publish","format-image","has-post-thumbnail","hentry","category-attualita","tag-cervignano","tag-educazione","tag-formazione","tag-giovani","tag-ricreatorio","post_format-post-format-image"],"rttpg_featured_image_url":{"full":["https:\/\/imagazine.it\/wp-content\/uploads\/2025\/02\/rickeratorio-04.jpg",1366,888,false],"landscape":["https:\/\/imagazine.it\/wp-content\/uploads\/2025\/02\/rickeratorio-04.jpg",1366,888,false],"portraits":["https:\/\/imagazine.it\/wp-content\/uploads\/2025\/02\/rickeratorio-04.jpg",1366,888,false],"thumbnail":["https:\/\/imagazine.it\/wp-content\/uploads\/2025\/02\/rickeratorio-04-150x150.jpg",150,150,true],"medium":["https:\/\/imagazine.it\/wp-content\/uploads\/2025\/02\/rickeratorio-04-300x195.jpg",300,195,true],"large":["https:\/\/imagazine.it\/wp-content\/uploads\/2025\/02\/rickeratorio-04-1024x666.jpg",640,416,true],"thumblist":["https:\/\/imagazine.it\/wp-content\/uploads\/2025\/02\/rickeratorio-04-300x300.jpg",300,300,true],"thumbrelated":["https:\/\/imagazine.it\/wp-content\/uploads\/2025\/02\/rickeratorio-04-500x500.jpg",500,500,true],"meccarouselthumb":["https:\/\/imagazine.it\/wp-content\/uploads\/2025\/02\/rickeratorio-04-474x324.jpg",474,324,true],"gridsquare":["https:\/\/imagazine.it\/wp-content\/uploads\/2025\/02\/rickeratorio-04-391x260.jpg",391,260,true],"tileview":["https:\/\/imagazine.it\/wp-content\/uploads\/2025\/02\/rickeratorio-04-300x400.jpg",300,400,true],"1536x1536":["https:\/\/imagazine.it\/wp-content\/uploads\/2025\/02\/rickeratorio-04.jpg",1366,888,false],"2048x2048":["https:\/\/imagazine.it\/wp-content\/uploads\/2025\/02\/rickeratorio-04.jpg",1366,888,false],"newsup-slider-full":["https:\/\/imagazine.it\/wp-content\/uploads\/2025\/02\/rickeratorio-04-1280x720.jpg",1280,720,true],"newsup-featured":["https:\/\/imagazine.it\/wp-content\/uploads\/2025\/02\/rickeratorio-04-1024x666.jpg",1024,666,true],"newsup-medium":["https:\/\/imagazine.it\/wp-content\/uploads\/2025\/02\/rickeratorio-04-720x380.jpg",720,380,true],"tptn_thumbnail":["https:\/\/imagazine.it\/wp-content\/uploads\/2025\/02\/rickeratorio-04-250x210.jpg",250,210,true],"sow-carousel-default":["https:\/\/imagazine.it\/wp-content\/uploads\/2025\/02\/rickeratorio-04-272x182.jpg",272,182,true]},"rttpg_author":{"display_name":"Livio Nonis","author_link":"https:\/\/imagazine.it\/home_desk\/author\/nonis\/"},"rttpg_comment":0,"rttpg_category":"<a href=\"https:\/\/imagazine.it\/home_desk\/category\/attualita\/\" rel=\"category tag\">ATTUALIT\u00c0<\/a>","rttpg_excerpt":"Un educatore professionale coordiner\u00e0 l'attivit\u00e0 dei volontari, con l'obiettivo di aiutare i giovani nei compiti e promuovendo nuove proposte","_links":{"self":[{"href":"https:\/\/imagazine.it\/home_desk\/wp-json\/wp\/v2\/posts\/62903","targetHints":{"allow":["GET"]}}],"collection":[{"href":"https:\/\/imagazine.it\/home_desk\/wp-json\/wp\/v2\/posts"}],"about":[{"href":"https:\/\/imagazine.it\/home_desk\/wp-json\/wp\/v2\/types\/post"}],"author":[{"embeddable":true,"href":"https:\/\/imagazine.it\/home_desk\/wp-json\/wp\/v2\/users\/22"}],"replies":[{"embeddable":true,"href":"https:\/\/imagazine.it\/home_desk\/wp-json\/wp\/v2\/comments?post=62903"}],"version-history":[{"count":0,"href":"https:\/\/imagazine.it\/home_desk\/wp-json\/wp\/v2\/posts\/62903\/revisions"}],"wp:featuredmedia":[{"embeddable":true,"href":"https:\/\/imagazine.it\/home_desk\/wp-json\/wp\/v2\/media\/62904"}],"wp:attachment":[{"href":"https:\/\/imagazine.it\/home_desk\/wp-json\/wp\/v2\/media?parent=62903"}],"wp:term":[{"taxonomy":"category","embeddable":true,"href":"https:\/\/imagazine.it\/home_desk\/wp-json\/wp\/v2\/categories?post=62903"},{"taxonomy":"post_tag","embeddable":true,"href":"https:\/\/imagazine.it\/home_desk\/wp-json\/wp\/v2\/tags?post=62903"}],"curies":[{"name":"wp","href":"https:\/\/api.w.org\/{rel}","templated":true}]}}