{"id":62884,"date":"2025-02-17T17:59:22","date_gmt":"2025-02-17T16:59:22","guid":{"rendered":"https:\/\/imagazine.it\/home_desk\/?p=62884"},"modified":"2025-02-17T17:59:22","modified_gmt":"2025-02-17T16:59:22","slug":"amministrative-fvg-orari-ampliati-per-la-pasqua-ebraica","status":"publish","type":"post","link":"https:\/\/imagazine.it\/home_desk\/amministrative-fvg-orari-ampliati-per-la-pasqua-ebraica\/","title":{"rendered":"Amministrative FVG: orari ampliati per la Pasqua Ebraica"},"content":{"rendered":"<p><span style=\"font-size: 10pt;\"><em>L\u2019assessore regionale alle Autonomie locali, Pierpaolo Roberti (ph. Regione FVG)<\/em><\/span><\/p>\n<p>TRIESTE \u2013 Il Consiglio regionale del Friuli Venezia Giulia ha approvato il disegno di legge regionale urgente che <strong>modifica l&#8217;orario di votazione di domenica 13 e luned\u00ec 14 aprile<\/strong>.<\/p>\n<p>In entrambe le giornate i <strong>seggi resteranno aperti dalle ore 7 alle ore 22<\/strong>.<\/p>\n<p>\u201cCi\u00f2 metter\u00e0 anche gli appartenenti alla Comunit\u00e0 ebraica nella condizione di partecipare come tutti gli altri cittadini alle consultazioni elettorali&#8221;, ha motivato l&#8217;assessore regionale alle Autonomie locali, <strong>Pierpaolo Roberti<\/strong>.<\/p>\n<p>Nel corso della seduta \u00e8 stato ricordato che quest&#8217;anno la Pasqua ebraica coincide con le giornate per le quali, con la deliberazione della Giunta regionale n. 150 del 7 febbraio scorso, sono state fissate le elezioni degli organi dei Comuni del Friuli Venezia Giulia il cui rinnovo \u00e8 previsto nel 2025: <strong>Pordenone, Monfalcone, Nimis e San Pier d&#8217;Isonzo<\/strong>.<\/p>\n<p>Lo <strong>spoglio<\/strong> avr\u00e0 inizio la mattina di <strong>marted\u00ec 15 aprile a partire dalle 8<\/strong>.<\/p>\n<p>L&#8217;eventuale <strong>turno di ballottaggio<\/strong> per l&#8217;elezione diretta dei sindaci nei Comuni con popolazione superiore ai 15mila residenti (Pordenone e Monfalcone) avr\u00e0 luogo invece nelle giornate di <strong>domenica 27 e luned\u00ec 28 aprile<\/strong>.<\/p>\n<p><iframe loading=\"lazy\" title=\"Nuovo orario elezioni amministrative\" width=\"640\" height=\"360\" src=\"https:\/\/www.youtube.com\/embed\/e4kkbFLMXtM?feature=oembed\" frameborder=\"0\" allow=\"accelerometer; autoplay; clipboard-write; encrypted-media; gyroscope; picture-in-picture; web-share\" referrerpolicy=\"strict-origin-when-cross-origin\" allowfullscreen><\/iframe><\/p>\n","protected":false},"excerpt":{"rendered":"<p>Sia domenica 13 che luned\u00ec 14 aprile seggi aperti dalle 7 alle 22 dopo il via libera da parte del Consiglio regionale<\/p>\n","protected":false},"author":28,"featured_media":62885,"comment_status":"closed","ping_status":"closed","sticky":false,"template":"","format":"image","meta":{"dwc-title":[""],"dwc-content":[""],"footnotes":""},"categories":[5],"tags":[2792,935,51,275,2793],"class_list":["post-62884","post","type-post","status-publish","format-image","has-post-thumbnail","hentry","category-attualita","tag-amministrative","tag-elezioni","tag-monfalcone","tag-pordenone","tag-voto","post_format-post-format-image"],"rttpg_featured_image_url":{"full":["https:\/\/imagazine.it\/wp-content\/uploads\/2025\/02\/roberti-amministrative.jpg",1366,762,false],"landscape":["https:\/\/imagazine.it\/wp-content\/uploads\/2025\/02\/roberti-amministrative.jpg",1366,762,false],"portraits":["https:\/\/imagazine.it\/wp-content\/uploads\/2025\/02\/roberti-amministrative.jpg",1366,762,false],"thumbnail":["https:\/\/imagazine.it\/wp-content\/uploads\/2025\/02\/roberti-amministrative-150x150.jpg",150,150,true],"medium":["https:\/\/imagazine.it\/wp-content\/uploads\/2025\/02\/roberti-amministrative-300x167.jpg",300,167,true],"large":["https:\/\/imagazine.it\/wp-content\/uploads\/2025\/02\/roberti-amministrative-1024x571.jpg",640,357,true],"thumblist":["https:\/\/imagazine.it\/wp-content\/uploads\/2025\/02\/roberti-amministrative-300x300.jpg",300,300,true],"thumbrelated":["https:\/\/imagazine.it\/wp-content\/uploads\/2025\/02\/roberti-amministrative-500x500.jpg",500,500,true],"meccarouselthumb":["https:\/\/imagazine.it\/wp-content\/uploads\/2025\/02\/roberti-amministrative-474x324.jpg",474,324,true],"gridsquare":["https:\/\/imagazine.it\/wp-content\/uploads\/2025\/02\/roberti-amministrative-391x260.jpg",391,260,true],"tileview":["https:\/\/imagazine.it\/wp-content\/uploads\/2025\/02\/roberti-amministrative-300x400.jpg",300,400,true],"1536x1536":["https:\/\/imagazine.it\/wp-content\/uploads\/2025\/02\/roberti-amministrative.jpg",1366,762,false],"2048x2048":["https:\/\/imagazine.it\/wp-content\/uploads\/2025\/02\/roberti-amministrative.jpg",1366,762,false],"newsup-slider-full":["https:\/\/imagazine.it\/wp-content\/uploads\/2025\/02\/roberti-amministrative-1280x720.jpg",1280,720,true],"newsup-featured":["https:\/\/imagazine.it\/wp-content\/uploads\/2025\/02\/roberti-amministrative-1024x571.jpg",1024,571,true],"newsup-medium":["https:\/\/imagazine.it\/wp-content\/uploads\/2025\/02\/roberti-amministrative-720x380.jpg",720,380,true],"tptn_thumbnail":["https:\/\/imagazine.it\/wp-content\/uploads\/2025\/02\/roberti-amministrative-250x210.jpg",250,210,true],"sow-carousel-default":["https:\/\/imagazine.it\/wp-content\/uploads\/2025\/02\/roberti-amministrative-272x182.jpg",272,182,true]},"rttpg_author":{"display_name":"redazione","author_link":"https:\/\/imagazine.it\/home_desk\/author\/redazione\/"},"rttpg_comment":0,"rttpg_category":"<a href=\"https:\/\/imagazine.it\/home_desk\/category\/attualita\/\" rel=\"category tag\">ATTUALIT\u00c0<\/a>","rttpg_excerpt":"Sia domenica 13 che luned\u00ec 14 aprile seggi aperti dalle 7 alle 22 dopo il via libera da parte del Consiglio regionale","_links":{"self":[{"href":"https:\/\/imagazine.it\/home_desk\/wp-json\/wp\/v2\/posts\/62884","targetHints":{"allow":["GET"]}}],"collection":[{"href":"https:\/\/imagazine.it\/home_desk\/wp-json\/wp\/v2\/posts"}],"about":[{"href":"https:\/\/imagazine.it\/home_desk\/wp-json\/wp\/v2\/types\/post"}],"author":[{"embeddable":true,"href":"https:\/\/imagazine.it\/home_desk\/wp-json\/wp\/v2\/users\/28"}],"replies":[{"embeddable":true,"href":"https:\/\/imagazine.it\/home_desk\/wp-json\/wp\/v2\/comments?post=62884"}],"version-history":[{"count":0,"href":"https:\/\/imagazine.it\/home_desk\/wp-json\/wp\/v2\/posts\/62884\/revisions"}],"wp:featuredmedia":[{"embeddable":true,"href":"https:\/\/imagazine.it\/home_desk\/wp-json\/wp\/v2\/media\/62885"}],"wp:attachment":[{"href":"https:\/\/imagazine.it\/home_desk\/wp-json\/wp\/v2\/media?parent=62884"}],"wp:term":[{"taxonomy":"category","embeddable":true,"href":"https:\/\/imagazine.it\/home_desk\/wp-json\/wp\/v2\/categories?post=62884"},{"taxonomy":"post_tag","embeddable":true,"href":"https:\/\/imagazine.it\/home_desk\/wp-json\/wp\/v2\/tags?post=62884"}],"curies":[{"name":"wp","href":"https:\/\/api.w.org\/{rel}","templated":true}]}}