{"id":62846,"date":"2025-02-17T11:35:37","date_gmt":"2025-02-17T10:35:37","guid":{"rendered":"https:\/\/imagazine.it\/home_desk\/?p=62846"},"modified":"2025-02-18T12:52:16","modified_gmt":"2025-02-18T11:52:16","slug":"teodora-kapinkovska-suonando-la-vita","status":"publish","type":"post","link":"https:\/\/imagazine.it\/home_desk\/teodora-kapinkovska-suonando-la-vita\/","title":{"rendered":"Teodora Kapinkovska: suonando la vita"},"content":{"rendered":"<p><em><span style=\"font-size: 10pt;\">Teodora Kapinkovska<\/span><\/em><\/p>\n<p>TRIESTE \u2013 A 25 anni ha gi\u00e0 vinto numerosi premi. Dalle prime esperienze musicali nella su Bitola, in Macedonia, <strong>Teodora Kapinkovska <\/strong>(<span style=\"text-decoration: underline;\"><a href=\"https:\/\/imagazine.it\/riviste\/?ref=25\">donna copertina di <em>iMagazine<\/em><\/a><\/span>) ne ha fatta di strada.<\/p>\n<p>Ma il tragitto \u00e8 pronto a riservare nuove sfide.<\/p>\n<p>Dopo un decennio a <strong>Trieste <\/strong>con il suo entusiasmante percorso all\u2019interno del <strong>Conservatorio Tartini<\/strong>, la talentuosa pianista macedone \u00e8 ormai un astro luminoso del panorama musicale.<\/p>\n<p>Come dimostrano i successi ottenuti in diversi concorsi del nostro territorio. Ma, come anticipa in questa intervista esclusiva, il suo percorso di crescita prosegue lungo direttrici internazionali.<\/p>\n<p><strong>Teodora, come \u00e8 nata la sua passione per la musica?<\/strong><\/p>\n<p>\u00abLa musica, in tutte le sue forme, \u00e8 sempre stata parte integrante della mia vita. Questo amore \u00e8 nato grazie a mia mamma, che fin da piccola mi portava ai concerti e agli spettacoli dei festival per bambini. Se mi addormentavo durante la prima esibizione, mi riportava a vedere la seconda. Quando finalmente mi sono iscritta alla scuola di musica, l\u2019approccio \u00e8 stato del tutto naturale. Se oggi faccio quello che faccio, lo devo ai miei genitori e al loro sostegno incondizionato\u00bb.<\/p>\n<p><strong>Quando \u00e8 giunta a Trieste?<\/strong><\/p>\n<p>\u00abNel 2011 ho avuto la fortuna di incontrare una delle persone pi\u00f9 importanti per la mia vita e il mio percorso musicale: la professoressa Teresa Trevisan. Era venuta nella mia citt\u00e0 natale, Bitola, come membro della giuria di un concorso pianistico, dove mi \u00e8 stato assegnato il primo premio assoluto e una borsa di studio in onore di suo fratello Filippo. Sin dal primo momento si \u00e8 creata una connessione speciale, e due anni dopo mi sono trovata davanti alle porte del Conservatorio Tartini per la prima volta\u00bb.<\/p>\n<p><strong>Come si trova a Trieste?<\/strong><\/p>\n<p>\u00abTrieste \u00e8 per me una casa lontana da casa. \u00c8 una citt\u00e0 meravigliosa che mi ha dato tanto, non solo per le sue bellezze, ma anche per la sua posizione strategica, che mi permette di essere in contatto con i principali centri musicali europei. Dopo ore e ore di studio, le passeggiate lungo il mare, respirando la sua aria fresca, sono davvero preziose. Non la scambierei con nessun\u2019altra citt\u00e0\u00bb.<\/p>\n<p><strong>Quali sono i luoghi della citt\u00e0 che pi\u00f9 le piacciono?<\/strong><\/p>\n<p>\u00abSono particolarmente legata alle passeggiate sul lungomare di Barcola. Mi trasmettono un senso di calma e lucidit\u00e0, permettendomi di staccare dalla frenesia quotidiana e ritrovare la serenit\u00e0 interiore\u00bb.<\/p>\n<figure id=\"attachment_62847\" aria-describedby=\"caption-attachment-62847\" style=\"width: 1000px\" class=\"wp-caption aligncenter\"><img loading=\"lazy\" decoding=\"async\" class=\"size-full wp-image-62847\" src=\"https:\/\/imagazine.it\/wp-content\/uploads\/2025\/02\/low_IMG_0059.jpg\" alt=\"\" width=\"1000\" height=\"667\" title=\"\" srcset=\"https:\/\/imagazine.it\/wp-content\/uploads\/2025\/02\/low_IMG_0059.jpg 1000w, https:\/\/imagazine.it\/wp-content\/uploads\/2025\/02\/low_IMG_0059-300x200.jpg 300w, https:\/\/imagazine.it\/wp-content\/uploads\/2025\/02\/low_IMG_0059-768x512.jpg 768w, https:\/\/imagazine.it\/wp-content\/uploads\/2025\/02\/low_IMG_0059-391x260.jpg 391w, https:\/\/imagazine.it\/wp-content\/uploads\/2025\/02\/low_IMG_0059-272x182.jpg 272w\" sizes=\"auto, (max-width: 1000px) 100vw, 1000px\" \/><figcaption id=\"caption-attachment-62847\" class=\"wp-caption-text\">Teodora Kapinkovska al pianoforte<\/figcaption><\/figure>\n<p><strong>Quanto tempo dedica ogni giorno alla musica?<\/strong><\/p>\n<p>\u00ab\u00c8 meraviglioso poter trasformare la propria passione in un lavoro, ma questo significa anche non avere mai orari fissi. La musica non rimane confinata al \u201cluogo di lavoro\u201d, ma ci segue ovunque, anche a casa. \u00c8 il mio primo obiettivo al mattino e l\u2019ultimo pensiero prima di andare a dormire. Il tempo che dedico allo studio varia in base agli impegni e al punto in cui mi trovo con il programma. Ad esempio, affrontare un nuovo pezzo per la prima volta richiede pi\u00f9 attenzione e tempo rispetto a quando il programma \u00e8 gi\u00e0 ben consolidato. In ogni caso, la ricerca non finisce mai\u00bb.<\/p>\n<p><strong>Cosa prova quando suona?<\/strong><\/p>\n<p>\u00abLa bellezza della musica sta nel fatto che ogni volta che la suoniamo o la ascoltiamo viviamo un\u2019esperienza diversa. La musica che eseguiamo \u00e8 lo specchio della nostra anima. I veri musicisti non eseguono mai un brano nello stesso modo due volte: ogni interpretazione riflette il momento presente, le emozioni che stiamo vivendo, siano esse amore, felicit\u00e0 o tristezza. E lo strumento, in risposta, sa sempre come dialogare con noi nel modo giusto\u00bb.<\/p>\n<p><strong>\u00c8 stata allieva di importanti musicisti. A chi \u00e8 particolarmente legata?<\/strong><\/p>\n<p>\u00abOgni insegnante che ho avuto \u00e8 stato prezioso per la mia formazione. Ci\u00f2 che sono oggi e il mio bagaglio musicale lo devo a tutti i maestri che mi hanno accompagnato. Detto questo, ci sono due persone che sono state davvero cruciali per il mio percorso. La mia prima insegnante, Margarita Tatarcevska, mi ha insegnato l\u2019importanza della costanza e della disciplina, trasmettendomi anche l\u2019amore per ci\u00f2 che faccio. La seconda \u00e8 la professoressa Teresa Trevisan, che \u00e8 tuttora la mia insegnante, ma non solo. \u00c8 una persona straordinaria: un esempio umano, una mentore che mi guida e mi ricorda di non arrendermi mai, e un\u2019amica per la vita\u00bb.<\/p>\n<p><strong>Qual \u00e8 l\u2019insegnamento che si \u00e8 rivelato per lei pi\u00f9 importante?<\/strong><\/p>\n<p>\u00abIl lavoro, lo studio e il tempo dedicato alla ricerca non sono mai sprecati. \u00c8 fondamentale rimanere sempre fedeli a se stessi, mantenere i piedi per terra e continuare a riprovare, senza mai rinunciare\u00bb.<\/p>\n<p><strong>Lei ha vinto diversi premi in numerosi concorsi: suonare di fronte al pubblico che emozioni le d\u00e0? <\/strong><\/p>\n<p>\u00abEssere sotto i riflettori ed esprimere attraverso la musica ci\u00f2 che le parole spesso non riescono a spiegare \u00e8 una delle emozioni pi\u00f9 uniche. Ogni volta \u00e8 emozionante come la precedente. Ogni pubblico \u00e8 diverso e trasmette un\u2019energia differente. Parlare con le persone dopo i concerti e vedere nei loro occhi che sono riuscita a comunicare il mio amore per ci\u00f2 che faccio \u00e8 qualcosa di prezioso. Il pianoforte \u00e8 il mio spazio sacro: mi fa sentire al sicuro, un luogo dove posso essere veramente me stessa, vivere pienamente l\u2019attimo e sentire ogni emozione amplificata al massimo\u00bb.<\/p>\n<p><strong>Com\u2019\u00e8 stato il suo primo concerto? <\/strong><\/p>\n<p>\u00abQuando si \u00e8 piccoli, la responsabilit\u00e0 \u00e8 minore e il divertimento \u00e8 maggiore. Prima del concerto d\u2019esordio, mentre camminavo verso la sala con la mia insegnante, passammo vicino a un condotto scoperto, dove si stavano facendo dei lavori, e finii per cadere. Mi ricordo ancora come lei mi sollev\u00f2 mentre avevo la gamba sanguinante. La cosa che mi chiese fu: \u201c<em>Come sono le mani?<\/em>\u201d L\u2019adrenalina superava il dolore. Una volta suonato, il primo applauso del pubblico, la nostra prima comunicazione non verbale, mi fece capire che quella sensazione la volevo rivivere, ancora e ancora, nel mio futuro\u00bb.<\/p>\n<figure id=\"attachment_62848\" aria-describedby=\"caption-attachment-62848\" style=\"width: 640px\" class=\"wp-caption aligncenter\"><img loading=\"lazy\" decoding=\"async\" class=\"size-large wp-image-62848\" src=\"https:\/\/imagazine.it\/wp-content\/uploads\/2025\/02\/low_IMG_6417-763x1024.jpg\" alt=\"\" width=\"640\" height=\"859\" title=\"\" srcset=\"https:\/\/imagazine.it\/wp-content\/uploads\/2025\/02\/low_IMG_6417-763x1024.jpg 763w, https:\/\/imagazine.it\/wp-content\/uploads\/2025\/02\/low_IMG_6417-224x300.jpg 224w, https:\/\/imagazine.it\/wp-content\/uploads\/2025\/02\/low_IMG_6417-768x1030.jpg 768w, https:\/\/imagazine.it\/wp-content\/uploads\/2025\/02\/low_IMG_6417.jpg 800w\" sizes=\"auto, (max-width: 640px) 100vw, 640px\" \/><figcaption id=\"caption-attachment-62848\" class=\"wp-caption-text\">Teodora Kapinkovska<\/figcaption><\/figure>\n<p><strong>Lei suona brani di grandi interpreti: qual \u00e8 l\u2019autore che pi\u00f9 le piace suonare?<\/strong><\/p>\n<p>\u00abOgni genere ha la sua bellezza. Mi diverto tanto a suonare brani del Classicismo e mi emoziono con quelli del Romanticismo. Se dovessi per\u00f2 scegliere un compositore a cui sono particolarmente\u00a0legata, sarebbe Rachmaninoff. Le sue armonie e polifonie non mancano mai di suscitare forti emozioni. Lui stesso \u00e8 stato uno dei pi\u00f9 grandi pianisti del suo tempo, e la sua scrittura, estremamente pianistica, offre una grande soddisfazione quando viene eseguita\u00bb.<\/p>\n<p><strong>Grazie al suo percorso al Conservatorio Tartini \u00e8 stata accettata presso il <em>Royal College <\/em>di Londra, dove proseguir\u00e0 il suo percorso di studi. Emozionata per il futuro nella capitale inglese?<\/strong><\/p>\n<p>\u00abCambiare aria fa sempre bene, soprattutto in ambienti come quello, dove si ha l\u2019opportunit\u00e0 di confrontarsi con musicisti di livello mondiale. Londra \u00e8 una citt\u00e0 meravigliosa che offre tantissime\u00a0opportunit\u00e0. Sono entusiasta di scoprire cosa mi riserver\u00e0 il futuro\u00bb.<\/p>\n<p><strong>Trieste \u00e8 solo una tappa di passaggio nella sua carriera o le piacerebbe viverci stabilmente?<\/strong><\/p>\n<p>\u00abCon il passare degli anni \u00e8 diventata sempre di pi\u00f9 il mio luogo di stabilit\u00e0. Non \u00e8 troppo grande, ma ha tutto ci\u00f2 di cui ho bisogno: il mare, le montagne. L\u2019unica cosa che aggiungerei sarebbe un aeroporto pi\u00f9 grande, per muoverci con maggiore flessibilit\u00e0 ovunque\u00bb.<\/p>\n<p><strong>Le manca la Macedonia?<\/strong><\/p>\n<p>\u00abL\u00ec c\u2019\u00e8 la mia famiglia e la Macedonia rimarr\u00e0 sempre il mio paese. Negli ultimi anni non ho avuto molte opportunit\u00e0 di tornare a causa degli impegni. Quest\u2019anno, per\u00f2, mi sento particolarmente nostalgica e ho cercato di costruire qualcosa che mi permetta di tornare pi\u00f9 spesso a casa e trascorrere pi\u00f9 tempo con la mia famiglia. Spero di riuscire a realizzare il mio primo festival pianistico, che si concentrer\u00e0 sulla sinestesia tra il pianoforte mondiale e altre forme di arte locale. Sarebbe un modo speciale per contribuire alla cultura macedone, utilizzando la mia esperienza all\u2019estero, e allo stesso tempo promuovere le bellezze che la mia terra ha da offrire\u00bb.<\/p>\n<p><strong>Le donne \u2013 nella musica come in altre professioni \u2013 sono talvolta costrette a scegliere tra la carriera e la famiglia. Qual \u00e8 la sua visione a riguardo?<\/strong><\/p>\n<p>\u00abNonostante le ambizioni e gli impegni, la vita non si riduce solo a questo. Desidero profondamente realizzarmi anche come donna e madre in futuro. Sebbene non sia facile conciliare\u00a0tutto, con il giusto equilibrio \u00e8 possibile gestire ogni aspetto. Realizzarsi sia a livello professionale che personale si sostiene reciprocamente, e ogni traguardo in uno di questi ambiti contribuisce a rafforzare l\u2019altro\u00bb.<\/p>\n<p><strong>Oltre alla musica quali sono le altre passioni di Teodora Kapinkovska?<\/strong><\/p>\n<p>\u00abLa mia passione, al di l\u00e0 della musica, \u00e8 lo <em>snowboard<\/em>. Fino a un paio di anni fa partecipavo anche alle gare. Con il tempo e le crescenti responsabilit\u00e0, per\u00f2, ho capito che la mia professione non si sposa perfettamente con il mio <em>hobby<\/em>\u00bb.<\/p>\n<p><strong>Tra i suoi sogni quale vorrebbe si realizzasse prima degli altri?<\/strong><\/p>\n<p>\u00abPer ora, la mia priorit\u00e0 rimane la musica e il pianoforte. Spero che il mio festival si realizzi e porti frutti positivi. Desidero anche continuare a crescere come pianista, per poi potermi concentrare sugli altri aspetti che la vita ha da offrire\u00bb.<\/p>\n","protected":false},"excerpt":{"rendered":"<p>La pianista macedone risiede a Trieste da oltre dieci anni: \u00abNon la scambierei con nessun\u2019altra citt\u00e0\u00bb. La musica \u00e8 diventata la sua vita, per ora. \u00abDesidero profondamente realizzarmi anche come donna e madre in futuro\u00bb<\/p>\n","protected":false},"author":3,"featured_media":62849,"comment_status":"closed","ping_status":"closed","sticky":false,"template":"","format":"image","meta":{"dwc-title":[""],"dwc-content":[""],"footnotes":""},"categories":[37],"tags":[861,2789,2790,55,469,65],"class_list":["post-62846","post","type-post","status-publish","format-image","has-post-thumbnail","hentry","category-cultura-e-spettacolo","tag-concerti","tag-kapinkovska","tag-macedonia","tag-musica","tag-pianoforte","tag-trieste","post_format-post-format-image"],"rttpg_featured_image_url":{"full":["https:\/\/imagazine.it\/wp-content\/uploads\/2025\/02\/IMG_0477.jpeg",1366,778,false],"landscape":["https:\/\/imagazine.it\/wp-content\/uploads\/2025\/02\/IMG_0477.jpeg",1366,778,false],"portraits":["https:\/\/imagazine.it\/wp-content\/uploads\/2025\/02\/IMG_0477.jpeg",1366,778,false],"thumbnail":["https:\/\/imagazine.it\/wp-content\/uploads\/2025\/02\/IMG_0477-150x150.jpeg",150,150,true],"medium":["https:\/\/imagazine.it\/wp-content\/uploads\/2025\/02\/IMG_0477-300x171.jpeg",300,171,true],"large":["https:\/\/imagazine.it\/wp-content\/uploads\/2025\/02\/IMG_0477-1024x583.jpeg",640,364,true],"thumblist":["https:\/\/imagazine.it\/wp-content\/uploads\/2025\/02\/IMG_0477-300x300.jpeg",300,300,true],"thumbrelated":["https:\/\/imagazine.it\/wp-content\/uploads\/2025\/02\/IMG_0477-500x500.jpeg",500,500,true],"meccarouselthumb":["https:\/\/imagazine.it\/wp-content\/uploads\/2025\/02\/IMG_0477-474x324.jpeg",474,324,true],"gridsquare":["https:\/\/imagazine.it\/wp-content\/uploads\/2025\/02\/IMG_0477-391x260.jpeg",391,260,true],"tileview":["https:\/\/imagazine.it\/wp-content\/uploads\/2025\/02\/IMG_0477-300x400.jpeg",300,400,true],"1536x1536":["https:\/\/imagazine.it\/wp-content\/uploads\/2025\/02\/IMG_0477.jpeg",1366,778,false],"2048x2048":["https:\/\/imagazine.it\/wp-content\/uploads\/2025\/02\/IMG_0477.jpeg",1366,778,false],"newsup-slider-full":["https:\/\/imagazine.it\/wp-content\/uploads\/2025\/02\/IMG_0477-1280x720.jpeg",1280,720,true],"newsup-featured":["https:\/\/imagazine.it\/wp-content\/uploads\/2025\/02\/IMG_0477-1024x583.jpeg",1024,583,true],"newsup-medium":["https:\/\/imagazine.it\/wp-content\/uploads\/2025\/02\/IMG_0477-720x380.jpeg",720,380,true],"tptn_thumbnail":["https:\/\/imagazine.it\/wp-content\/uploads\/2025\/02\/IMG_0477-250x210.jpeg",250,210,true],"sow-carousel-default":["https:\/\/imagazine.it\/wp-content\/uploads\/2025\/02\/IMG_0477-272x182.jpeg",272,182,true]},"rttpg_author":{"display_name":"Andrea Doncovio","author_link":"https:\/\/imagazine.it\/home_desk\/author\/andrea\/"},"rttpg_comment":0,"rttpg_category":"<a href=\"https:\/\/imagazine.it\/home_desk\/category\/cultura-e-spettacolo\/\" rel=\"category tag\">CULTURA&amp;SPETTACOLO<\/a>","rttpg_excerpt":"La pianista macedone risiede a Trieste da oltre dieci anni: \u00abNon la scambierei con nessun\u2019altra citt\u00e0\u00bb. La musica \u00e8 diventata la sua vita, per ora. \u00abDesidero profondamente realizzarmi anche come donna e madre in futuro\u00bb","_links":{"self":[{"href":"https:\/\/imagazine.it\/home_desk\/wp-json\/wp\/v2\/posts\/62846","targetHints":{"allow":["GET"]}}],"collection":[{"href":"https:\/\/imagazine.it\/home_desk\/wp-json\/wp\/v2\/posts"}],"about":[{"href":"https:\/\/imagazine.it\/home_desk\/wp-json\/wp\/v2\/types\/post"}],"author":[{"embeddable":true,"href":"https:\/\/imagazine.it\/home_desk\/wp-json\/wp\/v2\/users\/3"}],"replies":[{"embeddable":true,"href":"https:\/\/imagazine.it\/home_desk\/wp-json\/wp\/v2\/comments?post=62846"}],"version-history":[{"count":0,"href":"https:\/\/imagazine.it\/home_desk\/wp-json\/wp\/v2\/posts\/62846\/revisions"}],"wp:featuredmedia":[{"embeddable":true,"href":"https:\/\/imagazine.it\/home_desk\/wp-json\/wp\/v2\/media\/62849"}],"wp:attachment":[{"href":"https:\/\/imagazine.it\/home_desk\/wp-json\/wp\/v2\/media?parent=62846"}],"wp:term":[{"taxonomy":"category","embeddable":true,"href":"https:\/\/imagazine.it\/home_desk\/wp-json\/wp\/v2\/categories?post=62846"},{"taxonomy":"post_tag","embeddable":true,"href":"https:\/\/imagazine.it\/home_desk\/wp-json\/wp\/v2\/tags?post=62846"}],"curies":[{"name":"wp","href":"https:\/\/api.w.org\/{rel}","templated":true}]}}