{"id":62655,"date":"2025-02-11T12:35:52","date_gmt":"2025-02-11T11:35:52","guid":{"rendered":"https:\/\/imagazine.it\/home_desk\/?p=62655"},"modified":"2025-02-12T15:56:45","modified_gmt":"2025-02-12T14:56:45","slug":"a-gorizia-lobelisco-della-cultura","status":"publish","type":"post","link":"https:\/\/imagazine.it\/home_desk\/a-gorizia-lobelisco-della-cultura\/","title":{"rendered":"A Gorizia l&#8217;obelisco alla cultura della pace"},"content":{"rendered":"<p><span style=\"font-size: 10pt;\"><em>\u00a0Il rendering del futuro obelisco (\u00a9 Plantem Group)<\/em><\/span><\/p>\n<p>GORIZIA \u2013 In occasione della Capitale Europea della cultura 2025, Gorizia accoglier\u00e0 <strong><em>GO! Pharus<\/em><\/strong>.<\/p>\n<p>Collocato nel <strong>piazzale della Casa Rossa<\/strong>, sar\u00e0 un <strong>obelisco dedicato alla cultura della pace<\/strong> e al superamento delle divisioni, un invito a guardare al futuro con speranza e collaborazione. L\u2019iniziativa \u00e8 stata illustrata dal sindaco, <strong>Rodolfo Ziberna<\/strong>, dall\u2019assessore comunale ai Lavori pubblici, <strong>Sarah Filisetti<\/strong>, e dall\u2019artista <strong>Celia Stefania Centonze<\/strong>.<\/p>\n<p>\u201cUno dei punti fermi del nostro mandato \u00e8 la riqualificazione del piazzale della Casa Rossa, luogo che ha un significato storico per la citt\u00e0 ma che negli anni ha assunto un aspetto trasandato. Per questo abbiamo deciso, nell\u2019ambito del <em>restyling<\/em> dell\u2019area, di commissionare la realizzazione di un\u2019opera d\u2019arte ad hoc. L\u2019obelisco ha un profondo significato, in quanto inno alla vita che impreziosir\u00e0 il piazzale\u201d, ha spiegato il primo cittadino, ricordando che questa sar\u00e0 una delle opere che rimarr\u00e0 anche dopo il 2025.<\/p>\n<p>Ideato dall\u2019interior designer e artista triestina Celia Stefania Centonze, fondatrice dello studio di architettura e interior design Plateam di Milano, <em>GO!Pharus<\/em> avr\u00e0 una pianta quadrata di 2,50 x 2,50 metri e un\u2019altezza di 9,75 metri.<\/p>\n<h3>I poeti<\/h3>\n<p>Sar\u00e0 impreziosito da un intervento artistico di <strong>Marco Nereo Rotelli<\/strong>, che dipinger\u00e0 versi dedicati alla pace, tratti dalle opere di alcuni dei pi\u00f9 grandi poeti italiani e sloveni, tra cui Giuseppe Ungaretti, France Pre\u0161eren, Carlo Michelstaedter e France Bevk.<\/p>\n<p>Le loro parole, incise nel vetro, si trasformeranno in un messaggio universale di incontro e solidariet\u00e0 tra i popoli.<\/p>\n<p>Sono previsti anche interventi musivi artistici realizzati dalla <strong>Fondazione Bambini e Autismo<\/strong> di Pordenone, che ha fondato nel 2004 l\u2019Officina dell\u2019Arte, un luogo di inclusione pensato per le persone autistiche, in cui operano anche persone neurotipiche.<\/p>\n<h3>Ferro e vetro<\/h3>\n<p>Quest&#8217;opera innovativa sfida le convenzioni architettoniche con una raffinata fusione di vetro e ferro, materiali che raccontano storie di trasparenza e resilienza. I suoi vetri cromatizzati rifletteranno i raggi solari, creando un caleidoscopio di sfumature che si diffonder\u00e0 nello spazio circostante.<\/p>\n<p>La luce e i colori trasformeranno l\u2019obelisco in un\u2019esperienza sensoriale unica, coinvolgendo cittadini e turisti in un suggestivo gioco di riflessi e bagliori dinamici.<\/p>\n<figure id=\"attachment_62656\" aria-describedby=\"caption-attachment-62656\" style=\"width: 1000px\" class=\"wp-caption aligncenter\"><img loading=\"lazy\" decoding=\"async\" class=\"size-full wp-image-62656\" src=\"https:\/\/imagazine.it\/wp-content\/uploads\/2025\/02\/Presentazione-obelisco.jpg\" alt=\"\" width=\"1000\" height=\"750\" title=\"\" srcset=\"https:\/\/imagazine.it\/wp-content\/uploads\/2025\/02\/Presentazione-obelisco.jpg 1000w, https:\/\/imagazine.it\/wp-content\/uploads\/2025\/02\/Presentazione-obelisco-300x225.jpg 300w, https:\/\/imagazine.it\/wp-content\/uploads\/2025\/02\/Presentazione-obelisco-768x576.jpg 768w\" sizes=\"auto, (max-width: 1000px) 100vw, 1000px\" \/><figcaption id=\"caption-attachment-62656\" class=\"wp-caption-text\">Da sinistra Filisetti, Ziberna e Centonze<\/figcaption><\/figure>\n<p>L\u2019opera d\u2019arte sar\u00e0 finanziata a valere sul programma regionale FESR 2021 \u2013 2027, come previsto nella strategia di sviluppo urbano integrato sostenibile presentata dal Comune alla Regione.<\/p>\n<p>La spesa stimata, per la progettazione, realizzazione, installazione dell\u2019opera e collaudo della stessa \u00e8 di <strong>198.860 euro<\/strong>, somma che rientra nel quadro economico della riqualificazione del piazzale di Casa Rossa.<\/p>\n","protected":false},"excerpt":{"rendered":"<p>Alto quasi 10 metri, sar\u00e0 collocato nel piazzale della Casa Rossa. Realizzato in vetro e ferro accoglier\u00e0 i versi di poeti italiani e sloveni<\/p>\n","protected":false},"author":28,"featured_media":62657,"comment_status":"closed","ping_status":"closed","sticky":false,"template":"","format":"image","meta":{"dwc-title":[""],"dwc-content":[""],"footnotes":""},"categories":[5],"tags":[185,1112,123,43,2758],"class_list":["post-62655","post","type-post","status-publish","format-image","has-post-thumbnail","hentry","category-attualita","tag-capitale-cultura","tag-capitale-europea-cultura","tag-go2025","tag-gorizia","tag-obelisco","post_format-post-format-image"],"rttpg_featured_image_url":{"full":["https:\/\/imagazine.it\/wp-content\/uploads\/2025\/02\/Render-obelisco.jpg",1366,701,false],"landscape":["https:\/\/imagazine.it\/wp-content\/uploads\/2025\/02\/Render-obelisco.jpg",1366,701,false],"portraits":["https:\/\/imagazine.it\/wp-content\/uploads\/2025\/02\/Render-obelisco.jpg",1366,701,false],"thumbnail":["https:\/\/imagazine.it\/wp-content\/uploads\/2025\/02\/Render-obelisco-150x150.jpg",150,150,true],"medium":["https:\/\/imagazine.it\/wp-content\/uploads\/2025\/02\/Render-obelisco-300x154.jpg",300,154,true],"large":["https:\/\/imagazine.it\/wp-content\/uploads\/2025\/02\/Render-obelisco-1024x525.jpg",640,328,true],"thumblist":["https:\/\/imagazine.it\/wp-content\/uploads\/2025\/02\/Render-obelisco-300x300.jpg",300,300,true],"thumbrelated":["https:\/\/imagazine.it\/wp-content\/uploads\/2025\/02\/Render-obelisco-500x500.jpg",500,500,true],"meccarouselthumb":["https:\/\/imagazine.it\/wp-content\/uploads\/2025\/02\/Render-obelisco-474x324.jpg",474,324,true],"gridsquare":["https:\/\/imagazine.it\/wp-content\/uploads\/2025\/02\/Render-obelisco-391x260.jpg",391,260,true],"tileview":["https:\/\/imagazine.it\/wp-content\/uploads\/2025\/02\/Render-obelisco-300x400.jpg",300,400,true],"1536x1536":["https:\/\/imagazine.it\/wp-content\/uploads\/2025\/02\/Render-obelisco.jpg",1366,701,false],"2048x2048":["https:\/\/imagazine.it\/wp-content\/uploads\/2025\/02\/Render-obelisco.jpg",1366,701,false],"newsup-slider-full":["https:\/\/imagazine.it\/wp-content\/uploads\/2025\/02\/Render-obelisco-1280x701.jpg",1280,701,true],"newsup-featured":["https:\/\/imagazine.it\/wp-content\/uploads\/2025\/02\/Render-obelisco-1024x525.jpg",1024,525,true],"newsup-medium":["https:\/\/imagazine.it\/wp-content\/uploads\/2025\/02\/Render-obelisco-720x380.jpg",720,380,true],"tptn_thumbnail":["https:\/\/imagazine.it\/wp-content\/uploads\/2025\/02\/Render-obelisco-250x210.jpg",250,210,true],"sow-carousel-default":["https:\/\/imagazine.it\/wp-content\/uploads\/2025\/02\/Render-obelisco-272x182.jpg",272,182,true]},"rttpg_author":{"display_name":"redazione","author_link":"https:\/\/imagazine.it\/home_desk\/author\/redazione\/"},"rttpg_comment":0,"rttpg_category":"<a href=\"https:\/\/imagazine.it\/home_desk\/category\/attualita\/\" rel=\"category tag\">ATTUALIT\u00c0<\/a>","rttpg_excerpt":"Alto quasi 10 metri, sar\u00e0 collocato nel piazzale della Casa Rossa. Realizzato in vetro e ferro accoglier\u00e0 i versi di poeti italiani e sloveni","_links":{"self":[{"href":"https:\/\/imagazine.it\/home_desk\/wp-json\/wp\/v2\/posts\/62655","targetHints":{"allow":["GET"]}}],"collection":[{"href":"https:\/\/imagazine.it\/home_desk\/wp-json\/wp\/v2\/posts"}],"about":[{"href":"https:\/\/imagazine.it\/home_desk\/wp-json\/wp\/v2\/types\/post"}],"author":[{"embeddable":true,"href":"https:\/\/imagazine.it\/home_desk\/wp-json\/wp\/v2\/users\/28"}],"replies":[{"embeddable":true,"href":"https:\/\/imagazine.it\/home_desk\/wp-json\/wp\/v2\/comments?post=62655"}],"version-history":[{"count":0,"href":"https:\/\/imagazine.it\/home_desk\/wp-json\/wp\/v2\/posts\/62655\/revisions"}],"wp:featuredmedia":[{"embeddable":true,"href":"https:\/\/imagazine.it\/home_desk\/wp-json\/wp\/v2\/media\/62657"}],"wp:attachment":[{"href":"https:\/\/imagazine.it\/home_desk\/wp-json\/wp\/v2\/media?parent=62655"}],"wp:term":[{"taxonomy":"category","embeddable":true,"href":"https:\/\/imagazine.it\/home_desk\/wp-json\/wp\/v2\/categories?post=62655"},{"taxonomy":"post_tag","embeddable":true,"href":"https:\/\/imagazine.it\/home_desk\/wp-json\/wp\/v2\/tags?post=62655"}],"curies":[{"name":"wp","href":"https:\/\/api.w.org\/{rel}","templated":true}]}}