{"id":62614,"date":"2025-02-10T18:27:56","date_gmt":"2025-02-10T17:27:56","guid":{"rendered":"https:\/\/imagazine.it\/home_desk\/?p=62614"},"modified":"2025-02-10T18:27:56","modified_gmt":"2025-02-10T17:27:56","slug":"grado-ricorda-il-dramma-dellesodo","status":"publish","type":"post","link":"https:\/\/imagazine.it\/home_desk\/grado-ricorda-il-dramma-dellesodo\/","title":{"rendered":"Grado ricorda il dramma dell&#8217;esodo"},"content":{"rendered":"<p><span style=\"font-size: 10pt;\"><em>L&#8217;intervento del sindaco Corbatto<\/em><\/span><\/p>\n<p>GRADO \u2013 Anche Grado, con una cerimonia organizzata dall\u2019amministrazione comunale in collaborazione con la sezione locale dell\u2019associazione nazionale Venezia Giulia e Dalmazia, ha celebrato la ricorrenza del <strong>Giorno del Ricordo<\/strong>.<\/p>\n<p>Nel suo intervento presso il <strong>Giardino Martiri delle Foibe<\/strong>, il sindaco <strong>Giuseppe Corbatto<\/strong> ha ricordato le migliaia di vittime innocenti inghiottite dalle foibe e gli oltre 300.000 esuli costretti ad abbandonare la loro terra, le loro case, i loro affetti, nonch\u00e9 il dolore delle famiglie spezzate, le difficolt\u00e0 dell\u2019accoglienza in Italia, l\u2019oblio che per troppi anni ha avvolto questa tragedia.<\/p>\n<p>Ma anche la seppur non facile accoglienza degli esuli a Fossalon, trasformando un territorio ancora in formazione in una comunit\u00e0 viva e operosa. L\u2019accoglienza a Grado e Fossalon rappresenta una pagina di solidariet\u00e0 e di rinascita.<\/p>\n<p>\u201c<em>Se da un lato <\/em>\u2013 le parole di Corbatto \u2013 <em>non possiamo dimenticare le difficolt\u00e0 e i sacrifici,<\/em>\u00a0<em>dall\u2019altro dobbiamo riconoscere il coraggio di quegli uomini e donne che, con determinazione e sacrificio, seppero ricostruire il loro futuro. Anche grazie a loro, quella terra divenne una risorsa per l\u2019intera comunit\u00e0, dimostrando che la speranza pu\u00f2 germogliare anche nelle situazioni pi\u00f9 difficili<\/em>\u201d.<\/p>\n<p>Sono seguiti poi l\u2019intervento della rappresentante locale dell\u2019ANVGD, <strong>Alma Smillovich<\/strong>, una lettura da parte dell\u2019attore <strong>Tullio Svettini<\/strong> e i canti della <strong>Corale di Santa Cecilia di Grado<\/strong>.<\/p>\n<div id=\"metaslider-id-62615\" style=\"max-width: 700px;\" class=\"ml-slider-3-108-0 metaslider metaslider-flex metaslider-62615 ml-slider has-dots-nav ms-theme-default-base\" role=\"region\" aria-label=\"Giorno Ricordo Grado 2025\" data-height=\"500\" data-width=\"700\">\n    <div id=\"metaslider_container_62615\">\n        <div id=\"metaslider_62615\">\n            <ul class='slides'>\n                <li style=\"display: block; width: 100%;\" class=\"slide-62620 ms-image \" aria-roledescription=\"slide\" data-date=\"2025-02-10 18:25:30\" data-filename=\"GiornodelRicordo_4.jpeg\" data-slide-type=\"image\"><img loading=\"lazy\" decoding=\"async\" width=\"800\" height=\"1074\" src=\"https:\/\/imagazine.it\/wp-content\/uploads\/2025\/02\/GiornodelRicordo_4.jpeg\" class=\"slider-62615 slide-62620 msDefaultImage\" alt=\"\" rel=\"\" title=\"GiornodelRicordo_4\" srcset=\"https:\/\/imagazine.it\/wp-content\/uploads\/2025\/02\/GiornodelRicordo_4.jpeg 800w, https:\/\/imagazine.it\/wp-content\/uploads\/2025\/02\/GiornodelRicordo_4-223x300.jpeg 223w, https:\/\/imagazine.it\/wp-content\/uploads\/2025\/02\/GiornodelRicordo_4-763x1024.jpeg 763w, https:\/\/imagazine.it\/wp-content\/uploads\/2025\/02\/GiornodelRicordo_4-768x1031.jpeg 768w\" sizes=\"auto, (max-width: 800px) 100vw, 800px\"><\/li>\n                <li style=\"display: none; width: 100%;\" class=\"slide-62621 ms-image \" aria-roledescription=\"slide\" data-date=\"2025-02-10 18:25:30\" data-filename=\"GiornodelRicordo_15.jpg\" data-slide-type=\"image\"><img loading=\"lazy\" decoding=\"async\" width=\"800\" height=\"623\" src=\"https:\/\/imagazine.it\/wp-content\/uploads\/2025\/02\/GiornodelRicordo_15.jpg\" class=\"slider-62615 slide-62621 msDefaultImage\" alt=\"\" rel=\"\" title=\"GiornodelRicordo_15\" srcset=\"https:\/\/imagazine.it\/wp-content\/uploads\/2025\/02\/GiornodelRicordo_15.jpg 800w, https:\/\/imagazine.it\/wp-content\/uploads\/2025\/02\/GiornodelRicordo_15-300x234.jpg 300w, https:\/\/imagazine.it\/wp-content\/uploads\/2025\/02\/GiornodelRicordo_15-768x598.jpg 768w\" sizes=\"auto, (max-width: 800px) 100vw, 800px\"><div class=\"caption-wrap\"><div class=\"caption\"><div>Alma Smillovich<\/div><\/div><\/div><\/li>\n                <li style=\"display: none; width: 100%;\" class=\"slide-62622 ms-image \" aria-roledescription=\"slide\" data-date=\"2025-02-10 18:25:30\" data-filename=\"GiornodelRicordo_101.jpeg\" data-slide-type=\"image\"><img loading=\"lazy\" decoding=\"async\" width=\"800\" height=\"908\" src=\"https:\/\/imagazine.it\/wp-content\/uploads\/2025\/02\/GiornodelRicordo_101.jpeg\" class=\"slider-62615 slide-62622 msDefaultImage\" alt=\"\" rel=\"\" title=\"GiornodelRicordo_101\" srcset=\"https:\/\/imagazine.it\/wp-content\/uploads\/2025\/02\/GiornodelRicordo_101.jpeg 800w, https:\/\/imagazine.it\/wp-content\/uploads\/2025\/02\/GiornodelRicordo_101-264x300.jpeg 264w, https:\/\/imagazine.it\/wp-content\/uploads\/2025\/02\/GiornodelRicordo_101-768x872.jpeg 768w\" sizes=\"auto, (max-width: 800px) 100vw, 800px\"><div class=\"caption-wrap\"><div class=\"caption\"><div>Tullio Svettini<\/div><\/div><\/div><\/li>\n                <li style=\"display: none; width: 100%;\" class=\"slide-62623 ms-image \" aria-roledescription=\"slide\" data-date=\"2025-02-10 18:25:30\" data-filename=\"GiornodelRicordo_CoroSantaCecilia.jpg\" data-slide-type=\"image\"><img loading=\"lazy\" decoding=\"async\" width=\"1000\" height=\"578\" src=\"https:\/\/imagazine.it\/wp-content\/uploads\/2025\/02\/GiornodelRicordo_CoroSantaCecilia.jpg\" class=\"slider-62615 slide-62623 msDefaultImage\" alt=\"\" rel=\"\" title=\"GiornodelRicordo_CoroSantaCecilia\" srcset=\"https:\/\/imagazine.it\/wp-content\/uploads\/2025\/02\/GiornodelRicordo_CoroSantaCecilia.jpg 1000w, https:\/\/imagazine.it\/wp-content\/uploads\/2025\/02\/GiornodelRicordo_CoroSantaCecilia-300x173.jpg 300w, https:\/\/imagazine.it\/wp-content\/uploads\/2025\/02\/GiornodelRicordo_CoroSantaCecilia-768x444.jpg 768w\" sizes=\"auto, (max-width: 1000px) 100vw, 1000px\"><div class=\"caption-wrap\"><div class=\"caption\"><div>La Corale Santa Cecilia<\/div><\/div><\/div><\/li>\n            <\/ul>\n        <\/div>\n        \n    <\/div>\n<\/div>\n","protected":false},"excerpt":{"rendered":"<p>Molti esuli istriani, fiumani e dalmati furono accolti a Fossalon, dove si confermarono comunit\u00e0 viva e operosa<\/p>\n","protected":false},"author":22,"featured_media":62624,"comment_status":"closed","ping_status":"closed","sticky":false,"template":"","format":"image","meta":{"dwc-title":[""],"dwc-content":[""],"footnotes":""},"categories":[5],"tags":[373,231,174,568],"class_list":["post-62614","post","type-post","status-publish","format-image","has-post-thumbnail","hentry","category-attualita","tag-commemorazione","tag-giorno-del-ricordo","tag-grado","tag-storia","post_format-post-format-image"],"rttpg_featured_image_url":{"full":["https:\/\/imagazine.it\/wp-content\/uploads\/2025\/02\/GiornodelRicordo_9.jpeg",1366,817,false],"landscape":["https:\/\/imagazine.it\/wp-content\/uploads\/2025\/02\/GiornodelRicordo_9.jpeg",1366,817,false],"portraits":["https:\/\/imagazine.it\/wp-content\/uploads\/2025\/02\/GiornodelRicordo_9.jpeg",1366,817,false],"thumbnail":["https:\/\/imagazine.it\/wp-content\/uploads\/2025\/02\/GiornodelRicordo_9-150x150.jpeg",150,150,true],"medium":["https:\/\/imagazine.it\/wp-content\/uploads\/2025\/02\/GiornodelRicordo_9-300x179.jpeg",300,179,true],"large":["https:\/\/imagazine.it\/wp-content\/uploads\/2025\/02\/GiornodelRicordo_9-1024x612.jpeg",640,383,true],"thumblist":["https:\/\/imagazine.it\/wp-content\/uploads\/2025\/02\/GiornodelRicordo_9-300x300.jpeg",300,300,true],"thumbrelated":["https:\/\/imagazine.it\/wp-content\/uploads\/2025\/02\/GiornodelRicordo_9-500x500.jpeg",500,500,true],"meccarouselthumb":["https:\/\/imagazine.it\/wp-content\/uploads\/2025\/02\/GiornodelRicordo_9-474x324.jpeg",474,324,true],"gridsquare":["https:\/\/imagazine.it\/wp-content\/uploads\/2025\/02\/GiornodelRicordo_9-391x260.jpeg",391,260,true],"tileview":["https:\/\/imagazine.it\/wp-content\/uploads\/2025\/02\/GiornodelRicordo_9-300x400.jpeg",300,400,true],"1536x1536":["https:\/\/imagazine.it\/wp-content\/uploads\/2025\/02\/GiornodelRicordo_9.jpeg",1366,817,false],"2048x2048":["https:\/\/imagazine.it\/wp-content\/uploads\/2025\/02\/GiornodelRicordo_9.jpeg",1366,817,false],"newsup-slider-full":["https:\/\/imagazine.it\/wp-content\/uploads\/2025\/02\/GiornodelRicordo_9-1280x720.jpeg",1280,720,true],"newsup-featured":["https:\/\/imagazine.it\/wp-content\/uploads\/2025\/02\/GiornodelRicordo_9-1024x612.jpeg",1024,612,true],"newsup-medium":["https:\/\/imagazine.it\/wp-content\/uploads\/2025\/02\/GiornodelRicordo_9-720x380.jpeg",720,380,true],"tptn_thumbnail":["https:\/\/imagazine.it\/wp-content\/uploads\/2025\/02\/GiornodelRicordo_9-250x210.jpeg",250,210,true],"sow-carousel-default":["https:\/\/imagazine.it\/wp-content\/uploads\/2025\/02\/GiornodelRicordo_9-272x182.jpeg",272,182,true]},"rttpg_author":{"display_name":"Livio Nonis","author_link":"https:\/\/imagazine.it\/home_desk\/author\/nonis\/"},"rttpg_comment":0,"rttpg_category":"<a href=\"https:\/\/imagazine.it\/home_desk\/category\/attualita\/\" rel=\"category tag\">ATTUALIT\u00c0<\/a>","rttpg_excerpt":"Molti esuli istriani, fiumani e dalmati furono accolti a Fossalon, dove si confermarono comunit\u00e0 viva e operosa","_links":{"self":[{"href":"https:\/\/imagazine.it\/home_desk\/wp-json\/wp\/v2\/posts\/62614","targetHints":{"allow":["GET"]}}],"collection":[{"href":"https:\/\/imagazine.it\/home_desk\/wp-json\/wp\/v2\/posts"}],"about":[{"href":"https:\/\/imagazine.it\/home_desk\/wp-json\/wp\/v2\/types\/post"}],"author":[{"embeddable":true,"href":"https:\/\/imagazine.it\/home_desk\/wp-json\/wp\/v2\/users\/22"}],"replies":[{"embeddable":true,"href":"https:\/\/imagazine.it\/home_desk\/wp-json\/wp\/v2\/comments?post=62614"}],"version-history":[{"count":0,"href":"https:\/\/imagazine.it\/home_desk\/wp-json\/wp\/v2\/posts\/62614\/revisions"}],"wp:featuredmedia":[{"embeddable":true,"href":"https:\/\/imagazine.it\/home_desk\/wp-json\/wp\/v2\/media\/62624"}],"wp:attachment":[{"href":"https:\/\/imagazine.it\/home_desk\/wp-json\/wp\/v2\/media?parent=62614"}],"wp:term":[{"taxonomy":"category","embeddable":true,"href":"https:\/\/imagazine.it\/home_desk\/wp-json\/wp\/v2\/categories?post=62614"},{"taxonomy":"post_tag","embeddable":true,"href":"https:\/\/imagazine.it\/home_desk\/wp-json\/wp\/v2\/tags?post=62614"}],"curies":[{"name":"wp","href":"https:\/\/api.w.org\/{rel}","templated":true}]}}