{"id":62533,"date":"2025-02-08T17:59:36","date_gmt":"2025-02-08T16:59:36","guid":{"rendered":"https:\/\/imagazine.it\/home_desk\/?p=62533"},"modified":"2025-02-10T16:37:45","modified_gmt":"2025-02-10T15:37:45","slug":"mattarella-portatori-di-luce-nel-mondo","status":"publish","type":"post","link":"https:\/\/imagazine.it\/home_desk\/mattarella-portatori-di-luce-nel-mondo\/","title":{"rendered":"&#8220;Gorizia e Nova Gorica portatori di luce nel mondo&#8221;"},"content":{"rendered":"<p><span style=\"font-size: 10pt;\"><em>I presidenti Mattarella e Pirc Musar (ph. PromoTurismoFVG)<\/em><\/span><\/p>\n<p>GORIZIA &#8211; La piazza Transalpina ha ospitato la cerimonia ufficiale dell\u2019inaugurazione della Capitale Europea della cultura.<\/p>\n<p>Alla presenza delle pi\u00f9 alte cariche istituzionali, il presidente della Repubblica <strong>Sergio Mattarella<\/strong> ha sottolineato il valore di GO! 2025, che risalta ancora di pi\u00f9 a fronte del momento contingente caratterizzato da grandi tensioni internazionali.<\/p>\n<p>\u201cRingrazio la presidente della Repubblica di Slovenia,\u00a0<strong>Nata\u0161a Pirc Musar<\/strong>, per le parole nei confronti miei e dell\u2019Italia e per avermi invitato a condividere questo momento storico\u201d, le prime parole del Capo dello Stato.<\/p>\n<p>\u201cUn progetto &#8211; ha sottolineato &#8211; lanciato su questa piazza che affonda le sue radici in un lungo processo di riconciliazione. Slovenia e Italia hanno saputo dimostrare che \u00e8 possibile scegliere la via della cooperazione.\u00a0 Le differenze e le incomprensioni han lasciato il posto a fattori che uniscono e a una cultura comune. La cultura dei confini. Essere Capitale transfrontaliera significa avere il coraggio di essere portatori di luce nel mondo\u201d.<\/p>\n<p>In mattinata la Sfera GO! 2025 di Michelangelo Pistoletto aveva iniziato il suo viaggio transfrontaliero da piazza Vittoria.<\/p>\n<figure id=\"attachment_62534\" aria-describedby=\"caption-attachment-62534\" style=\"width: 1000px\" class=\"wp-caption aligncenter\"><img loading=\"lazy\" decoding=\"async\" class=\"size-full wp-image-62534\" src=\"https:\/\/imagazine.it\/wp-content\/uploads\/2025\/02\/PromoTurismo-FVG_GO25_gorizia-03034.jpg\" alt=\"\" width=\"1000\" height=\"667\" title=\"\" srcset=\"https:\/\/imagazine.it\/wp-content\/uploads\/2025\/02\/PromoTurismo-FVG_GO25_gorizia-03034.jpg 1000w, https:\/\/imagazine.it\/wp-content\/uploads\/2025\/02\/PromoTurismo-FVG_GO25_gorizia-03034-300x200.jpg 300w, https:\/\/imagazine.it\/wp-content\/uploads\/2025\/02\/PromoTurismo-FVG_GO25_gorizia-03034-768x512.jpg 768w, https:\/\/imagazine.it\/wp-content\/uploads\/2025\/02\/PromoTurismo-FVG_GO25_gorizia-03034-391x260.jpg 391w, https:\/\/imagazine.it\/wp-content\/uploads\/2025\/02\/PromoTurismo-FVG_GO25_gorizia-03034-272x182.jpg 272w\" sizes=\"auto, (max-width: 1000px) 100vw, 1000px\" \/><figcaption id=\"caption-attachment-62534\" class=\"wp-caption-text\">(ph. PromoTurismoFVG)<\/figcaption><\/figure>\n<p>Oltre mille mani di sportivi e cittadini l\u2019hanno accompagnata fino al valico di via San Gabriele, per affidarla poi agli sferofori sloveni.<\/p>\n<p>A dare il via alla <em>performance<\/em>, uno dei momenti pi\u00f9 emozionanti dell\u2019inaugurazione di GO!2025, \u00e8 stato il ministro della Cultura, <strong>Alessandro Giuli<\/strong>, insieme al sindaco <strong>Rodolfo Ziberna<\/strong>, al vice presidente della Regione <strong>Mario Anzil<\/strong> e alla spadista olimpica <strong>Mara Navarria<\/strong>.<\/p>\n<p>Con loro anche una delegazione di campioni che hanno caratterizzato lo sport a Gorizia.<\/p>\n<figure id=\"attachment_62535\" aria-describedby=\"caption-attachment-62535\" style=\"width: 1000px\" class=\"wp-caption aligncenter\"><img loading=\"lazy\" decoding=\"async\" class=\"size-full wp-image-62535\" src=\"https:\/\/imagazine.it\/wp-content\/uploads\/2025\/02\/Go2025@PromoTurismo-FVG_2025-8988.jpg\" alt=\"\" width=\"1000\" height=\"667\" title=\"\" srcset=\"https:\/\/imagazine.it\/wp-content\/uploads\/2025\/02\/Go2025@PromoTurismo-FVG_2025-8988.jpg 1000w, https:\/\/imagazine.it\/wp-content\/uploads\/2025\/02\/Go2025@PromoTurismo-FVG_2025-8988-300x200.jpg 300w, https:\/\/imagazine.it\/wp-content\/uploads\/2025\/02\/Go2025@PromoTurismo-FVG_2025-8988-768x512.jpg 768w, https:\/\/imagazine.it\/wp-content\/uploads\/2025\/02\/Go2025@PromoTurismo-FVG_2025-8988-391x260.jpg 391w, https:\/\/imagazine.it\/wp-content\/uploads\/2025\/02\/Go2025@PromoTurismo-FVG_2025-8988-272x182.jpg 272w\" sizes=\"auto, (max-width: 1000px) 100vw, 1000px\" \/><figcaption id=\"caption-attachment-62535\" class=\"wp-caption-text\">(ph. PromoTurismoFVG)<\/figcaption><\/figure>\n<p>In precedenza il corteo che ha dato il via all\u2019inaugurazione della Capitale Europea della cultura aveva visto la partecipazione di associazioni, scuole, artisti, bande, sindaci del territorio e cittadini. Due ali di folla lungo corso Italia e corso Verdi hanno accolto e accompagnato la sfilata, tra innumerevoli bandierine del colore verde Isonzo.<\/p>\n<p>Da via Oberdan il serpentone colorato ha raggiunto piazza Vittoria, affollata in ogni angolo.<\/p>\n<figure id=\"attachment_62536\" aria-describedby=\"caption-attachment-62536\" style=\"width: 1000px\" class=\"wp-caption aligncenter\"><img loading=\"lazy\" decoding=\"async\" class=\"size-full wp-image-62536\" src=\"https:\/\/imagazine.it\/wp-content\/uploads\/2025\/02\/Go2025@PromoTurismo-FVG_2025-9079.jpg\" alt=\"\" width=\"1000\" height=\"667\" title=\"\" srcset=\"https:\/\/imagazine.it\/wp-content\/uploads\/2025\/02\/Go2025@PromoTurismo-FVG_2025-9079.jpg 1000w, https:\/\/imagazine.it\/wp-content\/uploads\/2025\/02\/Go2025@PromoTurismo-FVG_2025-9079-300x200.jpg 300w, https:\/\/imagazine.it\/wp-content\/uploads\/2025\/02\/Go2025@PromoTurismo-FVG_2025-9079-768x512.jpg 768w, https:\/\/imagazine.it\/wp-content\/uploads\/2025\/02\/Go2025@PromoTurismo-FVG_2025-9079-391x260.jpg 391w, https:\/\/imagazine.it\/wp-content\/uploads\/2025\/02\/Go2025@PromoTurismo-FVG_2025-9079-272x182.jpg 272w\" sizes=\"auto, (max-width: 1000px) 100vw, 1000px\" \/><figcaption id=\"caption-attachment-62536\" class=\"wp-caption-text\">(ph. PromoTurismoFVG)<\/figcaption><\/figure>\n<p>\u201cOggi \u00e8 il momento della festa e del ringraziamento\u201d, ha affermato il sindaco Ziberna.<\/p>\n<p>\u201cNon abbiamo mai assistito &#8211; ha proseguito &#8211; a un evento di questa portata in termini di visibilit\u00e0. Comincia una nuova epoca per tutto il territorio. Oggi le relazioni tra le nostre citt\u00e0 sono esplose per la partecipazione di tanti di voi. Dobbiamo guardare al futuro e pensare alla crescita per i nostri giovani. La nostra capitale \u00e8 sempre stata un noi. Grazie ai sindaci che ci hanno preceduto, ai cittadini e alle associazioni che hanno creato le condizioni che ci hanno portato qui oggi. Un Grazie immenso alla Regione. Questa \u00e8 la Gorizia di cui tutti noi andiamo fieri. \u00c8 gi\u00e0 un trionfo. E soprattutto: <em>yes we go\u201d<\/em>.<\/p>\n<p>Sul palco accanto a lui anche il sindaco di Nova Gorica, <strong>Samo Turel<\/strong>: \u201cSono molto emozionato: stiamo scrivendo una pagina di storia\u201d.<\/p>\n<figure id=\"attachment_62537\" aria-describedby=\"caption-attachment-62537\" style=\"width: 1000px\" class=\"wp-caption aligncenter\"><img loading=\"lazy\" decoding=\"async\" class=\"size-full wp-image-62537\" src=\"https:\/\/imagazine.it\/wp-content\/uploads\/2025\/02\/Go2025@PromoTurismo-FVG_2025-7561.jpg\" alt=\"\" width=\"1000\" height=\"667\" title=\"\" srcset=\"https:\/\/imagazine.it\/wp-content\/uploads\/2025\/02\/Go2025@PromoTurismo-FVG_2025-7561.jpg 1000w, https:\/\/imagazine.it\/wp-content\/uploads\/2025\/02\/Go2025@PromoTurismo-FVG_2025-7561-300x200.jpg 300w, https:\/\/imagazine.it\/wp-content\/uploads\/2025\/02\/Go2025@PromoTurismo-FVG_2025-7561-768x512.jpg 768w, https:\/\/imagazine.it\/wp-content\/uploads\/2025\/02\/Go2025@PromoTurismo-FVG_2025-7561-391x260.jpg 391w, https:\/\/imagazine.it\/wp-content\/uploads\/2025\/02\/Go2025@PromoTurismo-FVG_2025-7561-272x182.jpg 272w\" sizes=\"auto, (max-width: 1000px) 100vw, 1000px\" \/><figcaption id=\"caption-attachment-62537\" class=\"wp-caption-text\">Turel e Ziberna (ph. PromoTurismoFVG)<\/figcaption><\/figure>\n","protected":false},"excerpt":{"rendered":"<p>Il presidente della Repubblica, Sergio Mattarella, plaude la Capitale Europea della Cultura transfrontaliera nel giorno dell&#8217;inaugurazione<\/p>\n","protected":false},"author":3,"featured_media":62538,"comment_status":"closed","ping_status":"closed","sticky":false,"template":"","format":"image","meta":{"dwc-title":[""],"dwc-content":[""],"footnotes":""},"categories":[5],"tags":[1112,123,43],"class_list":["post-62533","post","type-post","status-publish","format-image","has-post-thumbnail","hentry","category-attualita","tag-capitale-europea-cultura","tag-go2025","tag-gorizia","post_format-post-format-image"],"rttpg_featured_image_url":{"full":["https:\/\/imagazine.it\/wp-content\/uploads\/2025\/02\/58f79c28-a218-4883-8469-7cbfbd82ea0d.jpeg",1366,771,false],"landscape":["https:\/\/imagazine.it\/wp-content\/uploads\/2025\/02\/58f79c28-a218-4883-8469-7cbfbd82ea0d.jpeg",1366,771,false],"portraits":["https:\/\/imagazine.it\/wp-content\/uploads\/2025\/02\/58f79c28-a218-4883-8469-7cbfbd82ea0d.jpeg",1366,771,false],"thumbnail":["https:\/\/imagazine.it\/wp-content\/uploads\/2025\/02\/58f79c28-a218-4883-8469-7cbfbd82ea0d-150x150.jpeg",150,150,true],"medium":["https:\/\/imagazine.it\/wp-content\/uploads\/2025\/02\/58f79c28-a218-4883-8469-7cbfbd82ea0d-300x169.jpeg",300,169,true],"large":["https:\/\/imagazine.it\/wp-content\/uploads\/2025\/02\/58f79c28-a218-4883-8469-7cbfbd82ea0d-1024x578.jpeg",640,361,true],"thumblist":["https:\/\/imagazine.it\/wp-content\/uploads\/2025\/02\/58f79c28-a218-4883-8469-7cbfbd82ea0d-300x300.jpeg",300,300,true],"thumbrelated":["https:\/\/imagazine.it\/wp-content\/uploads\/2025\/02\/58f79c28-a218-4883-8469-7cbfbd82ea0d-500x500.jpeg",500,500,true],"meccarouselthumb":["https:\/\/imagazine.it\/wp-content\/uploads\/2025\/02\/58f79c28-a218-4883-8469-7cbfbd82ea0d-474x324.jpeg",474,324,true],"gridsquare":["https:\/\/imagazine.it\/wp-content\/uploads\/2025\/02\/58f79c28-a218-4883-8469-7cbfbd82ea0d-391x260.jpeg",391,260,true],"tileview":["https:\/\/imagazine.it\/wp-content\/uploads\/2025\/02\/58f79c28-a218-4883-8469-7cbfbd82ea0d-300x400.jpeg",300,400,true],"1536x1536":["https:\/\/imagazine.it\/wp-content\/uploads\/2025\/02\/58f79c28-a218-4883-8469-7cbfbd82ea0d.jpeg",1366,771,false],"2048x2048":["https:\/\/imagazine.it\/wp-content\/uploads\/2025\/02\/58f79c28-a218-4883-8469-7cbfbd82ea0d.jpeg",1366,771,false],"newsup-slider-full":["https:\/\/imagazine.it\/wp-content\/uploads\/2025\/02\/58f79c28-a218-4883-8469-7cbfbd82ea0d-1280x720.jpeg",1280,720,true],"newsup-featured":["https:\/\/imagazine.it\/wp-content\/uploads\/2025\/02\/58f79c28-a218-4883-8469-7cbfbd82ea0d-1024x578.jpeg",1024,578,true],"newsup-medium":["https:\/\/imagazine.it\/wp-content\/uploads\/2025\/02\/58f79c28-a218-4883-8469-7cbfbd82ea0d-720x380.jpeg",720,380,true],"tptn_thumbnail":["https:\/\/imagazine.it\/wp-content\/uploads\/2025\/02\/58f79c28-a218-4883-8469-7cbfbd82ea0d-250x210.jpeg",250,210,true],"sow-carousel-default":["https:\/\/imagazine.it\/wp-content\/uploads\/2025\/02\/58f79c28-a218-4883-8469-7cbfbd82ea0d-272x182.jpeg",272,182,true]},"rttpg_author":{"display_name":"Andrea Doncovio","author_link":"https:\/\/imagazine.it\/home_desk\/author\/andrea\/"},"rttpg_comment":0,"rttpg_category":"<a href=\"https:\/\/imagazine.it\/home_desk\/category\/attualita\/\" rel=\"category tag\">ATTUALIT\u00c0<\/a>","rttpg_excerpt":"Il presidente della Repubblica, Sergio Mattarella, plaude la Capitale Europea della Cultura transfrontaliera nel giorno dell'inaugurazione","_links":{"self":[{"href":"https:\/\/imagazine.it\/home_desk\/wp-json\/wp\/v2\/posts\/62533","targetHints":{"allow":["GET"]}}],"collection":[{"href":"https:\/\/imagazine.it\/home_desk\/wp-json\/wp\/v2\/posts"}],"about":[{"href":"https:\/\/imagazine.it\/home_desk\/wp-json\/wp\/v2\/types\/post"}],"author":[{"embeddable":true,"href":"https:\/\/imagazine.it\/home_desk\/wp-json\/wp\/v2\/users\/3"}],"replies":[{"embeddable":true,"href":"https:\/\/imagazine.it\/home_desk\/wp-json\/wp\/v2\/comments?post=62533"}],"version-history":[{"count":0,"href":"https:\/\/imagazine.it\/home_desk\/wp-json\/wp\/v2\/posts\/62533\/revisions"}],"wp:featuredmedia":[{"embeddable":true,"href":"https:\/\/imagazine.it\/home_desk\/wp-json\/wp\/v2\/media\/62538"}],"wp:attachment":[{"href":"https:\/\/imagazine.it\/home_desk\/wp-json\/wp\/v2\/media?parent=62533"}],"wp:term":[{"taxonomy":"category","embeddable":true,"href":"https:\/\/imagazine.it\/home_desk\/wp-json\/wp\/v2\/categories?post=62533"},{"taxonomy":"post_tag","embeddable":true,"href":"https:\/\/imagazine.it\/home_desk\/wp-json\/wp\/v2\/tags?post=62533"}],"curies":[{"name":"wp","href":"https:\/\/api.w.org\/{rel}","templated":true}]}}