{"id":62523,"date":"2025-02-07T17:27:14","date_gmt":"2025-02-07T16:27:14","guid":{"rendered":"https:\/\/imagazine.it\/home_desk\/?p=62523"},"modified":"2025-02-11T09:52:24","modified_gmt":"2025-02-11T08:52:24","slug":"la-vita-sociale-delle-pietre","status":"publish","type":"post","link":"https:\/\/imagazine.it\/home_desk\/la-vita-sociale-delle-pietre\/","title":{"rendered":"La vita sociale delle pietre"},"content":{"rendered":"<p><span style=\"font-size: 10pt;\"><em>(ph. Gabriele Fuso)<\/em><\/span><\/p>\n<p>DUINO AURISINA \u2013 \u201c<em>CAVE \u2013 La vita sociale delle pietre<\/em>&#8221; \u00e8 il titolo della seconda edizione del progetto promosso dal <strong>Comune di Duino Aurisina \u2013 Devin Nabre\u017eina<\/strong>.<\/p>\n<p>Con il contributo della Regione Friuli Venezia Giulia, si propone di esplorare il <strong>ruolo sociale, culturale e spirituale delle pietre<\/strong> nelle diverse societ\u00e0 umane, con un focus particolare sul territorio del Carso.<\/p>\n<p>\u201cLa prima edizione \u2013 ha ricordato il sindaco <strong>Igor Gabrovec<\/strong> durante la conferenza stampa di presentazione \u2013 ha visto la nascita del Museo diffuso KAMEN, dedicato alle cave e alla pietra di Aurisina, attorno al quale sono stati proposti molti eventi culturali rivolti alla \u201cpietra del carso\u201d, ed \u00e8 stato realizzato il primo geo-itinerario <em>La via della Pietra<\/em>\u201d.<\/p>\n<p>\u201cPer questa edizione \u2013 ha anticipato \u2013 \u00e8 allo studio il secondo geo-itinerario <em>Sentiero di Slivia<\/em>, che sar\u00e0 associato a nuove proposte culturali dedicate a un Carso interiore ed emozionale, dove storie e memorie delle genti saranno messe in relazione sociale e confronto con la pietra carsica, come fondamentale elemento naturale e di condivisione del nostro territorio transfrontaliero\u201d.<\/p>\n<p>\u201cIl sottotitolo del progetto <em>La vita sociale delle pietre<\/em> \u2013 ha aggiunto l\u2019assessora comunale alla Cultura <strong>Marjanka Ban <\/strong>\u2013 \u00e8 tratto dalla conferenza che l&#8217;antropologa di fama, Emanuela Borgnino proporr\u00e0 e dove sar\u00e0 analizzata la capacit\u00e0 delle pietre di interagire e agire nelle societ\u00e0 native, cercando spunti dall&#8217;antropologia della natura per capire meglio anche il rapporto tra l&#8217;uomo e la pietra\u00a0del\u00a0Carso.\u201d<\/p>\n<p>Gli obiettivi del progetto spaziano dalla <strong>valorizzazione dei geositi e delle tradizioni culturali legate alla pietra<\/strong>, al coinvolgimento delle comunit\u00e0 locali nella raccolta di memorie e documenti per arricchire il Museo Diffuso.<\/p>\n<p>Il progetto mira inoltre a <strong>promuovere la conoscenza scientifica, storica e artistica del territorio<\/strong>, sensibilizzando il pubblico sulla salvaguardia della geodiversit\u00e0 e della memoria collettiva legata ai geositi carsici.<\/p>\n<p>Dal punto di vista turistico, CAVE 2 si propone di ampliare l\u2019offerta di geo-itinerari, favorire una rete di accoglienza per il geo-turista e integrare il geoturismo locale nella promozione turistica regionale ed europea, attraverso la collaborazione tra enti pubblici e privati per valorizzare l\u2019ecosistema della pietra del Carso e del geoparco di Duino Aurisina.<\/p>\n<figure id=\"attachment_62524\" aria-describedby=\"caption-attachment-62524\" style=\"width: 800px\" class=\"wp-caption aligncenter\"><img loading=\"lazy\" decoding=\"async\" class=\"size-full wp-image-62524\" src=\"https:\/\/imagazine.it\/wp-content\/uploads\/2025\/02\/Foto-di-gruppo.jpg\" alt=\"\" width=\"800\" height=\"687\" title=\"\" srcset=\"https:\/\/imagazine.it\/wp-content\/uploads\/2025\/02\/Foto-di-gruppo.jpg 800w, https:\/\/imagazine.it\/wp-content\/uploads\/2025\/02\/Foto-di-gruppo-300x258.jpg 300w, https:\/\/imagazine.it\/wp-content\/uploads\/2025\/02\/Foto-di-gruppo-768x660.jpg 768w\" sizes=\"auto, (max-width: 800px) 100vw, 800px\" \/><figcaption id=\"caption-attachment-62524\" class=\"wp-caption-text\">I protagonisti dell&#8217;iniziativa<\/figcaption><\/figure>\n<p>\u201cL\u2019interesse della Regione Friuli Venezia Giulia \u2013 ha sottolineato <strong>Chiara Piano<\/strong> della Direzione centrale difesa dell\u2019Ambiente, Energia e Sviluppo Sostenibile Servizio geologico \u2013 \u00e8 anche riconoscere e sottolineare il valore che tale patrimonio ha nella nostra vita quotidiana. Nelle pietre, nelle rocce, nelle formazioni geologiche sono custodite non solo le testimonianze dell\u2019evoluzione del nostro pianeta, ma anche le storie delle persone, delle tradizioni, dei mestieri delle popolazioni locali\u201d.<\/p>\n<p>Dietro alle pietre oggetto di questo progetto, c\u2019\u00e8 anche il coraggio degli imprenditori che sin dai tempi antichi ha consentito di utilizzare quelle stesse pietre per realizzare importanti monumenti e residenze presenti in tutto il mondo, e ci sono anche i frutti della terra che caratterizzano dal punto di vista eno-grastonomico il territorio di produzione.<\/p>\n<p>L\u2019auspicio \u00e8 che questi valori associati o, meglio, basati sul patrimonio geologico possano essere testimoniati e trasmessi per lungo tempo, durante il quale \u00e8 necessario non smettere di acquisire e divulgare nuove conoscenze sul patrimonio geologico e sulla geodiversit\u00e0\u201d.<\/p>\n<p><span style=\"text-decoration: underline;\"><a href=\"https:\/\/museokamen.eu\/eventi\/\" target=\"_blank\" rel=\"noopener\">Per scoprire tutte le iniziative del progetto clicca qui<\/a><\/span><\/p>\n","protected":false},"excerpt":{"rendered":"<p>Il Comune di Duino Aurisina studia il geo-itinerario &#8220;Sentiero di Slivia&#8221;, che sar\u00e0 associato a nuove proposte culturali dedicate a un Carso interiore ed emozionale<\/p>\n","protected":false},"author":28,"featured_media":62526,"comment_status":"closed","ping_status":"closed","sticky":false,"template":"","format":"image","meta":{"dwc-title":[""],"dwc-content":[""],"footnotes":""},"categories":[8],"tags":[66,165,1028,1462,72,2743],"class_list":["post-62523","post","type-post","status-publish","format-image","has-post-thumbnail","hentry","category-turismo","tag-ambiente","tag-arte","tag-carso","tag-duino-aurisina","tag-natura","tag-pietre","post_format-post-format-image"],"rttpg_featured_image_url":{"full":["https:\/\/imagazine.it\/wp-content\/uploads\/2025\/02\/Gabriele-Fuso.jpg",1366,797,false],"landscape":["https:\/\/imagazine.it\/wp-content\/uploads\/2025\/02\/Gabriele-Fuso.jpg",1366,797,false],"portraits":["https:\/\/imagazine.it\/wp-content\/uploads\/2025\/02\/Gabriele-Fuso.jpg",1366,797,false],"thumbnail":["https:\/\/imagazine.it\/wp-content\/uploads\/2025\/02\/Gabriele-Fuso-150x150.jpg",150,150,true],"medium":["https:\/\/imagazine.it\/wp-content\/uploads\/2025\/02\/Gabriele-Fuso-300x175.jpg",300,175,true],"large":["https:\/\/imagazine.it\/wp-content\/uploads\/2025\/02\/Gabriele-Fuso-1024x597.jpg",640,373,true],"thumblist":["https:\/\/imagazine.it\/wp-content\/uploads\/2025\/02\/Gabriele-Fuso-300x300.jpg",300,300,true],"thumbrelated":["https:\/\/imagazine.it\/wp-content\/uploads\/2025\/02\/Gabriele-Fuso-500x500.jpg",500,500,true],"meccarouselthumb":["https:\/\/imagazine.it\/wp-content\/uploads\/2025\/02\/Gabriele-Fuso-474x324.jpg",474,324,true],"gridsquare":["https:\/\/imagazine.it\/wp-content\/uploads\/2025\/02\/Gabriele-Fuso-391x260.jpg",391,260,true],"tileview":["https:\/\/imagazine.it\/wp-content\/uploads\/2025\/02\/Gabriele-Fuso-300x400.jpg",300,400,true],"1536x1536":["https:\/\/imagazine.it\/wp-content\/uploads\/2025\/02\/Gabriele-Fuso.jpg",1366,797,false],"2048x2048":["https:\/\/imagazine.it\/wp-content\/uploads\/2025\/02\/Gabriele-Fuso.jpg",1366,797,false],"newsup-slider-full":["https:\/\/imagazine.it\/wp-content\/uploads\/2025\/02\/Gabriele-Fuso-1280x720.jpg",1280,720,true],"newsup-featured":["https:\/\/imagazine.it\/wp-content\/uploads\/2025\/02\/Gabriele-Fuso-1024x597.jpg",1024,597,true],"newsup-medium":["https:\/\/imagazine.it\/wp-content\/uploads\/2025\/02\/Gabriele-Fuso-720x380.jpg",720,380,true],"tptn_thumbnail":["https:\/\/imagazine.it\/wp-content\/uploads\/2025\/02\/Gabriele-Fuso-250x210.jpg",250,210,true],"sow-carousel-default":["https:\/\/imagazine.it\/wp-content\/uploads\/2025\/02\/Gabriele-Fuso-272x182.jpg",272,182,true]},"rttpg_author":{"display_name":"redazione","author_link":"https:\/\/imagazine.it\/home_desk\/author\/redazione\/"},"rttpg_comment":0,"rttpg_category":"<a href=\"https:\/\/imagazine.it\/home_desk\/category\/turismo\/\" rel=\"category tag\">TURISMO<\/a>","rttpg_excerpt":"Il Comune di Duino Aurisina studia il geo-itinerario \"Sentiero di Slivia\", che sar\u00e0 associato a nuove proposte culturali dedicate a un Carso interiore ed emozionale","_links":{"self":[{"href":"https:\/\/imagazine.it\/home_desk\/wp-json\/wp\/v2\/posts\/62523","targetHints":{"allow":["GET"]}}],"collection":[{"href":"https:\/\/imagazine.it\/home_desk\/wp-json\/wp\/v2\/posts"}],"about":[{"href":"https:\/\/imagazine.it\/home_desk\/wp-json\/wp\/v2\/types\/post"}],"author":[{"embeddable":true,"href":"https:\/\/imagazine.it\/home_desk\/wp-json\/wp\/v2\/users\/28"}],"replies":[{"embeddable":true,"href":"https:\/\/imagazine.it\/home_desk\/wp-json\/wp\/v2\/comments?post=62523"}],"version-history":[{"count":0,"href":"https:\/\/imagazine.it\/home_desk\/wp-json\/wp\/v2\/posts\/62523\/revisions"}],"wp:featuredmedia":[{"embeddable":true,"href":"https:\/\/imagazine.it\/home_desk\/wp-json\/wp\/v2\/media\/62526"}],"wp:attachment":[{"href":"https:\/\/imagazine.it\/home_desk\/wp-json\/wp\/v2\/media?parent=62523"}],"wp:term":[{"taxonomy":"category","embeddable":true,"href":"https:\/\/imagazine.it\/home_desk\/wp-json\/wp\/v2\/categories?post=62523"},{"taxonomy":"post_tag","embeddable":true,"href":"https:\/\/imagazine.it\/home_desk\/wp-json\/wp\/v2\/tags?post=62523"}],"curies":[{"name":"wp","href":"https:\/\/api.w.org\/{rel}","templated":true}]}}