{"id":62496,"date":"2025-02-06T15:56:13","date_gmt":"2025-02-06T14:56:13","guid":{"rendered":"https:\/\/imagazine.it\/home_desk\/?p=62496"},"modified":"2025-02-07T17:27:39","modified_gmt":"2025-02-07T16:27:39","slug":"toni-capuozzo-tira-la-volata-a-monfalcone-geografie","status":"publish","type":"post","link":"https:\/\/imagazine.it\/home_desk\/toni-capuozzo-tira-la-volata-a-monfalcone-geografie\/","title":{"rendered":"Toni Capuozzo tira la volata a Monfalcone Geografie"},"content":{"rendered":"<p><em>Toni Capuozzo<\/em><\/p>\n<p>MONFALCONE \u2013 Torna <strong><em>Aspettando Geografie<\/em><\/strong>, in programma <strong>dal 7 al 25 febbraio<\/strong>.<\/p>\n<p>Quattro incontri d\u2019autore che accompagneranno verso la settimana edizione di <strong><em>Monfalcone Geografie<\/em><\/strong>, prevista dal 26 al 30 marzo prossimi.<\/p>\n<p>Il percorso letterario prende avvio a <strong>Monfalcone<\/strong> <strong>venerd\u00ec 7 febbraio<\/strong> alle ore 18 presso la <strong>Biblioteca comunale<\/strong>. La serata vedr\u00e0 protagonista <strong>Duccio Balestracci<\/strong>, docente di Storia medievale e Civilt\u00e0 medievali all&#8217;Universit\u00e0 di Siena, che presenter\u00e0 &#8220;<em>Attraversando l&#8217;anno. Natura, stagioni, riti<\/em>&#8220;.<\/p>\n<p>L&#8217;incontro, moderato da <strong>Andrea Pastore<\/strong> e realizzato in collaborazione con l&#8217;Associazione Nazionale Marinai d&#8217;Italia (ANMI) &#8211; Gruppo di Monfalcone, approfondir\u00e0 il significato di antiche ricorrenze come la Candelora e le feste di San Giovanni, analizzando la sedimentazione di tradizioni pagane e cristiane nella nostra cultura.<\/p>\n<p>La rassegna si sposter\u00e0 poi a <strong>Pordenone<\/strong> dove, <strong>venerd\u00ec 14 febbraio<\/strong> alle ore 18, a Palazzo Badini &#8211; Sala Ellero, lo scrittore <strong>Fulvio Ervas<\/strong>, in dialogo con <strong>Alberto Garlini<\/strong>, presenter\u00e0 &#8220;<em>Il tatuatore innamorato<\/em>&#8220;.<\/p>\n<p>Il terzo appuntamento, in calendario <strong>venerd\u00ec 21 febbraio<\/strong> alle ore 18 presso La Ferula &#8211; Locanda Italia di <strong>Staranzano<\/strong>, propone l&#8217;incontro con <strong>Giovanni Baiocchi<\/strong>. L&#8217;autore dialogher\u00e0 con il senatore <strong>Marco Dreosto<\/strong> presentando &#8220;<em>Un Paese dove andare in vacanza<\/em>&#8220;.<\/p>\n<p>A suggellare il percorso sar\u00e0 l&#8217;appuntamento di <strong>marted\u00ec 25 febbraio<\/strong> alle ore 17.30 presso la Sala Dora Bassi di <strong>Gorizia<\/strong> con <strong>Toni Capuozzo<\/strong>.<\/p>\n<p>Il giornalista e scrittore sar\u00e0 protagonista di un incontro dal titolo &#8220;<em>I conflitti spiegati ai ragazzi&#8230; e ai grandi<\/em>&#8220;, in cui tratter\u00e0 del suo omonimo libro, un manuale principalmente rivolto ai ragazzi, arricchito dai contributi del generale Francesco Ippoliti e dalle illustrazioni di Armando Miron Polacco. L&#8217;incontro sar\u00e0 curato dagli <strong>Ambasciatori <\/strong>del festival <em>Monfalcone Geografie<\/em>: <strong>Margherita Cociani, Chiara Natali, Agnese Puzzi, Alessandro Zorzut ed Emma Zuttion<\/strong>, studenti delle scuole cittadine.<\/p>\n","protected":false},"excerpt":{"rendered":"<p>Il giornalista protagonista a Gorizia dell&#8217;ultimo di quattro incontri di lancio del festival letterario in programma a fine marzo<\/p>\n","protected":false},"author":28,"featured_media":62497,"comment_status":"closed","ping_status":"closed","sticky":false,"template":"","format":"image","meta":{"dwc-title":[""],"dwc-content":[""],"footnotes":""},"categories":[37],"tags":[261,826,58,1304,43,273,51,2739],"class_list":["post-62496","post","type-post","status-publish","format-image","has-post-thumbnail","hentry","category-cultura-e-spettacolo","tag-eventi","tag-eventi-fvg","tag-festival","tag-geografie","tag-gorizia","tag-libri","tag-monfalcone","tag-monfalcone-geogrfie","post_format-post-format-image"],"rttpg_featured_image_url":{"full":["https:\/\/imagazine.it\/wp-content\/uploads\/2025\/02\/Capuozzo-Toni-FOTO.jpg",1366,811,false],"landscape":["https:\/\/imagazine.it\/wp-content\/uploads\/2025\/02\/Capuozzo-Toni-FOTO.jpg",1366,811,false],"portraits":["https:\/\/imagazine.it\/wp-content\/uploads\/2025\/02\/Capuozzo-Toni-FOTO.jpg",1366,811,false],"thumbnail":["https:\/\/imagazine.it\/wp-content\/uploads\/2025\/02\/Capuozzo-Toni-FOTO-150x150.jpg",150,150,true],"medium":["https:\/\/imagazine.it\/wp-content\/uploads\/2025\/02\/Capuozzo-Toni-FOTO-300x178.jpg",300,178,true],"large":["https:\/\/imagazine.it\/wp-content\/uploads\/2025\/02\/Capuozzo-Toni-FOTO-1024x608.jpg",640,380,true],"thumblist":["https:\/\/imagazine.it\/wp-content\/uploads\/2025\/02\/Capuozzo-Toni-FOTO-300x300.jpg",300,300,true],"thumbrelated":["https:\/\/imagazine.it\/wp-content\/uploads\/2025\/02\/Capuozzo-Toni-FOTO-500x500.jpg",500,500,true],"meccarouselthumb":["https:\/\/imagazine.it\/wp-content\/uploads\/2025\/02\/Capuozzo-Toni-FOTO-474x324.jpg",474,324,true],"gridsquare":["https:\/\/imagazine.it\/wp-content\/uploads\/2025\/02\/Capuozzo-Toni-FOTO-391x260.jpg",391,260,true],"tileview":["https:\/\/imagazine.it\/wp-content\/uploads\/2025\/02\/Capuozzo-Toni-FOTO-300x400.jpg",300,400,true],"1536x1536":["https:\/\/imagazine.it\/wp-content\/uploads\/2025\/02\/Capuozzo-Toni-FOTO.jpg",1366,811,false],"2048x2048":["https:\/\/imagazine.it\/wp-content\/uploads\/2025\/02\/Capuozzo-Toni-FOTO.jpg",1366,811,false],"newsup-slider-full":["https:\/\/imagazine.it\/wp-content\/uploads\/2025\/02\/Capuozzo-Toni-FOTO-1280x720.jpg",1280,720,true],"newsup-featured":["https:\/\/imagazine.it\/wp-content\/uploads\/2025\/02\/Capuozzo-Toni-FOTO-1024x608.jpg",1024,608,true],"newsup-medium":["https:\/\/imagazine.it\/wp-content\/uploads\/2025\/02\/Capuozzo-Toni-FOTO-720x380.jpg",720,380,true],"tptn_thumbnail":["https:\/\/imagazine.it\/wp-content\/uploads\/2025\/02\/Capuozzo-Toni-FOTO-250x210.jpg",250,210,true],"sow-carousel-default":["https:\/\/imagazine.it\/wp-content\/uploads\/2025\/02\/Capuozzo-Toni-FOTO-272x182.jpg",272,182,true]},"rttpg_author":{"display_name":"redazione","author_link":"https:\/\/imagazine.it\/home_desk\/author\/redazione\/"},"rttpg_comment":0,"rttpg_category":"<a href=\"https:\/\/imagazine.it\/home_desk\/category\/cultura-e-spettacolo\/\" rel=\"category tag\">CULTURA&amp;SPETTACOLO<\/a>","rttpg_excerpt":"Il giornalista protagonista a Gorizia dell'ultimo di quattro incontri di lancio del festival letterario in programma a fine marzo","_links":{"self":[{"href":"https:\/\/imagazine.it\/home_desk\/wp-json\/wp\/v2\/posts\/62496","targetHints":{"allow":["GET"]}}],"collection":[{"href":"https:\/\/imagazine.it\/home_desk\/wp-json\/wp\/v2\/posts"}],"about":[{"href":"https:\/\/imagazine.it\/home_desk\/wp-json\/wp\/v2\/types\/post"}],"author":[{"embeddable":true,"href":"https:\/\/imagazine.it\/home_desk\/wp-json\/wp\/v2\/users\/28"}],"replies":[{"embeddable":true,"href":"https:\/\/imagazine.it\/home_desk\/wp-json\/wp\/v2\/comments?post=62496"}],"version-history":[{"count":0,"href":"https:\/\/imagazine.it\/home_desk\/wp-json\/wp\/v2\/posts\/62496\/revisions"}],"wp:featuredmedia":[{"embeddable":true,"href":"https:\/\/imagazine.it\/home_desk\/wp-json\/wp\/v2\/media\/62497"}],"wp:attachment":[{"href":"https:\/\/imagazine.it\/home_desk\/wp-json\/wp\/v2\/media?parent=62496"}],"wp:term":[{"taxonomy":"category","embeddable":true,"href":"https:\/\/imagazine.it\/home_desk\/wp-json\/wp\/v2\/categories?post=62496"},{"taxonomy":"post_tag","embeddable":true,"href":"https:\/\/imagazine.it\/home_desk\/wp-json\/wp\/v2\/tags?post=62496"}],"curies":[{"name":"wp","href":"https:\/\/api.w.org\/{rel}","templated":true}]}}