{"id":62452,"date":"2025-02-05T11:33:14","date_gmt":"2025-02-05T10:33:14","guid":{"rendered":"https:\/\/imagazine.it\/home_desk\/?p=62452"},"modified":"2025-02-05T11:33:14","modified_gmt":"2025-02-05T10:33:14","slug":"al-servizio-della-comunita","status":"publish","type":"post","link":"https:\/\/imagazine.it\/home_desk\/al-servizio-della-comunita\/","title":{"rendered":"Al servizio della comunit\u00e0"},"content":{"rendered":"<p>RUDA \u2013 La nuova sede di via Udine ha ospitato l&#8217;assemblea annuale della <strong>sezione degli Alpini di Ruda<\/strong>.<\/p>\n<p>Si sono ritrovati circa trenta tra soci e simpatizzanti per fare il punto sulle attivit\u00e0 svolte nel corso dell&#8217;anno appena passato.<\/p>\n<p>Il delegato <strong>Daniele Peressutti<\/strong>, rappresentate della sezione e nominato presidente dell&#8217;assemblea, nel presentare alcuni aspetti dell\u2019attivit\u00e0 sezionale si \u00e8 complimentato per il dinamismo e la vivacit\u00e0 del gruppo di Ruda mentre il capogruppo <strong>Flavio Fornasari <\/strong>ha presentato una dettagliata relazione morale, illustrando le principali iniziative realizzate.<\/p>\n<p>Tra queste la partecipazione all&#8217;Adunata nazionale di Vicenza, la cura del Parco della Rimembranza di Perteole con lo sfalcio dell&#8217;erba e altre manutenzioni, l\u2019organizzazione di manifestazioni a livello sezionale e locale, il supporto logistico ad altre associazioni paesane per varie manifestazioni, con il montaggio di tendoni e preparazioni di pasti, non ultima la \u201c<em>Marcia della Solidariet\u00e0<\/em>\u201d a favore dell\u2019UILDM.<\/p>\n<p>Durante l&#8217;assemblea \u00e8 stato presentato anche il bilancio finanziario che vede una situazione tranquilla, pur trattandosi di cifre non elevate.<\/p>\n<p><img loading=\"lazy\" decoding=\"async\" class=\"aligncenter size-full wp-image-62454\" src=\"https:\/\/imagazine.it\/wp-content\/uploads\/2025\/02\/assemblea-alpini-2025-06.jpg\" alt=\"\" width=\"1000\" height=\"616\" title=\"\" srcset=\"https:\/\/imagazine.it\/wp-content\/uploads\/2025\/02\/assemblea-alpini-2025-06.jpg 1000w, https:\/\/imagazine.it\/wp-content\/uploads\/2025\/02\/assemblea-alpini-2025-06-300x185.jpg 300w, https:\/\/imagazine.it\/wp-content\/uploads\/2025\/02\/assemblea-alpini-2025-06-768x473.jpg 768w\" sizes=\"auto, (max-width: 1000px) 100vw, 1000px\" \/><\/p>\n<p>Sono intervenuti anche il sindaco <strong>Franco Lenarduzzi<\/strong> e il presidente della sezione di Palmanova, <strong>Stefano Padovan<\/strong>, anch&#8217;egli orgogliosamente membro del gruppo di Ruda, i quali hanno rivolto un saluto al gruppo, esprimendo apprezzamento per le attivit\u00e0 svolte durante l&#8217;anno.<\/p>\n<p>A conclusione dell\u2019assemblea dopo aver esaminato le proposte di attivit\u00e0 per il 2025, la serata si \u00e8 conclusa con un momento conviviale.<\/p>\n","protected":false},"excerpt":{"rendered":"<p>Gli Alpini di Ruda rilanciano le proprie attivit\u00e0 per il 2025, confermando il supporto logistico alle associazioni dei territorio<\/p>\n","protected":false},"author":22,"featured_media":62453,"comment_status":"closed","ping_status":"closed","sticky":false,"template":"","format":"image","meta":{"dwc-title":[""],"dwc-content":[""],"footnotes":""},"categories":[5],"tags":[213,212,2732,214],"class_list":["post-62452","post","type-post","status-publish","format-image","has-post-thumbnail","hentry","category-attualita","tag-alpini","tag-ruda","tag-servizio","tag-volontariato","post_format-post-format-image"],"rttpg_featured_image_url":{"full":["https:\/\/imagazine.it\/wp-content\/uploads\/2025\/02\/assemblea-alpini-2025-02.jpg",1366,686,false],"landscape":["https:\/\/imagazine.it\/wp-content\/uploads\/2025\/02\/assemblea-alpini-2025-02.jpg",1366,686,false],"portraits":["https:\/\/imagazine.it\/wp-content\/uploads\/2025\/02\/assemblea-alpini-2025-02.jpg",1366,686,false],"thumbnail":["https:\/\/imagazine.it\/wp-content\/uploads\/2025\/02\/assemblea-alpini-2025-02-150x150.jpg",150,150,true],"medium":["https:\/\/imagazine.it\/wp-content\/uploads\/2025\/02\/assemblea-alpini-2025-02-300x151.jpg",300,151,true],"large":["https:\/\/imagazine.it\/wp-content\/uploads\/2025\/02\/assemblea-alpini-2025-02-1024x514.jpg",640,321,true],"thumblist":["https:\/\/imagazine.it\/wp-content\/uploads\/2025\/02\/assemblea-alpini-2025-02-300x300.jpg",300,300,true],"thumbrelated":["https:\/\/imagazine.it\/wp-content\/uploads\/2025\/02\/assemblea-alpini-2025-02-500x500.jpg",500,500,true],"meccarouselthumb":["https:\/\/imagazine.it\/wp-content\/uploads\/2025\/02\/assemblea-alpini-2025-02-474x324.jpg",474,324,true],"gridsquare":["https:\/\/imagazine.it\/wp-content\/uploads\/2025\/02\/assemblea-alpini-2025-02-391x260.jpg",391,260,true],"tileview":["https:\/\/imagazine.it\/wp-content\/uploads\/2025\/02\/assemblea-alpini-2025-02-300x400.jpg",300,400,true],"1536x1536":["https:\/\/imagazine.it\/wp-content\/uploads\/2025\/02\/assemblea-alpini-2025-02.jpg",1366,686,false],"2048x2048":["https:\/\/imagazine.it\/wp-content\/uploads\/2025\/02\/assemblea-alpini-2025-02.jpg",1366,686,false],"newsup-slider-full":["https:\/\/imagazine.it\/wp-content\/uploads\/2025\/02\/assemblea-alpini-2025-02-1280x686.jpg",1280,686,true],"newsup-featured":["https:\/\/imagazine.it\/wp-content\/uploads\/2025\/02\/assemblea-alpini-2025-02-1024x514.jpg",1024,514,true],"newsup-medium":["https:\/\/imagazine.it\/wp-content\/uploads\/2025\/02\/assemblea-alpini-2025-02-720x380.jpg",720,380,true],"tptn_thumbnail":["https:\/\/imagazine.it\/wp-content\/uploads\/2025\/02\/assemblea-alpini-2025-02-250x210.jpg",250,210,true],"sow-carousel-default":["https:\/\/imagazine.it\/wp-content\/uploads\/2025\/02\/assemblea-alpini-2025-02-272x182.jpg",272,182,true]},"rttpg_author":{"display_name":"Livio Nonis","author_link":"https:\/\/imagazine.it\/home_desk\/author\/nonis\/"},"rttpg_comment":0,"rttpg_category":"<a href=\"https:\/\/imagazine.it\/home_desk\/category\/attualita\/\" rel=\"category tag\">ATTUALIT\u00c0<\/a>","rttpg_excerpt":"Gli Alpini di Ruda rilanciano le proprie attivit\u00e0 per il 2025, confermando il supporto logistico alle associazioni dei territorio","_links":{"self":[{"href":"https:\/\/imagazine.it\/home_desk\/wp-json\/wp\/v2\/posts\/62452","targetHints":{"allow":["GET"]}}],"collection":[{"href":"https:\/\/imagazine.it\/home_desk\/wp-json\/wp\/v2\/posts"}],"about":[{"href":"https:\/\/imagazine.it\/home_desk\/wp-json\/wp\/v2\/types\/post"}],"author":[{"embeddable":true,"href":"https:\/\/imagazine.it\/home_desk\/wp-json\/wp\/v2\/users\/22"}],"replies":[{"embeddable":true,"href":"https:\/\/imagazine.it\/home_desk\/wp-json\/wp\/v2\/comments?post=62452"}],"version-history":[{"count":0,"href":"https:\/\/imagazine.it\/home_desk\/wp-json\/wp\/v2\/posts\/62452\/revisions"}],"wp:featuredmedia":[{"embeddable":true,"href":"https:\/\/imagazine.it\/home_desk\/wp-json\/wp\/v2\/media\/62453"}],"wp:attachment":[{"href":"https:\/\/imagazine.it\/home_desk\/wp-json\/wp\/v2\/media?parent=62452"}],"wp:term":[{"taxonomy":"category","embeddable":true,"href":"https:\/\/imagazine.it\/home_desk\/wp-json\/wp\/v2\/categories?post=62452"},{"taxonomy":"post_tag","embeddable":true,"href":"https:\/\/imagazine.it\/home_desk\/wp-json\/wp\/v2\/tags?post=62452"}],"curies":[{"name":"wp","href":"https:\/\/api.w.org\/{rel}","templated":true}]}}