{"id":62364,"date":"2025-01-30T18:36:52","date_gmt":"2025-01-30T17:36:52","guid":{"rendered":"https:\/\/imagazine.it\/home_desk\/?p=62364"},"modified":"2025-01-31T18:20:34","modified_gmt":"2025-01-31T17:20:34","slug":"il-meglio-del-jazz-italiano-si-riunisce-a-gorizia","status":"publish","type":"post","link":"https:\/\/imagazine.it\/home_desk\/il-meglio-del-jazz-italiano-si-riunisce-a-gorizia\/","title":{"rendered":"Il meglio del jazz italiano si riunisce a Gorizia"},"content":{"rendered":"<p><span style=\"font-size: 10pt;\"><em>Stefano Bollani (ph. Azzurra Primavera)<\/em><\/span><\/p>\n<p>GORIZIA \u2013 Si avvicina la data di apertura di<strong>\u00a0<em>Ponte a\u00a0NordEst<\/em><\/strong>, progetto\u00a0<strong>Euritmica<\/strong>\u00a0inserito tra le attivit\u00e0 strategiche del calendario di\u00a0<strong>GO!2025\u00a0<\/strong>e sostenuto\u00a0dall\u2019Assessorato alla Cultura della\u00a0<strong>Regione Friuli Venezia Giulia<\/strong>.<\/p>\n<p>Il progetto, sotto la\u00a0<strong>direzione artistica di Giancarlo Velliscig<\/strong>, per la prima volta unisce i <strong>massimi esponenti che la scena jazz italiana<\/strong> ha espresso da oltre cinquant\u2019anni: le grandi stelle del jazz si riuniranno in una residenza artistica che si terr\u00e0 a<strong>\u00a0Gorizia dal 13 al 16 febbraio <\/strong>in occasione della prima Capitale\u00a0culturale\u00a0transfrontaliera d\u2019Europa, per un lavoro congiunto e specifico mai realizzato fino ad ora.<\/p>\n<p>Il progetto sviluppato ad hoc sfocer\u00e0 nel concerto di\u00a0<strong>luned\u00ec 17 febbraio alle ore 20.45<\/strong>\u00a0<strong>al Politeama Rossetti<\/strong>:\u00a0un unicum nella storia del jazz\u00a0che mai ha visto condividere il palcoscenico da cos\u00ec tante firme nazionali di livello assoluto.<\/p>\n<h3><strong>I protagonisti<\/strong><\/h3>\n<p>Coordinatore e fulcro musicale del progetto \u00e8\u00a0<strong>Stefano Bollani<\/strong>, pianista tra i pi\u00f9 eclettici e vulcanici che la storia del jazz\u00a0conosca.<\/p>\n<p>La band (per l\u2019occasione battezzata, non a caso,\u00a0<strong>Stefano Bollani All Stars<\/strong>) che lo accompagner\u00e0 in questa avventura \u00e8 composta da <strong>Enrico Rava<\/strong>, <strong>Paolo Fresu<\/strong>, <strong>Roberto Gatto<\/strong>, <strong>Ares Tavolazzi<\/strong>, <strong>Antonello Salis<\/strong>, <strong>Daniele Sepe<\/strong>, <strong>Frida<\/strong>, <strong>Christian Mascetta<\/strong>, <strong>Matteo Mancuso<\/strong>.<\/p>\n<p>Una schiera di musicisti\u00a0con\u00a0caratteri, provenienze, generazioni e stili molto diversi fra loro.<\/p>\n<p><strong>Ospiti in residenza a Gorizia<\/strong>\u00a0lavoreranno insieme, di portare ciascuno il proprio bagaglio musicale per la costruzione di un percorso variegato\u00a0<strong>nel segno dell\u2019internazionalit\u00e0 e della ricchezza nella diversit\u00e0<\/strong>.<\/p>\n<h3><strong>Le giornate goriziane<\/strong><\/h3>\n<p>La residenza\u00a0<strong>dal 13 al 17 febbraio<\/strong>\u00a0sar\u00e0 anche l\u2019occasione per gli artisti di\u00a0<strong>vivere il centro, le aree storiche e il territorio transfrontaliero<\/strong>, cos\u00ec da respirarne clima e cultura e condividere,\u00a0con la comunit\u00e0 e i suoi musicisti e cittadini, l\u2019atmosfera della prima capitale europea transfrontaliera.<\/p>\n<p>Per \u201crespirare jazz\u201d nella capitale transfrontaliera,\u00a0<strong>Ponte a NordEst<\/strong>\u00a0prevede anche una serie di\u00a0<strong><em>Incontri jaz<\/em>z<\/strong>\u00a0(cos\u00ec si chiamava il festival che Euritmica organizz\u00f2, per dieci edizioni, negli anni Novanta a Gorizia), con gruppi regionali e sloveni che suoneranno nei locali e nelle sale goriziane, durante la residenza.<\/p>\n<p><strong>Gioved\u00ec 13 febbraio alle ore 19<\/strong>\u00a0presso la\u00a0<strong>Chincaglieria\u00a0<\/strong>(via Rastello, 60) animer\u00e0 l\u2019aperitivo jazz il\u00a0<strong>Monika Bajer Trio\u00a0<\/strong>(Monika Bajer, voce &#8211; Marco Cepak e Paolo Sciarrini, chitarre) per un programma tra jazz, swing e gipsy dall\u2019anima un po\u2019 retr\u00f2.<\/p>\n<p><strong>Venerd\u00ec 14<\/strong>\u00a0<strong>febbraio<\/strong>\u00a0<strong>alle ore 18.30 al Kinemax\u00a0<\/strong>(Piazza Vittoria) \u00e8 prevista la proiezione di\u00a0<strong><em>Michel Petrucciani. Body and soul<\/em><\/strong>: docufilm dedicato allo straordinario pianista che ben due volte, negli anni Novanta, fu ospite proprio del festival\u00a0<em>Incontri Jazz\u00a0<\/em>di Euritmica.<\/p>\n<p>Contestualmente sar\u00e0 visitabile, nella sala attigua alla proiezione,\u00a0<strong>la mostra di istantanee di Pierluigi Bumbaca<\/strong>\u00a0realizzate nelle edizioni di\u00a0<em>Incontri Jazz<\/em>\u00a0a Gorizia.<\/p>\n<p><strong>Sabato 15 febbraio, alle ore 19 al Rosenbar<\/strong>\u00a0di via Duca d\u2019Aosta 96 toccher\u00e0 al\u00a0<strong>Cross Border Duo\u00a0<\/strong>(Laura Clemente, voce ed Evgen \u0160tefan\u010di\u010d, pianoforte): lei italiana, lui sloveno, nel pieno spirito della capitale, interpreteranno icone storiche e moderne del jazz, tra standard e innovazione.<\/p>\n<p>A seguire,<strong>\u00a0dalle ore 21.30, al Circolo Arci Gong<\/strong>\u00a0(via delle Monache, 10\/A) \u00e8 prevista la \u201c<strong>Notte blues\u201d\u00a0<\/strong>con<strong>\u00a0Claudio Cojaniz al pianoforte e Oriano Ferini all\u2019armonica<\/strong>\u00a0che, con la passione e l\u2019anima blues, omaggeranno la memoria di\u00a0<strong>Mauro Bardusco e Giuliano Almerigogna<\/strong>, grandi amici di Euritmica e storici protagonisti della scena musicale goriziana, recentemente scomparsi.<\/p>\n<p><strong>Domenica 16 febbraio\u00a0<\/strong>sar\u00e0 una giornata intensa: al\u00a0<strong>Centro culturale Lojze Bratu\u017e<\/strong>\u00a0(viale XX Settembre, 85) si comincer\u00e0\u00a0<strong>alle ore 12<\/strong>\u00a0con<strong>\u00a0\u201cMy Name is Nina. A portrait of Nina Simone\u201d<\/strong>.<\/p>\n<p>La band formata da Graziella Vendramin (voce, percussioni), Valerio Marchi (voce narrante), Alessandro Scolz (pianoforte, tastiere), Alessandro Turchet (contrabbasso) ed Emanuel Donadelli (batteria) racconta tra parole e musica la vita e le conquiste di un\u2019artista combattente come Nina Simone.<\/p>\n<p><strong>Alle ore 15, sempre al Bratu\u017e,<\/strong>\u00a0\u00e8 previsto un incontro stampa aperto a tutti per la presentazione e descrizione dell\u2019intero progetto e della residenza della super band con<strong>\u00a0Stefano Bollani<\/strong>.<\/p>\n<p>Sar\u00e0 l\u2019occasione per condividere notizie e approfondimenti sulla residenza e sul grande concerto previsto al Rossetti di Trieste il 17 febbraio.<\/p>\n<p><strong>Alle ore 16<\/strong>\u00a0si torna in sala con<strong>\u00a0Zlatko Kau\u010di\u010d \u201cKombo: Pogum pogumnih\u201d (Kombo Audaci Coraggiosi)<\/strong>: un ensemble di giovani strumentisti sloveni in concerto, composto da protagonisti della nuova scena jazzistica slovena, guidati da Zlatko Kau\u010di\u010d, storico leader del movimento jazzistico sloveno.<\/p>\n","protected":false},"excerpt":{"rendered":"<p>Dal 13 al 16 febbraio Stefano Bollani coordiner\u00e0 la residenza con Enrico Rava, Paolo Fresu e altri big. In vista del concerto di Trieste<\/p>\n","protected":false},"author":28,"featured_media":62365,"comment_status":"closed","ping_status":"closed","sticky":false,"template":"","format":"image","meta":{"dwc-title":[""],"dwc-content":[""],"footnotes":""},"categories":[37],"tags":[2721,863,123,43,281,55,65],"class_list":["post-62364","post","type-post","status-publish","format-image","has-post-thumbnail","hentry","category-cultura-e-spettacolo","tag-bollani","tag-euritmica","tag-go2025","tag-gorizia","tag-jazz","tag-musica","tag-trieste","post_format-post-format-image"],"rttpg_featured_image_url":{"full":["https:\/\/imagazine.it\/wp-content\/uploads\/2025\/01\/Stefano-Bollani_Azzurra-Primavera.jpg",1366,815,false],"landscape":["https:\/\/imagazine.it\/wp-content\/uploads\/2025\/01\/Stefano-Bollani_Azzurra-Primavera.jpg",1366,815,false],"portraits":["https:\/\/imagazine.it\/wp-content\/uploads\/2025\/01\/Stefano-Bollani_Azzurra-Primavera.jpg",1366,815,false],"thumbnail":["https:\/\/imagazine.it\/wp-content\/uploads\/2025\/01\/Stefano-Bollani_Azzurra-Primavera-150x150.jpg",150,150,true],"medium":["https:\/\/imagazine.it\/wp-content\/uploads\/2025\/01\/Stefano-Bollani_Azzurra-Primavera-300x179.jpg",300,179,true],"large":["https:\/\/imagazine.it\/wp-content\/uploads\/2025\/01\/Stefano-Bollani_Azzurra-Primavera-1024x611.jpg",640,382,true],"thumblist":["https:\/\/imagazine.it\/wp-content\/uploads\/2025\/01\/Stefano-Bollani_Azzurra-Primavera-300x300.jpg",300,300,true],"thumbrelated":["https:\/\/imagazine.it\/wp-content\/uploads\/2025\/01\/Stefano-Bollani_Azzurra-Primavera-500x500.jpg",500,500,true],"meccarouselthumb":["https:\/\/imagazine.it\/wp-content\/uploads\/2025\/01\/Stefano-Bollani_Azzurra-Primavera-474x324.jpg",474,324,true],"gridsquare":["https:\/\/imagazine.it\/wp-content\/uploads\/2025\/01\/Stefano-Bollani_Azzurra-Primavera-391x260.jpg",391,260,true],"tileview":["https:\/\/imagazine.it\/wp-content\/uploads\/2025\/01\/Stefano-Bollani_Azzurra-Primavera-300x400.jpg",300,400,true],"1536x1536":["https:\/\/imagazine.it\/wp-content\/uploads\/2025\/01\/Stefano-Bollani_Azzurra-Primavera.jpg",1366,815,false],"2048x2048":["https:\/\/imagazine.it\/wp-content\/uploads\/2025\/01\/Stefano-Bollani_Azzurra-Primavera.jpg",1366,815,false],"newsup-slider-full":["https:\/\/imagazine.it\/wp-content\/uploads\/2025\/01\/Stefano-Bollani_Azzurra-Primavera-1280x720.jpg",1280,720,true],"newsup-featured":["https:\/\/imagazine.it\/wp-content\/uploads\/2025\/01\/Stefano-Bollani_Azzurra-Primavera-1024x611.jpg",1024,611,true],"newsup-medium":["https:\/\/imagazine.it\/wp-content\/uploads\/2025\/01\/Stefano-Bollani_Azzurra-Primavera-720x380.jpg",720,380,true],"tptn_thumbnail":["https:\/\/imagazine.it\/wp-content\/uploads\/2025\/01\/Stefano-Bollani_Azzurra-Primavera-250x210.jpg",250,210,true],"sow-carousel-default":["https:\/\/imagazine.it\/wp-content\/uploads\/2025\/01\/Stefano-Bollani_Azzurra-Primavera-272x182.jpg",272,182,true]},"rttpg_author":{"display_name":"redazione","author_link":"https:\/\/imagazine.it\/home_desk\/author\/redazione\/"},"rttpg_comment":0,"rttpg_category":"<a href=\"https:\/\/imagazine.it\/home_desk\/category\/cultura-e-spettacolo\/\" rel=\"category tag\">CULTURA&amp;SPETTACOLO<\/a>","rttpg_excerpt":"Dal 13 al 16 febbraio Stefano Bollani coordiner\u00e0 la residenza con Enrico Rava, Paolo Fresu e altri big. In vista del concerto di Trieste","_links":{"self":[{"href":"https:\/\/imagazine.it\/home_desk\/wp-json\/wp\/v2\/posts\/62364","targetHints":{"allow":["GET"]}}],"collection":[{"href":"https:\/\/imagazine.it\/home_desk\/wp-json\/wp\/v2\/posts"}],"about":[{"href":"https:\/\/imagazine.it\/home_desk\/wp-json\/wp\/v2\/types\/post"}],"author":[{"embeddable":true,"href":"https:\/\/imagazine.it\/home_desk\/wp-json\/wp\/v2\/users\/28"}],"replies":[{"embeddable":true,"href":"https:\/\/imagazine.it\/home_desk\/wp-json\/wp\/v2\/comments?post=62364"}],"version-history":[{"count":0,"href":"https:\/\/imagazine.it\/home_desk\/wp-json\/wp\/v2\/posts\/62364\/revisions"}],"wp:featuredmedia":[{"embeddable":true,"href":"https:\/\/imagazine.it\/home_desk\/wp-json\/wp\/v2\/media\/62365"}],"wp:attachment":[{"href":"https:\/\/imagazine.it\/home_desk\/wp-json\/wp\/v2\/media?parent=62364"}],"wp:term":[{"taxonomy":"category","embeddable":true,"href":"https:\/\/imagazine.it\/home_desk\/wp-json\/wp\/v2\/categories?post=62364"},{"taxonomy":"post_tag","embeddable":true,"href":"https:\/\/imagazine.it\/home_desk\/wp-json\/wp\/v2\/tags?post=62364"}],"curies":[{"name":"wp","href":"https:\/\/api.w.org\/{rel}","templated":true}]}}