{"id":62298,"date":"2025-01-28T17:46:38","date_gmt":"2025-01-28T16:46:38","guid":{"rendered":"https:\/\/imagazine.it\/home_desk\/?p=62298"},"modified":"2025-01-28T17:46:38","modified_gmt":"2025-01-28T16:46:38","slug":"universita-e-disabilita-fedeli-nella-conferenza-nazionale","status":"publish","type":"post","link":"https:\/\/imagazine.it\/home_desk\/universita-e-disabilita-fedeli-nella-conferenza-nazionale\/","title":{"rendered":"Universit\u00e0 e disabilit\u00e0: Fedeli nella Conferenza nazionale"},"content":{"rendered":"<p>UDINE \u2013 <strong>Daniele Fedeli<\/strong>, delegato per gli studenti dell\u2019Universit\u00e0 di Udine, \u00e8 stato <strong>eletto<\/strong>, per la prima volta, nel <strong>direttivo <\/strong>della <strong>Conferenza nazionale universitaria dei delegati per la disabilit\u00e0 <\/strong>(Cnudd) per il triennio 2025\u20132027.<\/p>\n<p>A presiedere la Conferenza, il direttivo ha nominato Luca Fanucci dell\u2019Universit\u00e0 di Pisa.<\/p>\n<p>Il professor Fedeli \u00e8 ordinario di Pedagogia e didattica speciale presso il Dipartimento di Lingue e letterature, comunicazione, formazione e societ\u00e0 dell\u2019Ateneo friulano.<\/p>\n<p>Oltre che da Fanucci e Fedeli il direttivo \u00e8 composto da Flavia Lecciso dell\u2019Universit\u00e0 del Salento, Caterina Lombardo dell\u2019Universit\u00e0 \u201cLa Sapienza\u201d di Roma e Tamara Zappaterra dell\u2019Universit\u00e0 di Ferrara.<\/p>\n<p>La Cnudd, nata nel 2001, \u00e8 l\u2019organismo di riferimento per le politiche e le attivit\u00e0 delle universit\u00e0 italiane rivolte agli studenti con disabilit\u00e0 e con Disturbi specifici di apprendimento (Dsa).<\/p>\n<p>\u00abLa Cnudd \u2013 spiega <strong>Fedeli<\/strong> \u2013 \u00e8 un organismo fondamentale per promuovere pratiche e culture inclusive nelle universit\u00e0 italiane. Con l\u2019emergere anche in ambito accademico di nuovi Bisogni educativi speciali, come il disturbo da deficit di attenzione e iperattivit\u00e0 o le condizioni di autismo ad alto funzionamento, l\u2019Universit\u00e0 di Udine ha promosso negli ultimi anni delle Raccomandazioni per una didattica inclusiva e iniziative di formazione e sensibilizzazione\u00bb.<\/p>\n","protected":false},"excerpt":{"rendered":"<p>Eletto nell\u2019organismo di riferimento per le politiche e le attivit\u00e0 degli atenei italiani per studenti con disabilit\u00e0 e dsa<\/p>\n","protected":false},"author":28,"featured_media":62299,"comment_status":"closed","ping_status":"closed","sticky":false,"template":"","format":"image","meta":{"dwc-title":[""],"dwc-content":[""],"footnotes":""},"categories":[5],"tags":[256,400,101,206,388],"class_list":["post-62298","post","type-post","status-publish","format-image","has-post-thumbnail","hentry","category-attualita","tag-disabilita","tag-formazione","tag-udine","tag-uniud","tag-universita","post_format-post-format-image"],"rttpg_featured_image_url":{"full":["https:\/\/imagazine.it\/wp-content\/uploads\/2025\/01\/Daniele-Fedeli.jpg",1366,702,false],"landscape":["https:\/\/imagazine.it\/wp-content\/uploads\/2025\/01\/Daniele-Fedeli.jpg",1366,702,false],"portraits":["https:\/\/imagazine.it\/wp-content\/uploads\/2025\/01\/Daniele-Fedeli.jpg",1366,702,false],"thumbnail":["https:\/\/imagazine.it\/wp-content\/uploads\/2025\/01\/Daniele-Fedeli-150x150.jpg",150,150,true],"medium":["https:\/\/imagazine.it\/wp-content\/uploads\/2025\/01\/Daniele-Fedeli-300x154.jpg",300,154,true],"large":["https:\/\/imagazine.it\/wp-content\/uploads\/2025\/01\/Daniele-Fedeli-1024x526.jpg",640,329,true],"thumblist":["https:\/\/imagazine.it\/wp-content\/uploads\/2025\/01\/Daniele-Fedeli-300x300.jpg",300,300,true],"thumbrelated":["https:\/\/imagazine.it\/wp-content\/uploads\/2025\/01\/Daniele-Fedeli-500x500.jpg",500,500,true],"meccarouselthumb":["https:\/\/imagazine.it\/wp-content\/uploads\/2025\/01\/Daniele-Fedeli-474x324.jpg",474,324,true],"gridsquare":["https:\/\/imagazine.it\/wp-content\/uploads\/2025\/01\/Daniele-Fedeli-391x260.jpg",391,260,true],"tileview":["https:\/\/imagazine.it\/wp-content\/uploads\/2025\/01\/Daniele-Fedeli-300x400.jpg",300,400,true],"1536x1536":["https:\/\/imagazine.it\/wp-content\/uploads\/2025\/01\/Daniele-Fedeli.jpg",1366,702,false],"2048x2048":["https:\/\/imagazine.it\/wp-content\/uploads\/2025\/01\/Daniele-Fedeli.jpg",1366,702,false],"newsup-slider-full":["https:\/\/imagazine.it\/wp-content\/uploads\/2025\/01\/Daniele-Fedeli-1280x702.jpg",1280,702,true],"newsup-featured":["https:\/\/imagazine.it\/wp-content\/uploads\/2025\/01\/Daniele-Fedeli-1024x526.jpg",1024,526,true],"newsup-medium":["https:\/\/imagazine.it\/wp-content\/uploads\/2025\/01\/Daniele-Fedeli-720x380.jpg",720,380,true],"tptn_thumbnail":["https:\/\/imagazine.it\/wp-content\/uploads\/2025\/01\/Daniele-Fedeli-250x210.jpg",250,210,true],"sow-carousel-default":["https:\/\/imagazine.it\/wp-content\/uploads\/2025\/01\/Daniele-Fedeli-272x182.jpg",272,182,true]},"rttpg_author":{"display_name":"redazione","author_link":"https:\/\/imagazine.it\/home_desk\/author\/redazione\/"},"rttpg_comment":0,"rttpg_category":"<a href=\"https:\/\/imagazine.it\/home_desk\/category\/attualita\/\" rel=\"category tag\">ATTUALIT\u00c0<\/a>","rttpg_excerpt":"Eletto nell\u2019organismo di riferimento per le politiche e le attivit\u00e0 degli atenei italiani per studenti con disabilit\u00e0 e dsa","_links":{"self":[{"href":"https:\/\/imagazine.it\/home_desk\/wp-json\/wp\/v2\/posts\/62298","targetHints":{"allow":["GET"]}}],"collection":[{"href":"https:\/\/imagazine.it\/home_desk\/wp-json\/wp\/v2\/posts"}],"about":[{"href":"https:\/\/imagazine.it\/home_desk\/wp-json\/wp\/v2\/types\/post"}],"author":[{"embeddable":true,"href":"https:\/\/imagazine.it\/home_desk\/wp-json\/wp\/v2\/users\/28"}],"replies":[{"embeddable":true,"href":"https:\/\/imagazine.it\/home_desk\/wp-json\/wp\/v2\/comments?post=62298"}],"version-history":[{"count":0,"href":"https:\/\/imagazine.it\/home_desk\/wp-json\/wp\/v2\/posts\/62298\/revisions"}],"wp:featuredmedia":[{"embeddable":true,"href":"https:\/\/imagazine.it\/home_desk\/wp-json\/wp\/v2\/media\/62299"}],"wp:attachment":[{"href":"https:\/\/imagazine.it\/home_desk\/wp-json\/wp\/v2\/media?parent=62298"}],"wp:term":[{"taxonomy":"category","embeddable":true,"href":"https:\/\/imagazine.it\/home_desk\/wp-json\/wp\/v2\/categories?post=62298"},{"taxonomy":"post_tag","embeddable":true,"href":"https:\/\/imagazine.it\/home_desk\/wp-json\/wp\/v2\/tags?post=62298"}],"curies":[{"name":"wp","href":"https:\/\/api.w.org\/{rel}","templated":true}]}}