{"id":62208,"date":"2025-01-27T10:29:43","date_gmt":"2025-01-27T09:29:43","guid":{"rendered":"https:\/\/imagazine.it\/home_desk\/?p=62208"},"modified":"2025-01-27T10:29:43","modified_gmt":"2025-01-27T09:29:43","slug":"grado-abbraccia-la-centenaria-genoveffa-savian","status":"publish","type":"post","link":"https:\/\/imagazine.it\/home_desk\/grado-abbraccia-la-centenaria-genoveffa-savian\/","title":{"rendered":"Grado abbraccia la centenaria Genoveffa Savian"},"content":{"rendered":"<p>GRADO \u2013 Grande festa alla <strong>Casa di Riposo Serena<\/strong> per i 100 anni di <strong>Genoveffa Savian<\/strong>.<\/p>\n<p>Circondata dall&#8217;affetto dei suoi cari, la neo-centenaria ha spento le candeline sulla torta, festeggiata dalle <strong>figlie Loretta e Claudia<\/strong>, dalla <strong>nuora Luciana<\/strong> e da numerosi nipoti e pronipoti.<\/p>\n<p>Tra gli ospiti, il parroco <strong>monsignor Paolo Nutarelli<\/strong> e il sindaco <strong>Giuseppe Corbatto<\/strong>.<\/p>\n<p>Rimasta vedova a soli 43 anni con tre figli, Genoveffa ha affrontato le sfide della vita con determinazione.<\/p>\n<p>La perdita di due nipoti \u00e8 stata una ferita profonda, ma la sua forza d&#8217;animo ha unito ancora di pi\u00f9 la famiglia.<\/p>\n<p>Il sindaco ha voluto esprimere la sua profonda gratitudine e ammirazione per tutto ci\u00f2 che Genoveffa rappresenta per la famiglia e per la comunit\u00e0.<\/p>\n<p>\u201cLei \u2013 ha dichiarato Corbatto \u2013 \u00e8 la dimostrazione vivente che, anche nelle pi\u00f9 oscure tempeste della vita, la luce dell&#8217;amore pu\u00f2 indicarci la via\u201d.<\/p>\n<p>Il parroco ha portato il suo saluto e la sua benedizione alla centenaria, sottolineando l&#8217;importanza della fede nella sua lunga vita.<\/p>\n","protected":false},"excerpt":{"rendered":"<p>Festa e commozione a Casa Serena per il compleanno speciale. Presenti anche il sindaco Corbatto e monsignor Nutarelli<\/p>\n","protected":false},"author":22,"featured_media":62205,"comment_status":"closed","ping_status":"closed","sticky":false,"template":"","format":"image","meta":{"dwc-title":[""],"dwc-content":[""],"footnotes":""},"categories":[5],"tags":[],"class_list":["post-62208","post","type-post","status-publish","format-image","has-post-thumbnail","hentry","category-attualita","post_format-post-format-image"],"rttpg_featured_image_url":{"full":["https:\/\/imagazine.it\/wp-content\/uploads\/2025\/01\/genoveffa-savian-01.jpg",1366,746,false],"landscape":["https:\/\/imagazine.it\/wp-content\/uploads\/2025\/01\/genoveffa-savian-01.jpg",1366,746,false],"portraits":["https:\/\/imagazine.it\/wp-content\/uploads\/2025\/01\/genoveffa-savian-01.jpg",1366,746,false],"thumbnail":["https:\/\/imagazine.it\/wp-content\/uploads\/2025\/01\/genoveffa-savian-01-150x150.jpg",150,150,true],"medium":["https:\/\/imagazine.it\/wp-content\/uploads\/2025\/01\/genoveffa-savian-01-300x164.jpg",300,164,true],"large":["https:\/\/imagazine.it\/wp-content\/uploads\/2025\/01\/genoveffa-savian-01-1024x559.jpg",640,349,true],"thumblist":["https:\/\/imagazine.it\/wp-content\/uploads\/2025\/01\/genoveffa-savian-01-300x300.jpg",300,300,true],"thumbrelated":["https:\/\/imagazine.it\/wp-content\/uploads\/2025\/01\/genoveffa-savian-01-500x500.jpg",500,500,true],"meccarouselthumb":["https:\/\/imagazine.it\/wp-content\/uploads\/2025\/01\/genoveffa-savian-01-474x324.jpg",474,324,true],"gridsquare":["https:\/\/imagazine.it\/wp-content\/uploads\/2025\/01\/genoveffa-savian-01-391x260.jpg",391,260,true],"tileview":["https:\/\/imagazine.it\/wp-content\/uploads\/2025\/01\/genoveffa-savian-01-300x400.jpg",300,400,true],"1536x1536":["https:\/\/imagazine.it\/wp-content\/uploads\/2025\/01\/genoveffa-savian-01.jpg",1366,746,false],"2048x2048":["https:\/\/imagazine.it\/wp-content\/uploads\/2025\/01\/genoveffa-savian-01.jpg",1366,746,false],"newsup-slider-full":["https:\/\/imagazine.it\/wp-content\/uploads\/2025\/01\/genoveffa-savian-01-1280x720.jpg",1280,720,true],"newsup-featured":["https:\/\/imagazine.it\/wp-content\/uploads\/2025\/01\/genoveffa-savian-01-1024x559.jpg",1024,559,true],"newsup-medium":["https:\/\/imagazine.it\/wp-content\/uploads\/2025\/01\/genoveffa-savian-01-720x380.jpg",720,380,true],"tptn_thumbnail":["https:\/\/imagazine.it\/wp-content\/uploads\/2025\/01\/genoveffa-savian-01-250x210.jpg",250,210,true],"sow-carousel-default":["https:\/\/imagazine.it\/wp-content\/uploads\/2025\/01\/genoveffa-savian-01-272x182.jpg",272,182,true]},"rttpg_author":{"display_name":"Livio Nonis","author_link":"https:\/\/imagazine.it\/home_desk\/author\/nonis\/"},"rttpg_comment":0,"rttpg_category":"<a href=\"https:\/\/imagazine.it\/home_desk\/category\/attualita\/\" rel=\"category tag\">ATTUALIT\u00c0<\/a>","rttpg_excerpt":"Festa e commozione a Casa Serena per il compleanno speciale. Presenti anche il sindaco Corbatto e monsignor Nutarelli","_links":{"self":[{"href":"https:\/\/imagazine.it\/home_desk\/wp-json\/wp\/v2\/posts\/62208","targetHints":{"allow":["GET"]}}],"collection":[{"href":"https:\/\/imagazine.it\/home_desk\/wp-json\/wp\/v2\/posts"}],"about":[{"href":"https:\/\/imagazine.it\/home_desk\/wp-json\/wp\/v2\/types\/post"}],"author":[{"embeddable":true,"href":"https:\/\/imagazine.it\/home_desk\/wp-json\/wp\/v2\/users\/22"}],"replies":[{"embeddable":true,"href":"https:\/\/imagazine.it\/home_desk\/wp-json\/wp\/v2\/comments?post=62208"}],"version-history":[{"count":0,"href":"https:\/\/imagazine.it\/home_desk\/wp-json\/wp\/v2\/posts\/62208\/revisions"}],"wp:featuredmedia":[{"embeddable":true,"href":"https:\/\/imagazine.it\/home_desk\/wp-json\/wp\/v2\/media\/62205"}],"wp:attachment":[{"href":"https:\/\/imagazine.it\/home_desk\/wp-json\/wp\/v2\/media?parent=62208"}],"wp:term":[{"taxonomy":"category","embeddable":true,"href":"https:\/\/imagazine.it\/home_desk\/wp-json\/wp\/v2\/categories?post=62208"},{"taxonomy":"post_tag","embeddable":true,"href":"https:\/\/imagazine.it\/home_desk\/wp-json\/wp\/v2\/tags?post=62208"}],"curies":[{"name":"wp","href":"https:\/\/api.w.org\/{rel}","templated":true}]}}