{"id":62136,"date":"2025-01-23T20:01:20","date_gmt":"2025-01-23T19:01:20","guid":{"rendered":"https:\/\/imagazine.it\/home_desk\/?p=62136"},"modified":"2025-01-23T20:01:20","modified_gmt":"2025-01-23T19:01:20","slug":"grado-sondaggio-tra-le-famiglie-per-il-nuovo-nido-parrocchiale","status":"publish","type":"post","link":"https:\/\/imagazine.it\/home_desk\/grado-sondaggio-tra-le-famiglie-per-il-nuovo-nido-parrocchiale\/","title":{"rendered":"Grado: sondaggio tra le famiglie per il nuovo Nido parrocchiale"},"content":{"rendered":"<p><span style=\"font-size: 10pt;\"><em>L&#8217;asilo parrocchiale di Grado<\/em><\/span><\/p>\n<p>GRADO &#8211; A partire dall&#8217;anno scolastico 2025\/26, all&#8217;interno della <strong>Scuola dell&#8217;Infanzia paritaria &#8220;Luigi Rizzo&#8221;<\/strong>, aprir\u00e0 l&#8217;<strong>Asilo<\/strong> <strong>Nido Integrato &#8220;Stella Stellina&#8221;<\/strong>.<\/p>\n<p>Offrir\u00e0 un percorso educativo completo e accogliente per bambini dai 12 mesi ai 36 mesi.<\/p>\n<p>Grazie all&#8217;ottenimento dell&#8217;accreditamento regionale, le famiglie degli iscritti potranno beneficiare di una riduzione delle rette mensili.<\/p>\n<p>Il Nido sar\u00e0 aperto dal luned\u00ec al venerd\u00ec, dalle ore 7.30 alle ore 16 con una prima uscita alle ore 13.<\/p>\n<p>Al fine di individuare il numero di utenti potenziali del nuovo servizio di asilo nido integrato e poterlo organizzare al meglio, la Parrocchia di Grado invita le famiglie interessate a presentare manifestazione di interesse all&#8217;iscrizione per l&#8217;anno educativo 2025\/2026 (con inizio nel mese di settembre 2025), <span style=\"text-decoration: underline;\"><a href=\"https:\/\/www.chiesagrado.org\/SCUOLA-LUIGI-RIZZO?fbclid=IwY2xjawH_b8hleHRuA2FlbQIxMAABHSOm5ZLp7YkxHseh2d4WDdvOgzbVH8gZ1L-4CIZoF7gHKsNCldOz0mOwGQ_aem_hRw80I3cLZbMzeuOIUKZUg\" target=\"_blank\" rel=\"noopener\">compilando il presente form<\/a><\/span>.<\/p>\n","protected":false},"excerpt":{"rendered":"<p>Il servizio rivolo a bimbi dai 12 ai 36 mesi sar\u00e0 attivato dal mese di settembre. I genitori interessati possono gi\u00e0 contattare la parrocchia<\/p>\n","protected":false},"author":22,"featured_media":62137,"comment_status":"closed","ping_status":"closed","sticky":false,"template":"","format":"image","meta":{"dwc-title":[""],"dwc-content":[""],"footnotes":""},"categories":[5],"tags":[174,1230,2704,260],"class_list":["post-62136","post","type-post","status-publish","format-image","has-post-thumbnail","hentry","category-attualita","tag-grado","tag-infanzia","tag-nidi","tag-parrocchia","post_format-post-format-image"],"rttpg_featured_image_url":{"full":["https:\/\/imagazine.it\/wp-content\/uploads\/2025\/01\/nido-grado.jpeg",1599,955,false],"landscape":["https:\/\/imagazine.it\/wp-content\/uploads\/2025\/01\/nido-grado.jpeg",1599,955,false],"portraits":["https:\/\/imagazine.it\/wp-content\/uploads\/2025\/01\/nido-grado.jpeg",1599,955,false],"thumbnail":["https:\/\/imagazine.it\/wp-content\/uploads\/2025\/01\/nido-grado-150x150.jpeg",150,150,true],"medium":["https:\/\/imagazine.it\/wp-content\/uploads\/2025\/01\/nido-grado-300x179.jpeg",300,179,true],"large":["https:\/\/imagazine.it\/wp-content\/uploads\/2025\/01\/nido-grado-1024x612.jpeg",640,383,true],"thumblist":["https:\/\/imagazine.it\/wp-content\/uploads\/2025\/01\/nido-grado-300x300.jpeg",300,300,true],"thumbrelated":["https:\/\/imagazine.it\/wp-content\/uploads\/2025\/01\/nido-grado-500x500.jpeg",500,500,true],"meccarouselthumb":["https:\/\/imagazine.it\/wp-content\/uploads\/2025\/01\/nido-grado-474x324.jpeg",474,324,true],"gridsquare":["https:\/\/imagazine.it\/wp-content\/uploads\/2025\/01\/nido-grado-391x260.jpeg",391,260,true],"tileview":["https:\/\/imagazine.it\/wp-content\/uploads\/2025\/01\/nido-grado-300x400.jpeg",300,400,true],"1536x1536":["https:\/\/imagazine.it\/wp-content\/uploads\/2025\/01\/nido-grado-1536x917.jpeg",1536,917,true],"2048x2048":["https:\/\/imagazine.it\/wp-content\/uploads\/2025\/01\/nido-grado.jpeg",1599,955,false],"newsup-slider-full":["https:\/\/imagazine.it\/wp-content\/uploads\/2025\/01\/nido-grado-1280x720.jpeg",1280,720,true],"newsup-featured":["https:\/\/imagazine.it\/wp-content\/uploads\/2025\/01\/nido-grado-1024x612.jpeg",1024,612,true],"newsup-medium":["https:\/\/imagazine.it\/wp-content\/uploads\/2025\/01\/nido-grado-720x380.jpeg",720,380,true],"tptn_thumbnail":["https:\/\/imagazine.it\/wp-content\/uploads\/2025\/01\/nido-grado-250x210.jpeg",250,210,true],"sow-carousel-default":["https:\/\/imagazine.it\/wp-content\/uploads\/2025\/01\/nido-grado-272x182.jpeg",272,182,true]},"rttpg_author":{"display_name":"Livio Nonis","author_link":"https:\/\/imagazine.it\/home_desk\/author\/nonis\/"},"rttpg_comment":0,"rttpg_category":"<a href=\"https:\/\/imagazine.it\/home_desk\/category\/attualita\/\" rel=\"category tag\">ATTUALIT\u00c0<\/a>","rttpg_excerpt":"Il servizio rivolo a bimbi dai 12 ai 36 mesi sar\u00e0 attivato dal mese di settembre. I genitori interessati possono gi\u00e0 contattare la parrocchia","_links":{"self":[{"href":"https:\/\/imagazine.it\/home_desk\/wp-json\/wp\/v2\/posts\/62136","targetHints":{"allow":["GET"]}}],"collection":[{"href":"https:\/\/imagazine.it\/home_desk\/wp-json\/wp\/v2\/posts"}],"about":[{"href":"https:\/\/imagazine.it\/home_desk\/wp-json\/wp\/v2\/types\/post"}],"author":[{"embeddable":true,"href":"https:\/\/imagazine.it\/home_desk\/wp-json\/wp\/v2\/users\/22"}],"replies":[{"embeddable":true,"href":"https:\/\/imagazine.it\/home_desk\/wp-json\/wp\/v2\/comments?post=62136"}],"version-history":[{"count":0,"href":"https:\/\/imagazine.it\/home_desk\/wp-json\/wp\/v2\/posts\/62136\/revisions"}],"wp:featuredmedia":[{"embeddable":true,"href":"https:\/\/imagazine.it\/home_desk\/wp-json\/wp\/v2\/media\/62137"}],"wp:attachment":[{"href":"https:\/\/imagazine.it\/home_desk\/wp-json\/wp\/v2\/media?parent=62136"}],"wp:term":[{"taxonomy":"category","embeddable":true,"href":"https:\/\/imagazine.it\/home_desk\/wp-json\/wp\/v2\/categories?post=62136"},{"taxonomy":"post_tag","embeddable":true,"href":"https:\/\/imagazine.it\/home_desk\/wp-json\/wp\/v2\/tags?post=62136"}],"curies":[{"name":"wp","href":"https:\/\/api.w.org\/{rel}","templated":true}]}}