{"id":62132,"date":"2025-01-23T18:30:28","date_gmt":"2025-01-23T17:30:28","guid":{"rendered":"https:\/\/imagazine.it\/home_desk\/?p=62132"},"modified":"2025-01-24T16:24:06","modified_gmt":"2025-01-24T15:24:06","slug":"svelata-la-cerimonia-inaugurale-di-go2025","status":"publish","type":"post","link":"https:\/\/imagazine.it\/home_desk\/svelata-la-cerimonia-inaugurale-di-go2025\/","title":{"rendered":"Svelata la cerimonia inaugurale di GO!2025"},"content":{"rendered":"<p><span style=\"font-size: 10pt;\"><em>Il governatore del FVG, Massimiliano Fedriga, illustra la cerimonia inaugurale a Roma<\/em><\/span><\/p>\n<p>ROMA \u2013 Presentato a Roma il programma ufficiale della <strong>cerimonia di apertura<\/strong> della <strong>Capitale europea della Cultura 2025 Nova Gorica Gorizia<\/strong>.<\/p>\n<p>L\u2019evento, intitolato <em>Da stazione a stazione<\/em>, si terr\u00e0 <strong>sabato 8 febbraio<\/strong>.<\/p>\n<p>Saranno presenti i pi\u00f9 alti vertici dei due Stati, il presidente della Repubblica italiana, <strong>Sergio Mattarella<\/strong>, e il presidente della Slovenia, <strong>Nata\u0161a Pirc Musar<\/strong>, assieme a decine di rappresentanti dagli Stati europei e dalla Commissione europea.<\/p>\n<p>La cerimonia inizier\u00e0 alle ore 10 dalla stazione ferroviaria di Gorizia, con un corteo transfrontaliero che vedr\u00e0 la partecipazione di <strong>1.500 performer<\/strong>, <strong>bande musicali<\/strong> e <strong>gruppi folcloristici<\/strong>.<\/p>\n<p>Per l&#8217;occasione si \u00e8 data priorit\u00e0 al coinvolgimento di gruppi locali, scuole, associazioni proprio per sottolineare che vuole essere una festa delle citt\u00e0 prima di tutto e del territorio regionale e transfrontaliero. A Gorizia, in piazza Vittoria, insieme ai giovani artisti del Friuli Venezia Giulia come <strong>Shari<\/strong>, <strong>Tish<\/strong> e <strong>Pierpaolo Foti<\/strong>, ci saranno le rappresentanze delle associazioni musicali e coreutiche che si alterneranno fino a sera.<\/p>\n<p>\u00c9 prevista anche l&#8217;esibizione congiunta delle <strong>bande della polizia italiana e slovena<\/strong> (prima volta assoluta che due bande delle forze dell&#8217;ordine di due paesi diversi si esibiscono insieme e concordano insieme i brani da eseguire) alla quale seguir\u00e0 la <strong>sfilata dei sindaci del territorio<\/strong>.<\/p>\n<p>Alle 11.15 piazza Vittoria ospiter\u00e0 il programma culturale che si avvier\u00e0 con interventi del sindaco di Nova Gorica, <strong>Samo Turel<\/strong>, e del sindaco di Gorizia, <strong>Rodolfo Ziberna<\/strong>, e con lo <strong>scampanio delle campane di tutte le chiese goriziane<\/strong>.<\/p>\n<p>La celebrazione proseguir\u00e0 alle 13.15 con una <strong>sfilata da piazza Vittoria fino al valico di via San Gabriele<\/strong>, durante la quale <strong>atleti, studenti e artisti<\/strong> daranno vita alla performance <em>Walking Sculpture<\/em>, con la Sfera di Michelangelo Pistoletto.<\/p>\n<p>Alle 14 il corteo raggiunger\u00e0 il valico di via San Gabriele e continuer\u00e0 lungo via Erjavceva e piazza Rusjan per arrivare a piazza Bevk, dove avr\u00e0 luogo un programma culturale con la partecipazione di <strong>900 artisti<\/strong>.<\/p>\n<p>Il momento clou della giornata sar\u00e0 poi la cerimonia ufficiale d&#8217;inaugurazione, prevista alle 16 in <strong>piazza Transalpina<\/strong>.<\/p>\n<p>A seguire, alle 18, lo spettacolo artistico a Nova Gorica in piazza Edvard Kardelj che rappresenter\u00e0 un&#8217;anteprima dei principali progetti del programma ufficiale approvato dalla Commissione Europea, a cura della regista <strong>Neda Rusjan Bric<\/strong>.<\/p>\n<p>In piazza Vittoria un&#8217;illuminazione scenografica del castello di Gorizia far\u00e0 da sfondo una musica di <strong>Remo Anzovino<\/strong> e dei <strong>40 Fingers<\/strong>.<\/p>\n<p>Alle 20.30 la festa transfrontaliera proseguir\u00e0 fino a notte fonda con il <strong>dj set di Daddy G (Massive Attack)<\/strong> e <strong>Andy Smith (Portishead)<\/strong> in piazza Transalpina.<\/p>\n<p>La Transalpina sar\u00e0 il luogo fulcro della cerimonia di apertura, la cui <strong>partecipazione sar\u00e0 limitata per motivi di spazio<\/strong>.<\/p>\n<p>La <strong>cerimonia sar\u00e0 proiettata in diretta anche in piazza Vittoria e Bevk<\/strong> per consentire a tutti di partecipare all&#8217;emozione del momento.<\/p>\n<p>Sar\u00e0 allestito uno spazio speciale per i giornalisti sia alla cerimonia di apertura sia in piazza Transalpina che in piazza Edvard Kardelj.<\/p>\n","protected":false},"excerpt":{"rendered":"<p>Migliaia di performer e alte cariche protagoniste l&#8217;8 febbraio nell&#8217;evento intitolato &#8220;Da stazione a stazione&#8221;. Il clou in Piazza Transalpina<\/p>\n","protected":false},"author":28,"featured_media":62133,"comment_status":"closed","ping_status":"closed","sticky":false,"template":"","format":"image","meta":{"dwc-title":[""],"dwc-content":[""],"footnotes":""},"categories":[5],"tags":[123,43],"class_list":["post-62132","post","type-post","status-publish","format-image","has-post-thumbnail","hentry","category-attualita","tag-go2025","tag-gorizia","post_format-post-format-image"],"rttpg_featured_image_url":{"full":["https:\/\/imagazine.it\/wp-content\/uploads\/2025\/01\/inaugurazioneGO2025.jpg",1366,829,false],"landscape":["https:\/\/imagazine.it\/wp-content\/uploads\/2025\/01\/inaugurazioneGO2025.jpg",1366,829,false],"portraits":["https:\/\/imagazine.it\/wp-content\/uploads\/2025\/01\/inaugurazioneGO2025.jpg",1366,829,false],"thumbnail":["https:\/\/imagazine.it\/wp-content\/uploads\/2025\/01\/inaugurazioneGO2025-150x150.jpg",150,150,true],"medium":["https:\/\/imagazine.it\/wp-content\/uploads\/2025\/01\/inaugurazioneGO2025-300x182.jpg",300,182,true],"large":["https:\/\/imagazine.it\/wp-content\/uploads\/2025\/01\/inaugurazioneGO2025-1024x621.jpg",640,388,true],"thumblist":["https:\/\/imagazine.it\/wp-content\/uploads\/2025\/01\/inaugurazioneGO2025-300x300.jpg",300,300,true],"thumbrelated":["https:\/\/imagazine.it\/wp-content\/uploads\/2025\/01\/inaugurazioneGO2025-500x500.jpg",500,500,true],"meccarouselthumb":["https:\/\/imagazine.it\/wp-content\/uploads\/2025\/01\/inaugurazioneGO2025-474x324.jpg",474,324,true],"gridsquare":["https:\/\/imagazine.it\/wp-content\/uploads\/2025\/01\/inaugurazioneGO2025-391x260.jpg",391,260,true],"tileview":["https:\/\/imagazine.it\/wp-content\/uploads\/2025\/01\/inaugurazioneGO2025-300x400.jpg",300,400,true],"1536x1536":["https:\/\/imagazine.it\/wp-content\/uploads\/2025\/01\/inaugurazioneGO2025.jpg",1366,829,false],"2048x2048":["https:\/\/imagazine.it\/wp-content\/uploads\/2025\/01\/inaugurazioneGO2025.jpg",1366,829,false],"newsup-slider-full":["https:\/\/imagazine.it\/wp-content\/uploads\/2025\/01\/inaugurazioneGO2025-1280x720.jpg",1280,720,true],"newsup-featured":["https:\/\/imagazine.it\/wp-content\/uploads\/2025\/01\/inaugurazioneGO2025-1024x621.jpg",1024,621,true],"newsup-medium":["https:\/\/imagazine.it\/wp-content\/uploads\/2025\/01\/inaugurazioneGO2025-720x380.jpg",720,380,true],"tptn_thumbnail":["https:\/\/imagazine.it\/wp-content\/uploads\/2025\/01\/inaugurazioneGO2025-250x210.jpg",250,210,true],"sow-carousel-default":["https:\/\/imagazine.it\/wp-content\/uploads\/2025\/01\/inaugurazioneGO2025-272x182.jpg",272,182,true]},"rttpg_author":{"display_name":"redazione","author_link":"https:\/\/imagazine.it\/home_desk\/author\/redazione\/"},"rttpg_comment":0,"rttpg_category":"<a href=\"https:\/\/imagazine.it\/home_desk\/category\/attualita\/\" rel=\"category tag\">ATTUALIT\u00c0<\/a>","rttpg_excerpt":"Migliaia di performer e alte cariche protagoniste l'8 febbraio nell'evento intitolato \"Da stazione a stazione\". Il clou in Piazza Transalpina","_links":{"self":[{"href":"https:\/\/imagazine.it\/home_desk\/wp-json\/wp\/v2\/posts\/62132","targetHints":{"allow":["GET"]}}],"collection":[{"href":"https:\/\/imagazine.it\/home_desk\/wp-json\/wp\/v2\/posts"}],"about":[{"href":"https:\/\/imagazine.it\/home_desk\/wp-json\/wp\/v2\/types\/post"}],"author":[{"embeddable":true,"href":"https:\/\/imagazine.it\/home_desk\/wp-json\/wp\/v2\/users\/28"}],"replies":[{"embeddable":true,"href":"https:\/\/imagazine.it\/home_desk\/wp-json\/wp\/v2\/comments?post=62132"}],"version-history":[{"count":0,"href":"https:\/\/imagazine.it\/home_desk\/wp-json\/wp\/v2\/posts\/62132\/revisions"}],"wp:featuredmedia":[{"embeddable":true,"href":"https:\/\/imagazine.it\/home_desk\/wp-json\/wp\/v2\/media\/62133"}],"wp:attachment":[{"href":"https:\/\/imagazine.it\/home_desk\/wp-json\/wp\/v2\/media?parent=62132"}],"wp:term":[{"taxonomy":"category","embeddable":true,"href":"https:\/\/imagazine.it\/home_desk\/wp-json\/wp\/v2\/categories?post=62132"},{"taxonomy":"post_tag","embeddable":true,"href":"https:\/\/imagazine.it\/home_desk\/wp-json\/wp\/v2\/tags?post=62132"}],"curies":[{"name":"wp","href":"https:\/\/api.w.org\/{rel}","templated":true}]}}