{"id":61992,"date":"2025-01-21T11:46:05","date_gmt":"2025-01-21T10:46:05","guid":{"rendered":"https:\/\/imagazine.it\/home_desk\/?p=61992"},"modified":"2025-01-21T11:46:05","modified_gmt":"2025-01-21T10:46:05","slug":"premio-peroni-a-davide-urli","status":"publish","type":"post","link":"https:\/\/imagazine.it\/home_desk\/premio-peroni-a-davide-urli\/","title":{"rendered":"Premio &#8220;Peroni&#8221; a Davide Urli"},"content":{"rendered":"<p><em><span style=\"font-size: 10pt;\">Da sinistra Alessandro Peron, Marco Sortino, Davide Urli, Anna Zuccolotto<\/span><\/em><\/p>\n<p>UDINE \u2013 <strong>Davide Urli<\/strong> di <strong>Tarcento<\/strong>, <strong>studente <\/strong>della laurea in <strong>Ingegneria industriale per la sostenibilit\u00e0 ambientale<\/strong> dell\u2019Universit\u00e0 di Udine, ha <strong>vinto<\/strong> la <strong>prima edizione<\/strong> del <strong>premio di studio in memoria di Veniero Peroni<\/strong>.<\/p>\n<p>L\u2019ingegner Peroni \u00e8 stato <strong>per 15 anni amministratore delegato dell\u2019azienda HT di San Vendemiano<\/strong>, leader internazionale nel settore delle resistenze elettriche industriali che fa parte <strong>del gruppo svedese Nibe<\/strong>.<\/p>\n<p>Il premio, attribuito per merito e del valore di 2.500 euro, \u00e8 stato istituito da HT in collaborazione con il Dipartimento Politecnico di ingegneria e architettura dell\u2019Ateneo friulano.<\/p>\n<p>Alla cerimonia di consegna hanno partecipato il responsabile dell\u2019area finanza di HT, <strong>Alessandro Peron<\/strong>; la responsabile dell\u2019area marketing di HT, <strong>Anna Zuccolotto<\/strong>; per la famiglia di Veniero Peroni, la moglie <strong>Loredana Albanese<\/strong> e la figlia <strong>Annalaura<\/strong>; il direttore del Dipartimento, <strong>Alessandro Gasparetto<\/strong>; la coordinatrice del corso di laurea in Ingegneria industriale per la sostenibilit\u00e0 ambientale, <strong>Sara Colussi<\/strong>, e <strong>Marco Sortino<\/strong>, docente del Dipartimento e componente della Commissione giudicatrice.<\/p>\n<p>Il riconoscimento \u00e8 assegnato allo studente del corso di laurea in ingegneria elettronica, o gestionale, oppure industriale per la sostenibilit\u00e0 ambientale, o meccanica, che ha dato con profitto gli esami del primo anno.<\/p>\n<p>Viene preso in particolare considerazione il voto ottenuto negli esami degli insegnamenti negli ambiti dell\u2019ingegneria industriale e dell\u2019ingegneria dell\u2019informazione presenti nei quattro corsi di studio.<\/p>\n<figure id=\"attachment_61993\" aria-describedby=\"caption-attachment-61993\" style=\"width: 800px\" class=\"wp-caption aligncenter\"><img loading=\"lazy\" decoding=\"async\" class=\"size-full wp-image-61993\" src=\"https:\/\/imagazine.it\/wp-content\/uploads\/2025\/01\/Da-sinistra-Marco-Sortino-Davide-Urli-Loredana-Albanese-Annalaura-Peroni.jpg\" alt=\"\" width=\"800\" height=\"568\" title=\"\" srcset=\"https:\/\/imagazine.it\/wp-content\/uploads\/2025\/01\/Da-sinistra-Marco-Sortino-Davide-Urli-Loredana-Albanese-Annalaura-Peroni.jpg 800w, https:\/\/imagazine.it\/wp-content\/uploads\/2025\/01\/Da-sinistra-Marco-Sortino-Davide-Urli-Loredana-Albanese-Annalaura-Peroni-300x213.jpg 300w, https:\/\/imagazine.it\/wp-content\/uploads\/2025\/01\/Da-sinistra-Marco-Sortino-Davide-Urli-Loredana-Albanese-Annalaura-Peroni-768x545.jpg 768w\" sizes=\"auto, (max-width: 800px) 100vw, 800px\" \/><figcaption id=\"caption-attachment-61993\" class=\"wp-caption-text\">Da sinistra Marco Sortino, Davide Urli, Loredana Albanese, Annalaura Peroni<\/figcaption><\/figure>\n<p>La Commissione giudicatrice del premio era composta dal responsabile dell\u2019area finanza di HT, Alessandro Peron, e dai docenti Michele Midrio, presidente, e Marco Sortino, del Dipartimento Politecnico di ingegneria e architettura.<\/p>\n<h3>Le dichiarazioni<\/h3>\n<p>\u00abCon orgoglio abbiamo creato questa borsa di studio in memoria dell\u2019ingegner Veniero Peroni \u2013 ha sottolineato <strong>Alessandro Peron<\/strong> \u2013-. \u00c8 un tributo alla sua memoria e al suo lascito e sosterr\u00e0 ora gli studi di Davide Urli e in futuro di altri studenti meritevoli. L\u2019auspicio \u00e8 quello di avere in un futuro prossimo questi ragazzi in azienda a portare innovazione e attenzione a temi sempre pi\u00f9 significativi come sostenibilit\u00e0 e ambiente\u00bb.<\/p>\n<p>\u00abSiamo grati all\u2019azienda HT e alla famiglia di Veniero Peroni per la collaborazione instaurata con il nostro Dipartimento \u2013 ha detto il direttore del dipartimento, <strong>Alessandro Gasparetto<\/strong> \u2013, grazie alla quale \u00e8 stato possibile premiare uno dei nostri studenti pi\u00f9 brillanti. Questo premio consentir\u00e0 a Davide Urli di continuare il suo percorso scolastico declinato su tematiche di sostenibilit\u00e0 industriale e ambientale: tematiche di estrema attualit\u00e0 e di particolare rilevanza, in termini di didattica, di ricerca e di terza Missione, per il Dipartimento Politecnico di ingegneria e architettura e per l\u2019intero Ateneo udinese\u00bb.<\/p>\n<figure id=\"attachment_61994\" aria-describedby=\"caption-attachment-61994\" style=\"width: 800px\" class=\"wp-caption aligncenter\"><img loading=\"lazy\" decoding=\"async\" class=\"size-full wp-image-61994\" src=\"https:\/\/imagazine.it\/wp-content\/uploads\/2025\/01\/Da-sinistra-Marco-Sortino-Davide-Urli-Sara-Colussi.jpg\" alt=\"\" width=\"800\" height=\"651\" title=\"\" srcset=\"https:\/\/imagazine.it\/wp-content\/uploads\/2025\/01\/Da-sinistra-Marco-Sortino-Davide-Urli-Sara-Colussi.jpg 800w, https:\/\/imagazine.it\/wp-content\/uploads\/2025\/01\/Da-sinistra-Marco-Sortino-Davide-Urli-Sara-Colussi-300x244.jpg 300w, https:\/\/imagazine.it\/wp-content\/uploads\/2025\/01\/Da-sinistra-Marco-Sortino-Davide-Urli-Sara-Colussi-768x625.jpg 768w\" sizes=\"auto, (max-width: 800px) 100vw, 800px\" \/><figcaption id=\"caption-attachment-61994\" class=\"wp-caption-text\">Da sinistra Marco Sortino, Davide Urli, Sara Colussi<\/figcaption><\/figure>\n","protected":false},"excerpt":{"rendered":"<p>Allo studente universitario di Tarcento la prima edizione del riconoscimento in memoria dell&#8217;amministratore delegato dell\u2019azienda HT di San Vendemiano<\/p>\n","protected":false},"author":28,"featured_media":61995,"comment_status":"closed","ping_status":"closed","sticky":false,"template":"","format":"image","meta":{"dwc-title":[""],"dwc-content":[""],"footnotes":""},"categories":[5],"tags":[540,128,101,388],"class_list":["post-61992","post","type-post","status-publish","format-image","has-post-thumbnail","hentry","category-attualita","tag-premi","tag-studenti","tag-udine","tag-universita","post_format-post-format-image"],"rttpg_featured_image_url":{"full":["https:\/\/imagazine.it\/wp-content\/uploads\/2025\/01\/Da-sinistra-Alessandro-Peron-Marco-Sortino-Davide-Urli-Anna-Zuccolotto.jpg",1366,775,false],"landscape":["https:\/\/imagazine.it\/wp-content\/uploads\/2025\/01\/Da-sinistra-Alessandro-Peron-Marco-Sortino-Davide-Urli-Anna-Zuccolotto.jpg",1366,775,false],"portraits":["https:\/\/imagazine.it\/wp-content\/uploads\/2025\/01\/Da-sinistra-Alessandro-Peron-Marco-Sortino-Davide-Urli-Anna-Zuccolotto.jpg",1366,775,false],"thumbnail":["https:\/\/imagazine.it\/wp-content\/uploads\/2025\/01\/Da-sinistra-Alessandro-Peron-Marco-Sortino-Davide-Urli-Anna-Zuccolotto-150x150.jpg",150,150,true],"medium":["https:\/\/imagazine.it\/wp-content\/uploads\/2025\/01\/Da-sinistra-Alessandro-Peron-Marco-Sortino-Davide-Urli-Anna-Zuccolotto-300x170.jpg",300,170,true],"large":["https:\/\/imagazine.it\/wp-content\/uploads\/2025\/01\/Da-sinistra-Alessandro-Peron-Marco-Sortino-Davide-Urli-Anna-Zuccolotto-1024x581.jpg",640,363,true],"thumblist":["https:\/\/imagazine.it\/wp-content\/uploads\/2025\/01\/Da-sinistra-Alessandro-Peron-Marco-Sortino-Davide-Urli-Anna-Zuccolotto-300x300.jpg",300,300,true],"thumbrelated":["https:\/\/imagazine.it\/wp-content\/uploads\/2025\/01\/Da-sinistra-Alessandro-Peron-Marco-Sortino-Davide-Urli-Anna-Zuccolotto-500x500.jpg",500,500,true],"meccarouselthumb":["https:\/\/imagazine.it\/wp-content\/uploads\/2025\/01\/Da-sinistra-Alessandro-Peron-Marco-Sortino-Davide-Urli-Anna-Zuccolotto-474x324.jpg",474,324,true],"gridsquare":["https:\/\/imagazine.it\/wp-content\/uploads\/2025\/01\/Da-sinistra-Alessandro-Peron-Marco-Sortino-Davide-Urli-Anna-Zuccolotto-391x260.jpg",391,260,true],"tileview":["https:\/\/imagazine.it\/wp-content\/uploads\/2025\/01\/Da-sinistra-Alessandro-Peron-Marco-Sortino-Davide-Urli-Anna-Zuccolotto-300x400.jpg",300,400,true],"1536x1536":["https:\/\/imagazine.it\/wp-content\/uploads\/2025\/01\/Da-sinistra-Alessandro-Peron-Marco-Sortino-Davide-Urli-Anna-Zuccolotto.jpg",1366,775,false],"2048x2048":["https:\/\/imagazine.it\/wp-content\/uploads\/2025\/01\/Da-sinistra-Alessandro-Peron-Marco-Sortino-Davide-Urli-Anna-Zuccolotto.jpg",1366,775,false],"newsup-slider-full":["https:\/\/imagazine.it\/wp-content\/uploads\/2025\/01\/Da-sinistra-Alessandro-Peron-Marco-Sortino-Davide-Urli-Anna-Zuccolotto-1280x720.jpg",1280,720,true],"newsup-featured":["https:\/\/imagazine.it\/wp-content\/uploads\/2025\/01\/Da-sinistra-Alessandro-Peron-Marco-Sortino-Davide-Urli-Anna-Zuccolotto-1024x581.jpg",1024,581,true],"newsup-medium":["https:\/\/imagazine.it\/wp-content\/uploads\/2025\/01\/Da-sinistra-Alessandro-Peron-Marco-Sortino-Davide-Urli-Anna-Zuccolotto-720x380.jpg",720,380,true],"tptn_thumbnail":["https:\/\/imagazine.it\/wp-content\/uploads\/2025\/01\/Da-sinistra-Alessandro-Peron-Marco-Sortino-Davide-Urli-Anna-Zuccolotto-250x210.jpg",250,210,true],"sow-carousel-default":["https:\/\/imagazine.it\/wp-content\/uploads\/2025\/01\/Da-sinistra-Alessandro-Peron-Marco-Sortino-Davide-Urli-Anna-Zuccolotto-272x182.jpg",272,182,true]},"rttpg_author":{"display_name":"redazione","author_link":"https:\/\/imagazine.it\/home_desk\/author\/redazione\/"},"rttpg_comment":0,"rttpg_category":"<a href=\"https:\/\/imagazine.it\/home_desk\/category\/attualita\/\" rel=\"category tag\">ATTUALIT\u00c0<\/a>","rttpg_excerpt":"Allo studente universitario di Tarcento la prima edizione del riconoscimento in memoria dell'amministratore delegato dell\u2019azienda HT di San Vendemiano","_links":{"self":[{"href":"https:\/\/imagazine.it\/home_desk\/wp-json\/wp\/v2\/posts\/61992","targetHints":{"allow":["GET"]}}],"collection":[{"href":"https:\/\/imagazine.it\/home_desk\/wp-json\/wp\/v2\/posts"}],"about":[{"href":"https:\/\/imagazine.it\/home_desk\/wp-json\/wp\/v2\/types\/post"}],"author":[{"embeddable":true,"href":"https:\/\/imagazine.it\/home_desk\/wp-json\/wp\/v2\/users\/28"}],"replies":[{"embeddable":true,"href":"https:\/\/imagazine.it\/home_desk\/wp-json\/wp\/v2\/comments?post=61992"}],"version-history":[{"count":0,"href":"https:\/\/imagazine.it\/home_desk\/wp-json\/wp\/v2\/posts\/61992\/revisions"}],"wp:featuredmedia":[{"embeddable":true,"href":"https:\/\/imagazine.it\/home_desk\/wp-json\/wp\/v2\/media\/61995"}],"wp:attachment":[{"href":"https:\/\/imagazine.it\/home_desk\/wp-json\/wp\/v2\/media?parent=61992"}],"wp:term":[{"taxonomy":"category","embeddable":true,"href":"https:\/\/imagazine.it\/home_desk\/wp-json\/wp\/v2\/categories?post=61992"},{"taxonomy":"post_tag","embeddable":true,"href":"https:\/\/imagazine.it\/home_desk\/wp-json\/wp\/v2\/tags?post=61992"}],"curies":[{"name":"wp","href":"https:\/\/api.w.org\/{rel}","templated":true}]}}