{"id":61919,"date":"2025-01-17T10:05:07","date_gmt":"2025-01-17T09:05:07","guid":{"rendered":"https:\/\/imagazine.it\/home_desk\/?p=61919"},"modified":"2025-01-17T10:05:07","modified_gmt":"2025-01-17T09:05:07","slug":"la-musica-come-strumento-di-inclusione-e-solidarieta","status":"publish","type":"post","link":"https:\/\/imagazine.it\/home_desk\/la-musica-come-strumento-di-inclusione-e-solidarieta\/","title":{"rendered":"La musica come strumento di inclusione e solidariet\u00e0"},"content":{"rendered":"<p><span style=\"font-size: 10pt;\"><em>(ph. A. Carloni)<\/em><\/span><\/p>\n<p>TRIESTE \u2013 Il coro polifonico misto dell\u2019<strong>Accademia<\/strong> <strong>Lirica Internazionale Santa Croce<\/strong> \u00e8 gi\u00e0 al lavoro per la nuova stagione musicale.<\/p>\n<p>Come di consueto verr\u00e0 rinnovata parte del repertorio, per offrire al pubblico quelle emozioni che solo un complesso di interpreti con tonalit\u00e0, altezze sonore e melodie simultanee cos\u00ec diverse, di voci femminili e maschili, di solisti e di musicalit\u00e0 d\u2019insieme, riesce a dare in uno spettacolo.<\/p>\n<p>\u201cLa musica consente di superare diffidenze e pregiudizi anche in momenti difficili come gli attuali. Lo dimostra la composizione multietnica del nostro coro, composto da una trentina di persone non professioniste provenienti da diverse zone del nostro territorio, ma anche da varie nazioni europee e oltreoceano, unite dalla passione per la musica\u201d, afferma il maestro <strong>Alessandro Svab<\/strong>, fondatore dell\u2019Accademia e direttore del coro.<\/p>\n<p>Assieme al maestro <strong>Fabio Zanin<\/strong> al pianoforte, ha saputo valorizzare questo gruppo portandolo a un livello di tecnica musicale e a una dedizione paragonabili alle compagini professionali, nonostante le evidenti difficolt\u00e0 di tempi e risorse che una attivit\u00e0 amatoriale comporta.<\/p>\n<figure id=\"attachment_61920\" aria-describedby=\"caption-attachment-61920\" style=\"width: 1000px\" class=\"wp-caption aligncenter\"><img loading=\"lazy\" decoding=\"async\" class=\"size-full wp-image-61920\" src=\"https:\/\/imagazine.it\/wp-content\/uploads\/2025\/01\/Alessandro-Svab_foto-A.-Carloni.jpeg\" alt=\"\" width=\"1000\" height=\"667\" title=\"\" srcset=\"https:\/\/imagazine.it\/wp-content\/uploads\/2025\/01\/Alessandro-Svab_foto-A.-Carloni.jpeg 1000w, https:\/\/imagazine.it\/wp-content\/uploads\/2025\/01\/Alessandro-Svab_foto-A.-Carloni-300x200.jpeg 300w, https:\/\/imagazine.it\/wp-content\/uploads\/2025\/01\/Alessandro-Svab_foto-A.-Carloni-768x512.jpeg 768w, https:\/\/imagazine.it\/wp-content\/uploads\/2025\/01\/Alessandro-Svab_foto-A.-Carloni-391x260.jpeg 391w, https:\/\/imagazine.it\/wp-content\/uploads\/2025\/01\/Alessandro-Svab_foto-A.-Carloni-272x182.jpeg 272w\" sizes=\"auto, (max-width: 1000px) 100vw, 1000px\" \/><figcaption id=\"caption-attachment-61920\" class=\"wp-caption-text\">Alessandro Svab (ph. A. Carloni)<\/figcaption><\/figure>\n<p>Proprio la sua multiculturalit\u00e0 ha caratterizzato il ciclo di concerti di fine anno, con esibizioni a Trieste al teatro Bobbio e alla sala Luttazzi e con eventi al Santuario di Monte Grisa, nella chiesa di S. Andrea a Gorizia, in Slovenia a Canal d\u2019Isonzo e nella sua sede originale di Santa Croce.<\/p>\n<p>\u201cImportante sottolineare che, accanto ai brani pi\u00f9 conosciuti \u2013 spiega Svab, con un passato di interprete lirico nei pi\u00f9 importanti teatri italiani ed esteri \u2013, il coro ha eseguito canti della cultura popolare di vari paesi, da quella anglosassone, all\u2019ispanica, alla slovena, alla latino-americana fino alla russa e ucraina, tutti interpretati in lingua originale\u201d.<\/p>\n<p>Il coro, nato una decina di anni fa nell\u2019ambito dei progetti di educazione musicale e di divulgazione delle opere italiane, consente alle persone di comprendere e apprendere la tecnica del canto, attraverso l\u2019interpretazione dei brani pi\u00f9 noti di autori classici e ampliando lo sguardo anche a composizioni ormai parte della nostra cultura musicale, come le operette, i musical o i temi da film, come quelli di Ennio Morricone.<\/p>\n<p>Non meno rilevante \u00e8 l\u2019impronta di accoglienza e solidariet\u00e0 che pervade l\u2019intera attivit\u00e0 del coro, non solo per le ripetute presenze in comunit\u00e0 di assistenza, come le case di riposo o alla Comunit\u00e0 di San Martino al Campo, ma anche per la lunga collaborazione con associazioni dedite al sostegno alla disabilit\u00e0 e il coinvolgimento e l\u2019aiuto a gruppi corali sorti in queste difficili realt\u00e0.<\/p>\n<figure id=\"attachment_61921\" aria-describedby=\"caption-attachment-61921\" style=\"width: 1000px\" class=\"wp-caption aligncenter\"><img loading=\"lazy\" decoding=\"async\" class=\"size-full wp-image-61921\" src=\"https:\/\/imagazine.it\/wp-content\/uploads\/2025\/01\/CoroAccademia-Santa-Croce.jpg\" alt=\"\" width=\"1000\" height=\"472\" title=\"\" srcset=\"https:\/\/imagazine.it\/wp-content\/uploads\/2025\/01\/CoroAccademia-Santa-Croce.jpg 1000w, https:\/\/imagazine.it\/wp-content\/uploads\/2025\/01\/CoroAccademia-Santa-Croce-300x142.jpg 300w, https:\/\/imagazine.it\/wp-content\/uploads\/2025\/01\/CoroAccademia-Santa-Croce-768x362.jpg 768w\" sizes=\"auto, (max-width: 1000px) 100vw, 1000px\" \/><figcaption id=\"caption-attachment-61921\" class=\"wp-caption-text\">Il Coro dell&#8217;Accademia Santa Croce<\/figcaption><\/figure>\n<p>L\u2019Accademia Lirica Internazionale Santa Croce propone, sia nella nostra regione che all\u2019estero, progetti di educazione musicale e di divulgazione delle opere italiane, rivolti in particolare alle giovani generazioni.<\/p>\n<p>Fra questi, il programma scolastico pluriennale dei \u201c<em>Ragazzi \u2026 all\u2019opera<\/em>\u201d, coinvolge ogni anno centinaia di studenti ed \u00e8 valso al maestro Alessandro Svab onorificenze e riconoscimenti di istituzioni pubbliche italiane e straniere.<\/p>\n<p>Ai giovani talenti di varie etnie e culture il maestro offre un laboratorio di formazione avanzata con il progetto \u201c<em>Il Belcanto oltre i confini<\/em>\u201d per portarli a livelli tecnici sempre pi\u00f9 elevati, accompagnandoli quale tutor fino a varcare le soglie dei teatri lirici in Italia o all\u2019estero con una concreta prospettiva di carriera operistica.<\/p>\n","protected":false},"excerpt":{"rendered":"<p>Dopo i successi dello scorso anno, il Coro polifonico misto dell\u2019Accademia Lirica Internazionale Santa Croce si prepara alla nuova stagione concertistica<\/p>\n","protected":false},"author":28,"featured_media":61922,"comment_status":"closed","ping_status":"closed","sticky":false,"template":"","format":"image","meta":{"dwc-title":[""],"dwc-content":[""],"footnotes":""},"categories":[37],"tags":[861,1280,55,65],"class_list":["post-61919","post","type-post","status-publish","format-image","has-post-thumbnail","hentry","category-cultura-e-spettacolo","tag-concerti","tag-coro","tag-musica","tag-trieste","post_format-post-format-image"],"rttpg_featured_image_url":{"full":["https:\/\/imagazine.it\/wp-content\/uploads\/2025\/01\/CoroAccademiaS.Croce_A.-Carloni.jpg",1364,764,false],"landscape":["https:\/\/imagazine.it\/wp-content\/uploads\/2025\/01\/CoroAccademiaS.Croce_A.-Carloni.jpg",1364,764,false],"portraits":["https:\/\/imagazine.it\/wp-content\/uploads\/2025\/01\/CoroAccademiaS.Croce_A.-Carloni.jpg",1364,764,false],"thumbnail":["https:\/\/imagazine.it\/wp-content\/uploads\/2025\/01\/CoroAccademiaS.Croce_A.-Carloni-150x150.jpg",150,150,true],"medium":["https:\/\/imagazine.it\/wp-content\/uploads\/2025\/01\/CoroAccademiaS.Croce_A.-Carloni-300x168.jpg",300,168,true],"large":["https:\/\/imagazine.it\/wp-content\/uploads\/2025\/01\/CoroAccademiaS.Croce_A.-Carloni-1024x574.jpg",640,359,true],"thumblist":["https:\/\/imagazine.it\/wp-content\/uploads\/2025\/01\/CoroAccademiaS.Croce_A.-Carloni-300x300.jpg",300,300,true],"thumbrelated":["https:\/\/imagazine.it\/wp-content\/uploads\/2025\/01\/CoroAccademiaS.Croce_A.-Carloni-500x500.jpg",500,500,true],"meccarouselthumb":["https:\/\/imagazine.it\/wp-content\/uploads\/2025\/01\/CoroAccademiaS.Croce_A.-Carloni-474x324.jpg",474,324,true],"gridsquare":["https:\/\/imagazine.it\/wp-content\/uploads\/2025\/01\/CoroAccademiaS.Croce_A.-Carloni-391x260.jpg",391,260,true],"tileview":["https:\/\/imagazine.it\/wp-content\/uploads\/2025\/01\/CoroAccademiaS.Croce_A.-Carloni-300x400.jpg",300,400,true],"1536x1536":["https:\/\/imagazine.it\/wp-content\/uploads\/2025\/01\/CoroAccademiaS.Croce_A.-Carloni.jpg",1364,764,false],"2048x2048":["https:\/\/imagazine.it\/wp-content\/uploads\/2025\/01\/CoroAccademiaS.Croce_A.-Carloni.jpg",1364,764,false],"newsup-slider-full":["https:\/\/imagazine.it\/wp-content\/uploads\/2025\/01\/CoroAccademiaS.Croce_A.-Carloni-1280x720.jpg",1280,720,true],"newsup-featured":["https:\/\/imagazine.it\/wp-content\/uploads\/2025\/01\/CoroAccademiaS.Croce_A.-Carloni-1024x574.jpg",1024,574,true],"newsup-medium":["https:\/\/imagazine.it\/wp-content\/uploads\/2025\/01\/CoroAccademiaS.Croce_A.-Carloni-720x380.jpg",720,380,true],"tptn_thumbnail":["https:\/\/imagazine.it\/wp-content\/uploads\/2025\/01\/CoroAccademiaS.Croce_A.-Carloni-250x210.jpg",250,210,true],"sow-carousel-default":["https:\/\/imagazine.it\/wp-content\/uploads\/2025\/01\/CoroAccademiaS.Croce_A.-Carloni-272x182.jpg",272,182,true]},"rttpg_author":{"display_name":"redazione","author_link":"https:\/\/imagazine.it\/home_desk\/author\/redazione\/"},"rttpg_comment":0,"rttpg_category":"<a href=\"https:\/\/imagazine.it\/home_desk\/category\/cultura-e-spettacolo\/\" rel=\"category tag\">CULTURA&amp;SPETTACOLO<\/a>","rttpg_excerpt":"Dopo i successi dello scorso anno, il Coro polifonico misto dell\u2019Accademia Lirica Internazionale Santa Croce si prepara alla nuova stagione concertistica","_links":{"self":[{"href":"https:\/\/imagazine.it\/home_desk\/wp-json\/wp\/v2\/posts\/61919","targetHints":{"allow":["GET"]}}],"collection":[{"href":"https:\/\/imagazine.it\/home_desk\/wp-json\/wp\/v2\/posts"}],"about":[{"href":"https:\/\/imagazine.it\/home_desk\/wp-json\/wp\/v2\/types\/post"}],"author":[{"embeddable":true,"href":"https:\/\/imagazine.it\/home_desk\/wp-json\/wp\/v2\/users\/28"}],"replies":[{"embeddable":true,"href":"https:\/\/imagazine.it\/home_desk\/wp-json\/wp\/v2\/comments?post=61919"}],"version-history":[{"count":0,"href":"https:\/\/imagazine.it\/home_desk\/wp-json\/wp\/v2\/posts\/61919\/revisions"}],"wp:featuredmedia":[{"embeddable":true,"href":"https:\/\/imagazine.it\/home_desk\/wp-json\/wp\/v2\/media\/61922"}],"wp:attachment":[{"href":"https:\/\/imagazine.it\/home_desk\/wp-json\/wp\/v2\/media?parent=61919"}],"wp:term":[{"taxonomy":"category","embeddable":true,"href":"https:\/\/imagazine.it\/home_desk\/wp-json\/wp\/v2\/categories?post=61919"},{"taxonomy":"post_tag","embeddable":true,"href":"https:\/\/imagazine.it\/home_desk\/wp-json\/wp\/v2\/tags?post=61919"}],"curies":[{"name":"wp","href":"https:\/\/api.w.org\/{rel}","templated":true}]}}