{"id":61912,"date":"2025-01-16T17:43:35","date_gmt":"2025-01-16T16:43:35","guid":{"rendered":"https:\/\/imagazine.it\/home_desk\/?p=61912"},"modified":"2025-01-20T10:00:50","modified_gmt":"2025-01-20T09:00:50","slug":"monumenti-ai-caduti-nuovi-fondi-agli-alpini","status":"publish","type":"post","link":"https:\/\/imagazine.it\/home_desk\/monumenti-ai-caduti-nuovi-fondi-agli-alpini\/","title":{"rendered":"Monumenti ai caduti: nuovi fondi agli Alpini"},"content":{"rendered":"<p><span style=\"font-size: 10pt;\"><em>Il vice governatore Anzil (al centro) con consiglieri regionali, amministratori locali e alpini (ph. Regione FVG)<\/em><\/span><\/p>\n<p>UDINE \u2013 Ufficializzata l&#8217;attribuzione alle <strong>sezioni dell&#8217;Associazione nazionale alpini (ANA) del Friuli Venezia Giulia<\/strong> del contributo di <strong>620mila euro<\/strong>.<\/p>\n<p>Lo ha confermato il vice governatore con delega a Cultura e sport, <strong>Mario Anzil<\/strong>, presentando nella sede della Regione a Udine l&#8217;elenco delle opere di restauro che verranno realizzate.<\/p>\n<p>La misura, gi\u00e0 adottata per il biennio 23-24 con una dotazione di 320mila euro, \u00e8 stata implementata nell&#8217;ultima legge di Stabilit\u00e0 portando il contributo a 620mila euro.<\/p>\n<p>L&#8217;obiettivo \u00e8 quello di sostenere la manutenzione e il ripristino di <strong>percorsi, sentieri, capitelli, ancone, cippi commemorativi, chiesette e cimiteri, nonch\u00e9 per il miglioramento di baite e rifugi<\/strong>. Quattro sezioni Ana hanno presentato 18 progetti.<\/p>\n<h3>Sezione di Udine<\/h3>\n<p>Diversi i progetti che interesseranno la Sezione di Udine.<\/p>\n<p>A partire dal restauro delle lapidi commemorative dei caduti dispersi delle due Guerre mondiali, presenti nella <strong>chiesa di San Martino di Codroipo<\/strong>.<\/p>\n<p>Quindi la manutenzione periodica di 181 croci in ferro presenti nel cimitero militare dei caduti di<strong> Aquileia<\/strong>, chiamato anche <strong>Il Cimitero degli Eroi<\/strong>.<\/p>\n<p>Prevista inoltre la <strong>riqualificazione dell&#8217;area monumentale<\/strong> a ricordo della tragedia del Galilea sul <strong>monte di Ragogna<\/strong>.<\/p>\n<p>In programma anche il <strong>ripristino dell&#8217;antica fontana<\/strong> denominata &#8220;dal predi&#8221;, della fine dell&#8217;Ottocento e posizionata a <strong>Cergneu Superiore<\/strong> in comune di Nimis oltrech\u00e9 per la sistemazione e la ristrutturazione dei <strong>monumenti ai caduti a Medeuzza e a Racchiuso di Attimis<\/strong>.<\/p>\n<h3>Pordenone, Carnia e Cividale<\/h3>\n<p>La Sezione di Pordenone ha ottenuto un contributo per intervenire sulla <strong>Casera Valfredda di Giais<\/strong>; sulla <strong>chiesetta di San Valentino a San Vito al Tagliamento<\/strong>; sul <strong>cimitero di Guerra della Val Da Ros a Clauzetto<\/strong> e per la manutenzione della <strong>chiesetta di Sant&#8217;Urbano in localit\u00e0 Villotta di Vicinale<\/strong> a Pasiano di Pordenone.<\/p>\n<p>Per la Sezione della Carnia saranno fondamentali due interventi di manutenzione straordinaria per la <strong>cappella di Paularo<\/strong> e per il <strong>parco della rimembranza a Sutrio<\/strong>.<\/p>\n<p>Infine, la Sezione di Cividale del Friuli, in sinergia con alcune parrocchie, ha individuato alcuni siti delle Valli del Natisone, che necessitano di intervento urgente di recupero.<\/p>\n<p>Nello specifico si tratta del restauro del campanile della <strong>chiesa di Sant&#8217;Andrea apostolo a Erbezzo<\/strong>; la <strong>chiesetta del Santo Spirito sul Monte<\/strong>; la <strong>chiese di San Quirino a San Pietro al Natisone e la cappella di Biacis<\/strong>.<\/p>\n<p>Inoltre, saranno restaurati il <strong>Monumento a Cividale<\/strong> dedicato ai caduti della Prima guerra mondiale dei battaglioni e la cappella del <strong>cimitero di Orzano<\/strong>.<\/p>\n","protected":false},"excerpt":{"rendered":"<p>Per sostenere manutenzione e ripristino di percorsi, sentieri, capitelli, ancone, cippi commemorativi, chiesette e cimiteri, nonch\u00e9 per il miglioramento di baite e rifugi<\/p>\n","protected":false},"author":28,"featured_media":61913,"comment_status":"closed","ping_status":"closed","sticky":false,"template":"","format":"image","meta":{"dwc-title":[""],"dwc-content":[""],"footnotes":""},"categories":[5],"tags":[213,362,170,384,101],"class_list":["post-61912","post","type-post","status-publish","format-image","has-post-thumbnail","hentry","category-attualita","tag-alpini","tag-carnia","tag-cividale","tag-lavori","tag-udine","post_format-post-format-image"],"rttpg_featured_image_url":{"full":["https:\/\/imagazine.it\/wp-content\/uploads\/2025\/01\/anzil-alpini.jpg",1366,787,false],"landscape":["https:\/\/imagazine.it\/wp-content\/uploads\/2025\/01\/anzil-alpini.jpg",1366,787,false],"portraits":["https:\/\/imagazine.it\/wp-content\/uploads\/2025\/01\/anzil-alpini.jpg",1366,787,false],"thumbnail":["https:\/\/imagazine.it\/wp-content\/uploads\/2025\/01\/anzil-alpini-150x150.jpg",150,150,true],"medium":["https:\/\/imagazine.it\/wp-content\/uploads\/2025\/01\/anzil-alpini-300x173.jpg",300,173,true],"large":["https:\/\/imagazine.it\/wp-content\/uploads\/2025\/01\/anzil-alpini-1024x590.jpg",640,369,true],"thumblist":["https:\/\/imagazine.it\/wp-content\/uploads\/2025\/01\/anzil-alpini-300x300.jpg",300,300,true],"thumbrelated":["https:\/\/imagazine.it\/wp-content\/uploads\/2025\/01\/anzil-alpini-500x500.jpg",500,500,true],"meccarouselthumb":["https:\/\/imagazine.it\/wp-content\/uploads\/2025\/01\/anzil-alpini-474x324.jpg",474,324,true],"gridsquare":["https:\/\/imagazine.it\/wp-content\/uploads\/2025\/01\/anzil-alpini-391x260.jpg",391,260,true],"tileview":["https:\/\/imagazine.it\/wp-content\/uploads\/2025\/01\/anzil-alpini-300x400.jpg",300,400,true],"1536x1536":["https:\/\/imagazine.it\/wp-content\/uploads\/2025\/01\/anzil-alpini.jpg",1366,787,false],"2048x2048":["https:\/\/imagazine.it\/wp-content\/uploads\/2025\/01\/anzil-alpini.jpg",1366,787,false],"newsup-slider-full":["https:\/\/imagazine.it\/wp-content\/uploads\/2025\/01\/anzil-alpini-1280x720.jpg",1280,720,true],"newsup-featured":["https:\/\/imagazine.it\/wp-content\/uploads\/2025\/01\/anzil-alpini-1024x590.jpg",1024,590,true],"newsup-medium":["https:\/\/imagazine.it\/wp-content\/uploads\/2025\/01\/anzil-alpini-720x380.jpg",720,380,true],"tptn_thumbnail":["https:\/\/imagazine.it\/wp-content\/uploads\/2025\/01\/anzil-alpini-250x210.jpg",250,210,true],"sow-carousel-default":["https:\/\/imagazine.it\/wp-content\/uploads\/2025\/01\/anzil-alpini-272x182.jpg",272,182,true]},"rttpg_author":{"display_name":"redazione","author_link":"https:\/\/imagazine.it\/home_desk\/author\/redazione\/"},"rttpg_comment":0,"rttpg_category":"<a href=\"https:\/\/imagazine.it\/home_desk\/category\/attualita\/\" rel=\"category tag\">ATTUALIT\u00c0<\/a>","rttpg_excerpt":"Per sostenere manutenzione e ripristino di percorsi, sentieri, capitelli, ancone, cippi commemorativi, chiesette e cimiteri, nonch\u00e9 per il miglioramento di baite e rifugi","_links":{"self":[{"href":"https:\/\/imagazine.it\/home_desk\/wp-json\/wp\/v2\/posts\/61912","targetHints":{"allow":["GET"]}}],"collection":[{"href":"https:\/\/imagazine.it\/home_desk\/wp-json\/wp\/v2\/posts"}],"about":[{"href":"https:\/\/imagazine.it\/home_desk\/wp-json\/wp\/v2\/types\/post"}],"author":[{"embeddable":true,"href":"https:\/\/imagazine.it\/home_desk\/wp-json\/wp\/v2\/users\/28"}],"replies":[{"embeddable":true,"href":"https:\/\/imagazine.it\/home_desk\/wp-json\/wp\/v2\/comments?post=61912"}],"version-history":[{"count":0,"href":"https:\/\/imagazine.it\/home_desk\/wp-json\/wp\/v2\/posts\/61912\/revisions"}],"wp:featuredmedia":[{"embeddable":true,"href":"https:\/\/imagazine.it\/home_desk\/wp-json\/wp\/v2\/media\/61913"}],"wp:attachment":[{"href":"https:\/\/imagazine.it\/home_desk\/wp-json\/wp\/v2\/media?parent=61912"}],"wp:term":[{"taxonomy":"category","embeddable":true,"href":"https:\/\/imagazine.it\/home_desk\/wp-json\/wp\/v2\/categories?post=61912"},{"taxonomy":"post_tag","embeddable":true,"href":"https:\/\/imagazine.it\/home_desk\/wp-json\/wp\/v2\/tags?post=61912"}],"curies":[{"name":"wp","href":"https:\/\/api.w.org\/{rel}","templated":true}]}}