{"id":61888,"date":"2025-01-16T12:02:29","date_gmt":"2025-01-16T11:02:29","guid":{"rendered":"https:\/\/imagazine.it\/home_desk\/?p=61888"},"modified":"2025-01-17T12:52:01","modified_gmt":"2025-01-17T11:52:01","slug":"numeri-record-per-andy-warhol-a-gorizia","status":"publish","type":"post","link":"https:\/\/imagazine.it\/home_desk\/numeri-record-per-andy-warhol-a-gorizia\/","title":{"rendered":"Numeri record per Andy Warhol a Gorizia"},"content":{"rendered":"<p><span style=\"font-size: 10pt;\"><em>Visitatori in mostra<\/em><\/span><\/p>\n<p>GORIZIA \u2013 A poco meno di un mese dalla sua inaugurazione, <span style=\"text-decoration: underline;\"><a href=\"https:\/\/imagazine.it\/home_desk\/events\/andy-warhol-beyond-borders-2\/\">la mostra\u00a0<em>Andy Warhol. Beyond Borders<\/em><\/a><\/span>\u00a0sta confermando le grandi aspettative di pubblico.<\/p>\n<p>Sono infatti pi\u00f9 <strong>di settemila le persone<\/strong> che dallo scorso 21 dicembre, giorno di apertura della mostra, hanno voluto immergersi nel percorso espositivo che,\u00a0attraverso ben 180 opere, ripercorre la carriera artistica e la vita del grande artista americano, figura di spicco della Pop Art.<\/p>\n<p>Allestita a <strong>Palazzo Attems Petzenstein<\/strong> di Gorizia da Erpac e Promoturismo, la mostra ha registrato due picchi di pubblico nelle ultime due domeniche con, rispettivamente, 907 e 695 presenze.<\/p>\n<p>\u201cSiamo davvero soddisfatti \u2013 afferma il vicepresidente e assessore alla cultura e allo sport della Regione FVG, <strong>Mario Anzil<\/strong> \u2013 del grande riscontro che sta ottenendo la mostra su Andy Warhol, un\u2019esposizione che, assieme a\u00a0<em>Ungaretti poeta e soldato<\/em>\u00a0allestita al Museo di Santa Chiara a Gorizia e alla mostra fotografica dedicata alla famiglia Wulz al Magazzino delle Idee di Trieste, anticipa la ricca offerta culturale che quest\u2019anno avremo in regione in occasione di <em>GO!2025<\/em>\u201d.<\/p>\n<p>Per consentire ai visitatori una maggiore fruibilit\u00e0 della mostra, Erpac e Promoturismo hanno deciso di estendere di un\u2019ora l\u2019apertura della mostra di venerd\u00ec, sabato e domenica (dalle 9 alle 20), mentre dal luned\u00ec al gioved\u00ec rimarr\u00e0 invariato dalle 9 alle 19.<\/p>\n<p>Aperta fino al prossimo 4 maggio, la mostra presenta anche un catalogo acquistabile al bookshop di Palazzo Attems Petzenstein.<\/p>\n","protected":false},"excerpt":{"rendered":"<p>In meno di un mese oltre settemila persone hanno gi\u00e0 visitato la mostra dedicata all&#8217;icona della pop art<\/p>\n","protected":false},"author":28,"featured_media":61889,"comment_status":"closed","ping_status":"closed","sticky":false,"template":"","format":"image","meta":{"dwc-title":[""],"dwc-content":[""],"footnotes":""},"categories":[37],"tags":[165,261,826,43,60,2660],"class_list":["post-61888","post","type-post","status-publish","format-image","has-post-thumbnail","hentry","category-cultura-e-spettacolo","tag-arte","tag-eventi","tag-eventi-fvg","tag-gorizia","tag-mostre","tag-warhol","post_format-post-format-image"],"rttpg_featured_image_url":{"full":["https:\/\/imagazine.it\/wp-content\/uploads\/2025\/01\/AndyWarhol1.jpg",1366,747,false],"landscape":["https:\/\/imagazine.it\/wp-content\/uploads\/2025\/01\/AndyWarhol1.jpg",1366,747,false],"portraits":["https:\/\/imagazine.it\/wp-content\/uploads\/2025\/01\/AndyWarhol1.jpg",1366,747,false],"thumbnail":["https:\/\/imagazine.it\/wp-content\/uploads\/2025\/01\/AndyWarhol1-150x150.jpg",150,150,true],"medium":["https:\/\/imagazine.it\/wp-content\/uploads\/2025\/01\/AndyWarhol1-300x164.jpg",300,164,true],"large":["https:\/\/imagazine.it\/wp-content\/uploads\/2025\/01\/AndyWarhol1-1024x560.jpg",640,350,true],"thumblist":["https:\/\/imagazine.it\/wp-content\/uploads\/2025\/01\/AndyWarhol1-300x300.jpg",300,300,true],"thumbrelated":["https:\/\/imagazine.it\/wp-content\/uploads\/2025\/01\/AndyWarhol1-500x500.jpg",500,500,true],"meccarouselthumb":["https:\/\/imagazine.it\/wp-content\/uploads\/2025\/01\/AndyWarhol1-474x324.jpg",474,324,true],"gridsquare":["https:\/\/imagazine.it\/wp-content\/uploads\/2025\/01\/AndyWarhol1-391x260.jpg",391,260,true],"tileview":["https:\/\/imagazine.it\/wp-content\/uploads\/2025\/01\/AndyWarhol1-300x400.jpg",300,400,true],"1536x1536":["https:\/\/imagazine.it\/wp-content\/uploads\/2025\/01\/AndyWarhol1.jpg",1366,747,false],"2048x2048":["https:\/\/imagazine.it\/wp-content\/uploads\/2025\/01\/AndyWarhol1.jpg",1366,747,false],"newsup-slider-full":["https:\/\/imagazine.it\/wp-content\/uploads\/2025\/01\/AndyWarhol1-1280x720.jpg",1280,720,true],"newsup-featured":["https:\/\/imagazine.it\/wp-content\/uploads\/2025\/01\/AndyWarhol1-1024x560.jpg",1024,560,true],"newsup-medium":["https:\/\/imagazine.it\/wp-content\/uploads\/2025\/01\/AndyWarhol1-720x380.jpg",720,380,true],"tptn_thumbnail":["https:\/\/imagazine.it\/wp-content\/uploads\/2025\/01\/AndyWarhol1-250x210.jpg",250,210,true],"sow-carousel-default":["https:\/\/imagazine.it\/wp-content\/uploads\/2025\/01\/AndyWarhol1-272x182.jpg",272,182,true]},"rttpg_author":{"display_name":"redazione","author_link":"https:\/\/imagazine.it\/home_desk\/author\/redazione\/"},"rttpg_comment":0,"rttpg_category":"<a href=\"https:\/\/imagazine.it\/home_desk\/category\/cultura-e-spettacolo\/\" rel=\"category tag\">CULTURA&amp;SPETTACOLO<\/a>","rttpg_excerpt":"In meno di un mese oltre settemila persone hanno gi\u00e0 visitato la mostra dedicata all'icona della pop art","_links":{"self":[{"href":"https:\/\/imagazine.it\/home_desk\/wp-json\/wp\/v2\/posts\/61888","targetHints":{"allow":["GET"]}}],"collection":[{"href":"https:\/\/imagazine.it\/home_desk\/wp-json\/wp\/v2\/posts"}],"about":[{"href":"https:\/\/imagazine.it\/home_desk\/wp-json\/wp\/v2\/types\/post"}],"author":[{"embeddable":true,"href":"https:\/\/imagazine.it\/home_desk\/wp-json\/wp\/v2\/users\/28"}],"replies":[{"embeddable":true,"href":"https:\/\/imagazine.it\/home_desk\/wp-json\/wp\/v2\/comments?post=61888"}],"version-history":[{"count":0,"href":"https:\/\/imagazine.it\/home_desk\/wp-json\/wp\/v2\/posts\/61888\/revisions"}],"wp:featuredmedia":[{"embeddable":true,"href":"https:\/\/imagazine.it\/home_desk\/wp-json\/wp\/v2\/media\/61889"}],"wp:attachment":[{"href":"https:\/\/imagazine.it\/home_desk\/wp-json\/wp\/v2\/media?parent=61888"}],"wp:term":[{"taxonomy":"category","embeddable":true,"href":"https:\/\/imagazine.it\/home_desk\/wp-json\/wp\/v2\/categories?post=61888"},{"taxonomy":"post_tag","embeddable":true,"href":"https:\/\/imagazine.it\/home_desk\/wp-json\/wp\/v2\/tags?post=61888"}],"curies":[{"name":"wp","href":"https:\/\/api.w.org\/{rel}","templated":true}]}}