{"id":61854,"date":"2025-01-15T15:09:07","date_gmt":"2025-01-15T14:09:07","guid":{"rendered":"https:\/\/imagazine.it\/home_desk\/?p=61854"},"modified":"2025-01-15T15:09:07","modified_gmt":"2025-01-15T14:09:07","slug":"la-biografia-della-fame-narrata-agli-studenti","status":"publish","type":"post","link":"https:\/\/imagazine.it\/home_desk\/la-biografia-della-fame-narrata-agli-studenti\/","title":{"rendered":"La biografia della fame narrata agli studenti"},"content":{"rendered":"<p>CIVIDALE DEL FRIULI \u2013 \u00c8 dedicato a tutte quelle persone che non si sentono abbastanza belle, che non si sentono abbastanza amate, che non credono di bastarsi per essere felici (\u201cuno spettacolo un po\u2019 per tutti: chi \u00e8 senza peccato, scagli la prima pietra\u201d).<\/p>\n<p>\u201c<em>Fame mia. Quasi una biografia<\/em>\u201d, lavoro teatrale di e con <strong>Annagaia Marchioro<\/strong> e <strong>Gabriele Scotti<\/strong>, liberamente ispirato al libro \u201cBiografia della fame\u201d di Am\u00e9lie Nothomb, per la regia di Serena Sinigaglia, \u00e8 in programma per le scuole nel <strong>Teatro Ristori di Cividale <\/strong>gioved\u00ec 16 gennaio alle 11 e nel <strong>teatro Zancanaro di Sacile <\/strong>venerd\u00ec 17 gennaio alle 11.15.<\/p>\n<p>Una s<strong>toria comica e profonda allo stesso tempo che parla delle difficolt\u00e0 del crescere, di fragilit\u00e0 e soprattutto di riscatto in un periodo di trasformazione travagliato qual \u00e8 l\u2019adolescenza<\/strong><strong>. <\/strong><\/p>\n<p>Lo spettacolo si inserisce nel progetto \u201c<em>Uguali\/diversi<\/em>\u201d promosso dall\u2019associazione culturale Thesis di Pordenone, e curato da <strong>Emanuela Furlan<\/strong>, in collaborazione con l&#8217;Ente Regionale Teatrale del Fvg, sostenuto da Fondazione Friuli<strong>. <\/strong><\/p>\n<p><strong>Un progetto <\/strong>che prevede fino a marzo varie attivit\u00e0 e iniziative per parlare ai ragazzi di pregiudizi, stereotipi, discriminazioni, uguaglianza, diversit\u00e0, inclusione, rispetto delle differenze, relazioni corrette e pari opportunit\u00e0.<\/p>\n<p>In particolare \u201c<em>Fame mia<\/em>\u201d rientra in \u201c<em>La perfezione non esiste<\/em>\u201d, percorso sugli stereotipi che diventano canoni omologanti e dannosi, rivolti al mito della perfezione irraggiungibile, sia essa fisica (secondo i canoni di bellezza cos\u00ec pervasivi nei social) sia in termini di prestazione.<\/p>\n<p>Sul palco porta la storia di una donna che aveva fame, cos\u00ec tanta fame, da smettere di mangiare, rivelandosi uno spettacolo incredibilmente comico e poetico che parla di cioccolato e di desideri, di cibo e di ossessioni, di accettazione e di denutrizioni.<\/p>\n<p>Al noto romanzo di Am\u00e9lie Nothomb ruba i momenti pi\u00f9 alti e la crudele ironia, sfocandone i contorni fino a farlo aderire a un\u2019altra storia, quella dell\u2019autrice attrice che la interpreta.<\/p>\n<p>Un percorso di formazione, dall\u2019infanzia all\u2019et\u00e0 adulta alla ricerca di s\u00e9, una strada piena di curve e di salite ma anche di prati su cui riposare.<\/p>\n<p>Grazie alla regia di <strong>Serena Senigaglia<\/strong> e alla scrittura ironica di <strong>Annagaia Marchioro<\/strong>, questa storia di salvezza viene narrata in modo dinamico e movimentato alternando momenti di estrema leggerezza a momenti drammatici di forte impatto emotivo.<\/p>\n","protected":false},"excerpt":{"rendered":"<p>Annagaia Marchioro e Gabriele Scotti sul palco per lo spettacolo dedicato a quanti non si sentono abbastanza belli o amati e non credono di bastarsi per essere felici<\/p>\n","protected":false},"author":28,"featured_media":61855,"comment_status":"closed","ping_status":"closed","sticky":false,"template":"","format":"image","meta":{"dwc-title":[""],"dwc-content":[""],"footnotes":""},"categories":[5],"tags":[170,1159,129,820,128,52],"class_list":["post-61854","post","type-post","status-publish","format-image","has-post-thumbnail","hentry","category-attualita","tag-cividale","tag-sacile","tag-scuola","tag-sociale","tag-studenti","tag-teatro","post_format-post-format-image"],"rttpg_featured_image_url":{"full":["https:\/\/imagazine.it\/wp-content\/uploads\/2025\/01\/fameMia.jpg",1366,793,false],"landscape":["https:\/\/imagazine.it\/wp-content\/uploads\/2025\/01\/fameMia.jpg",1366,793,false],"portraits":["https:\/\/imagazine.it\/wp-content\/uploads\/2025\/01\/fameMia.jpg",1366,793,false],"thumbnail":["https:\/\/imagazine.it\/wp-content\/uploads\/2025\/01\/fameMia-150x150.jpg",150,150,true],"medium":["https:\/\/imagazine.it\/wp-content\/uploads\/2025\/01\/fameMia-300x174.jpg",300,174,true],"large":["https:\/\/imagazine.it\/wp-content\/uploads\/2025\/01\/fameMia-1024x594.jpg",640,371,true],"thumblist":["https:\/\/imagazine.it\/wp-content\/uploads\/2025\/01\/fameMia-300x300.jpg",300,300,true],"thumbrelated":["https:\/\/imagazine.it\/wp-content\/uploads\/2025\/01\/fameMia-500x500.jpg",500,500,true],"meccarouselthumb":["https:\/\/imagazine.it\/wp-content\/uploads\/2025\/01\/fameMia-474x324.jpg",474,324,true],"gridsquare":["https:\/\/imagazine.it\/wp-content\/uploads\/2025\/01\/fameMia-391x260.jpg",391,260,true],"tileview":["https:\/\/imagazine.it\/wp-content\/uploads\/2025\/01\/fameMia-300x400.jpg",300,400,true],"1536x1536":["https:\/\/imagazine.it\/wp-content\/uploads\/2025\/01\/fameMia.jpg",1366,793,false],"2048x2048":["https:\/\/imagazine.it\/wp-content\/uploads\/2025\/01\/fameMia.jpg",1366,793,false],"newsup-slider-full":["https:\/\/imagazine.it\/wp-content\/uploads\/2025\/01\/fameMia-1280x720.jpg",1280,720,true],"newsup-featured":["https:\/\/imagazine.it\/wp-content\/uploads\/2025\/01\/fameMia-1024x594.jpg",1024,594,true],"newsup-medium":["https:\/\/imagazine.it\/wp-content\/uploads\/2025\/01\/fameMia-720x380.jpg",720,380,true],"tptn_thumbnail":["https:\/\/imagazine.it\/wp-content\/uploads\/2025\/01\/fameMia-250x210.jpg",250,210,true],"sow-carousel-default":["https:\/\/imagazine.it\/wp-content\/uploads\/2025\/01\/fameMia-272x182.jpg",272,182,true]},"rttpg_author":{"display_name":"redazione","author_link":"https:\/\/imagazine.it\/home_desk\/author\/redazione\/"},"rttpg_comment":0,"rttpg_category":"<a href=\"https:\/\/imagazine.it\/home_desk\/category\/attualita\/\" rel=\"category tag\">ATTUALIT\u00c0<\/a>","rttpg_excerpt":"Annagaia Marchioro e Gabriele Scotti sul palco per lo spettacolo dedicato a quanti non si sentono abbastanza belli o amati e non credono di bastarsi per essere felici","_links":{"self":[{"href":"https:\/\/imagazine.it\/home_desk\/wp-json\/wp\/v2\/posts\/61854","targetHints":{"allow":["GET"]}}],"collection":[{"href":"https:\/\/imagazine.it\/home_desk\/wp-json\/wp\/v2\/posts"}],"about":[{"href":"https:\/\/imagazine.it\/home_desk\/wp-json\/wp\/v2\/types\/post"}],"author":[{"embeddable":true,"href":"https:\/\/imagazine.it\/home_desk\/wp-json\/wp\/v2\/users\/28"}],"replies":[{"embeddable":true,"href":"https:\/\/imagazine.it\/home_desk\/wp-json\/wp\/v2\/comments?post=61854"}],"version-history":[{"count":0,"href":"https:\/\/imagazine.it\/home_desk\/wp-json\/wp\/v2\/posts\/61854\/revisions"}],"wp:featuredmedia":[{"embeddable":true,"href":"https:\/\/imagazine.it\/home_desk\/wp-json\/wp\/v2\/media\/61855"}],"wp:attachment":[{"href":"https:\/\/imagazine.it\/home_desk\/wp-json\/wp\/v2\/media?parent=61854"}],"wp:term":[{"taxonomy":"category","embeddable":true,"href":"https:\/\/imagazine.it\/home_desk\/wp-json\/wp\/v2\/categories?post=61854"},{"taxonomy":"post_tag","embeddable":true,"href":"https:\/\/imagazine.it\/home_desk\/wp-json\/wp\/v2\/tags?post=61854"}],"curies":[{"name":"wp","href":"https:\/\/api.w.org\/{rel}","templated":true}]}}