{"id":61835,"date":"2025-01-14T18:35:16","date_gmt":"2025-01-14T17:35:16","guid":{"rendered":"https:\/\/imagazine.it\/home_desk\/?p=61835"},"modified":"2025-01-16T12:58:04","modified_gmt":"2025-01-16T11:58:04","slug":"frecce-tricolori-tris-di-eventi-in-fvg","status":"publish","type":"post","link":"https:\/\/imagazine.it\/home_desk\/frecce-tricolori-tris-di-eventi-in-fvg\/","title":{"rendered":"Frecce Tricolori: tris di eventi in FVG"},"content":{"rendered":"<p><span style=\"font-size: 10pt;\"><em>(ph. Claudio Pizzin)<\/em><\/span><\/p>\n<p>CODROIPO &#8211; Cresce l&#8217;attesa per le esibizioni delle <strong>Frecce Tricolori<\/strong> in Friuli Venezia Giulia.<\/p>\n<p>Dopo la pubblicazione del calendario con gli appuntamenti del 2025 in Italia \u00e8 gi\u00e0 partito il conto alla rovescia verso il primo air show in regione.<\/p>\n<p>Domenica <strong>25 maggio<\/strong> l&#8217;appuntamento sar\u00e0 nel cielo di <strong>Grado<\/strong>.<\/p>\n<p>Poco pi\u00f9 di un mese pi\u00f9 tardi sar\u00e0 invece la volta di <strong>Lignano Sabbiadoro<\/strong>, dove la PAN si esibir\u00e0 domenica <strong>6 luglio<\/strong>.<\/p>\n<p>L&#8217;appuntamento clou, tuttavia, sar\u00e0 nel fine settimana del <strong>6-7 settembre<\/strong>: due giornate nelle quali a <strong>Rivolto<\/strong> &#8211; sede della Pattuglia Acrobatica Nazionale &#8211; pattuglie provenienti da tutto il mondo celebreranno i 65 anni delle Frecce Tricolori.<\/p>\n<p><img loading=\"lazy\" decoding=\"async\" class=\"aligncenter size-full wp-image-61836\" src=\"https:\/\/imagazine.it\/wp-content\/uploads\/2025\/01\/calendario.jpg\" alt=\"\" width=\"1000\" height=\"1000\" title=\"\" srcset=\"https:\/\/imagazine.it\/wp-content\/uploads\/2025\/01\/calendario.jpg 1000w, https:\/\/imagazine.it\/wp-content\/uploads\/2025\/01\/calendario-300x300.jpg 300w, https:\/\/imagazine.it\/wp-content\/uploads\/2025\/01\/calendario-150x150.jpg 150w, https:\/\/imagazine.it\/wp-content\/uploads\/2025\/01\/calendario-768x768.jpg 768w, https:\/\/imagazine.it\/wp-content\/uploads\/2025\/01\/calendario-500x500.jpg 500w\" sizes=\"auto, (max-width: 1000px) 100vw, 1000px\" \/><\/p>\n<p>&nbsp;<\/p>\n","protected":false},"excerpt":{"rendered":"<p>Oltre alle tradizionali esibizioni a Grado e Lignano, a settembre due giorni di spettacolo a Rivolto per celebrare i 65 anni della PAN<\/p>\n","protected":false},"author":28,"featured_media":61837,"comment_status":"closed","ping_status":"closed","sticky":false,"template":"","format":"image","meta":{"dwc-title":[""],"dwc-content":[""],"footnotes":""},"categories":[5],"tags":[2651,1299,174,225,1749,421],"class_list":["post-61835","post","type-post","status-publish","format-image","has-post-thumbnail","hentry","category-attualita","tag-aeronautica","tag-frecce-tricolori","tag-grado","tag-lignano","tag-rivolto","tag-voli","post_format-post-format-image"],"rttpg_featured_image_url":{"full":["https:\/\/imagazine.it\/wp-content\/uploads\/2025\/01\/BAR_1625.jpg",1366,768,false],"landscape":["https:\/\/imagazine.it\/wp-content\/uploads\/2025\/01\/BAR_1625.jpg",1366,768,false],"portraits":["https:\/\/imagazine.it\/wp-content\/uploads\/2025\/01\/BAR_1625.jpg",1366,768,false],"thumbnail":["https:\/\/imagazine.it\/wp-content\/uploads\/2025\/01\/BAR_1625-150x150.jpg",150,150,true],"medium":["https:\/\/imagazine.it\/wp-content\/uploads\/2025\/01\/BAR_1625-300x169.jpg",300,169,true],"large":["https:\/\/imagazine.it\/wp-content\/uploads\/2025\/01\/BAR_1625-1024x576.jpg",640,360,true],"thumblist":["https:\/\/imagazine.it\/wp-content\/uploads\/2025\/01\/BAR_1625-300x300.jpg",300,300,true],"thumbrelated":["https:\/\/imagazine.it\/wp-content\/uploads\/2025\/01\/BAR_1625-500x500.jpg",500,500,true],"meccarouselthumb":["https:\/\/imagazine.it\/wp-content\/uploads\/2025\/01\/BAR_1625-474x324.jpg",474,324,true],"gridsquare":["https:\/\/imagazine.it\/wp-content\/uploads\/2025\/01\/BAR_1625-391x260.jpg",391,260,true],"tileview":["https:\/\/imagazine.it\/wp-content\/uploads\/2025\/01\/BAR_1625-300x400.jpg",300,400,true],"1536x1536":["https:\/\/imagazine.it\/wp-content\/uploads\/2025\/01\/BAR_1625.jpg",1366,768,false],"2048x2048":["https:\/\/imagazine.it\/wp-content\/uploads\/2025\/01\/BAR_1625.jpg",1366,768,false],"newsup-slider-full":["https:\/\/imagazine.it\/wp-content\/uploads\/2025\/01\/BAR_1625-1280x720.jpg",1280,720,true],"newsup-featured":["https:\/\/imagazine.it\/wp-content\/uploads\/2025\/01\/BAR_1625-1024x576.jpg",1024,576,true],"newsup-medium":["https:\/\/imagazine.it\/wp-content\/uploads\/2025\/01\/BAR_1625-720x380.jpg",720,380,true],"tptn_thumbnail":["https:\/\/imagazine.it\/wp-content\/uploads\/2025\/01\/BAR_1625-250x210.jpg",250,210,true],"sow-carousel-default":["https:\/\/imagazine.it\/wp-content\/uploads\/2025\/01\/BAR_1625-272x182.jpg",272,182,true]},"rttpg_author":{"display_name":"redazione","author_link":"https:\/\/imagazine.it\/home_desk\/author\/redazione\/"},"rttpg_comment":0,"rttpg_category":"<a href=\"https:\/\/imagazine.it\/home_desk\/category\/attualita\/\" rel=\"category tag\">ATTUALIT\u00c0<\/a>","rttpg_excerpt":"Oltre alle tradizionali esibizioni a Grado e Lignano, a settembre due giorni di spettacolo a Rivolto per celebrare i 65 anni della PAN","_links":{"self":[{"href":"https:\/\/imagazine.it\/home_desk\/wp-json\/wp\/v2\/posts\/61835","targetHints":{"allow":["GET"]}}],"collection":[{"href":"https:\/\/imagazine.it\/home_desk\/wp-json\/wp\/v2\/posts"}],"about":[{"href":"https:\/\/imagazine.it\/home_desk\/wp-json\/wp\/v2\/types\/post"}],"author":[{"embeddable":true,"href":"https:\/\/imagazine.it\/home_desk\/wp-json\/wp\/v2\/users\/28"}],"replies":[{"embeddable":true,"href":"https:\/\/imagazine.it\/home_desk\/wp-json\/wp\/v2\/comments?post=61835"}],"version-history":[{"count":0,"href":"https:\/\/imagazine.it\/home_desk\/wp-json\/wp\/v2\/posts\/61835\/revisions"}],"wp:featuredmedia":[{"embeddable":true,"href":"https:\/\/imagazine.it\/home_desk\/wp-json\/wp\/v2\/media\/61837"}],"wp:attachment":[{"href":"https:\/\/imagazine.it\/home_desk\/wp-json\/wp\/v2\/media?parent=61835"}],"wp:term":[{"taxonomy":"category","embeddable":true,"href":"https:\/\/imagazine.it\/home_desk\/wp-json\/wp\/v2\/categories?post=61835"},{"taxonomy":"post_tag","embeddable":true,"href":"https:\/\/imagazine.it\/home_desk\/wp-json\/wp\/v2\/tags?post=61835"}],"curies":[{"name":"wp","href":"https:\/\/api.w.org\/{rel}","templated":true}]}}