{"id":61822,"date":"2025-01-14T16:47:41","date_gmt":"2025-01-14T15:47:41","guid":{"rendered":"https:\/\/imagazine.it\/home_desk\/?p=61822"},"modified":"2025-01-15T11:31:47","modified_gmt":"2025-01-15T10:31:47","slug":"il-presepe-di-grado-capitale-cultura","status":"publish","type":"post","link":"https:\/\/imagazine.it\/home_desk\/il-presepe-di-grado-capitale-cultura\/","title":{"rendered":"Il presepe di Grado per la Capitale della Cultura?"},"content":{"rendered":"<p><span style=\"font-size: 10pt;\"><em>I volontari gradesi in piazza San Pietro con il &#8220;loro&#8221; presepe<\/em><\/span><\/p>\n<p>GRADO \u2013 Le squadre di <strong>volontari della parrocchia di Santa Eufemia <\/strong>stanno attualmente procedendo allo smontaggio del presepe, un&#8217;opera artistica che ha rappresentato la comunit\u00e0 di Grado in Piazza San Pietro.<\/p>\n<p>Per oltre un mese, gli occhi del mondo si sono posati su questa realizzazione, collocata nel cuore della cristianit\u00e0.<\/p>\n<p>Grazie all&#8217;intuizione di <strong>Antonio Boemo<\/strong> e alla maestria dei suoi collaboratori, la localit\u00e0 lagunare \u00e8 stata presentata al mondo intero, con la nascita di Ges\u00f9 Cristo ambientata in un caratteristico \u201cCasone\u201d.<\/p>\n<p>Mentre l&#8217;avventura natalizia giunge al suo epilogo, il team di dodici volontari \u00e8 immerso nella delicata operazione di smontaggio del presepe.<\/p>\n<p>Per quattro giorni, si impegneranno a riporre con cura ogni componente nei container, garantendo che tutto sia preservato al meglio per la prossima esposizione.<\/p>\n<p>L&#8217;opera d&#8217;arte, con il suo richiamo alla tradizione e alla cultura locale, attende un nuovo palcoscenico per essere nuovamente ammirata.<\/p>\n<figure id=\"attachment_61823\" aria-describedby=\"caption-attachment-61823\" style=\"width: 1000px\" class=\"wp-caption aligncenter\"><img loading=\"lazy\" decoding=\"async\" class=\"size-full wp-image-61823\" src=\"https:\/\/imagazine.it\/wp-content\/uploads\/2025\/01\/volontariroma-porta-santa-01.jpg\" alt=\"\" width=\"1000\" height=\"750\" title=\"\" srcset=\"https:\/\/imagazine.it\/wp-content\/uploads\/2025\/01\/volontariroma-porta-santa-01.jpg 1000w, https:\/\/imagazine.it\/wp-content\/uploads\/2025\/01\/volontariroma-porta-santa-01-300x225.jpg 300w, https:\/\/imagazine.it\/wp-content\/uploads\/2025\/01\/volontariroma-porta-santa-01-768x576.jpg 768w\" sizes=\"auto, (max-width: 1000px) 100vw, 1000px\" \/><figcaption id=\"caption-attachment-61823\" class=\"wp-caption-text\">I volontari gradesi davanti alla Porta Santa in Vaticano<\/figcaption><\/figure>\n<p>\u00c8 qui che si apre una straordinaria opportunit\u00e0: legare il destino di questo capolavoro a \u201cNova Gorica &#8211; Gorizia 2025\u201d. Nova Gorica e Gorizia, unite in un&#8217;unica celebrazione, rappresentano non solo un ponte tra due citt\u00e0, ma anche tra culture e comunit\u00e0 diverse.<\/p>\n<p>L&#8217;inclusione del presepe in questo contesto avrebbe un forte valore simbolico, sottolineando l&#8217;importanza della cooperazione transfrontaliera e della condivisione culturale.<\/p>\n<p>Il parroco di Grado, <strong>monsignor Paolo Nutarelli<\/strong>, \u00e8 entusiasta di questo progetto e ringrazia la comunit\u00e0 per la coesione e l&#8217;impegno dimostrati, trasformando un sogno condiviso in realt\u00e0.<\/p>\n","protected":false},"excerpt":{"rendered":"<p>Mentre a Roma i volontari della parrocchia di Sant&#8217;Eufemia smontano la Nativit\u00e0 di piazza San Pietro, nuove prospettive si aprono verso GO!2025<\/p>\n","protected":false},"author":22,"featured_media":61824,"comment_status":"closed","ping_status":"closed","sticky":false,"template":"","format":"image","meta":{"dwc-title":[""],"dwc-content":[""],"footnotes":""},"categories":[5],"tags":[123,174,398,2322,1143],"class_list":["post-61822","post","type-post","status-publish","format-image","has-post-thumbnail","hentry","category-attualita","tag-go2025","tag-grado","tag-natale","tag-presepe","tag-vaticano","post_format-post-format-image"],"rttpg_featured_image_url":{"full":["https:\/\/imagazine.it\/wp-content\/uploads\/2025\/01\/volontariroma-piazza-san-pietro.jpg",1366,888,false],"landscape":["https:\/\/imagazine.it\/wp-content\/uploads\/2025\/01\/volontariroma-piazza-san-pietro.jpg",1366,888,false],"portraits":["https:\/\/imagazine.it\/wp-content\/uploads\/2025\/01\/volontariroma-piazza-san-pietro.jpg",1366,888,false],"thumbnail":["https:\/\/imagazine.it\/wp-content\/uploads\/2025\/01\/volontariroma-piazza-san-pietro-150x150.jpg",150,150,true],"medium":["https:\/\/imagazine.it\/wp-content\/uploads\/2025\/01\/volontariroma-piazza-san-pietro-300x195.jpg",300,195,true],"large":["https:\/\/imagazine.it\/wp-content\/uploads\/2025\/01\/volontariroma-piazza-san-pietro-1024x666.jpg",640,416,true],"thumblist":["https:\/\/imagazine.it\/wp-content\/uploads\/2025\/01\/volontariroma-piazza-san-pietro-300x300.jpg",300,300,true],"thumbrelated":["https:\/\/imagazine.it\/wp-content\/uploads\/2025\/01\/volontariroma-piazza-san-pietro-500x500.jpg",500,500,true],"meccarouselthumb":["https:\/\/imagazine.it\/wp-content\/uploads\/2025\/01\/volontariroma-piazza-san-pietro-474x324.jpg",474,324,true],"gridsquare":["https:\/\/imagazine.it\/wp-content\/uploads\/2025\/01\/volontariroma-piazza-san-pietro-391x260.jpg",391,260,true],"tileview":["https:\/\/imagazine.it\/wp-content\/uploads\/2025\/01\/volontariroma-piazza-san-pietro-300x400.jpg",300,400,true],"1536x1536":["https:\/\/imagazine.it\/wp-content\/uploads\/2025\/01\/volontariroma-piazza-san-pietro.jpg",1366,888,false],"2048x2048":["https:\/\/imagazine.it\/wp-content\/uploads\/2025\/01\/volontariroma-piazza-san-pietro.jpg",1366,888,false],"newsup-slider-full":["https:\/\/imagazine.it\/wp-content\/uploads\/2025\/01\/volontariroma-piazza-san-pietro-1280x720.jpg",1280,720,true],"newsup-featured":["https:\/\/imagazine.it\/wp-content\/uploads\/2025\/01\/volontariroma-piazza-san-pietro-1024x666.jpg",1024,666,true],"newsup-medium":["https:\/\/imagazine.it\/wp-content\/uploads\/2025\/01\/volontariroma-piazza-san-pietro-720x380.jpg",720,380,true],"tptn_thumbnail":["https:\/\/imagazine.it\/wp-content\/uploads\/2025\/01\/volontariroma-piazza-san-pietro-250x210.jpg",250,210,true],"sow-carousel-default":["https:\/\/imagazine.it\/wp-content\/uploads\/2025\/01\/volontariroma-piazza-san-pietro-272x182.jpg",272,182,true]},"rttpg_author":{"display_name":"Livio Nonis","author_link":"https:\/\/imagazine.it\/home_desk\/author\/nonis\/"},"rttpg_comment":0,"rttpg_category":"<a href=\"https:\/\/imagazine.it\/home_desk\/category\/attualita\/\" rel=\"category tag\">ATTUALIT\u00c0<\/a>","rttpg_excerpt":"Mentre a Roma i volontari della parrocchia di Sant'Eufemia smontano la Nativit\u00e0 di piazza San Pietro, nuove prospettive si aprono verso GO!2025","_links":{"self":[{"href":"https:\/\/imagazine.it\/home_desk\/wp-json\/wp\/v2\/posts\/61822","targetHints":{"allow":["GET"]}}],"collection":[{"href":"https:\/\/imagazine.it\/home_desk\/wp-json\/wp\/v2\/posts"}],"about":[{"href":"https:\/\/imagazine.it\/home_desk\/wp-json\/wp\/v2\/types\/post"}],"author":[{"embeddable":true,"href":"https:\/\/imagazine.it\/home_desk\/wp-json\/wp\/v2\/users\/22"}],"replies":[{"embeddable":true,"href":"https:\/\/imagazine.it\/home_desk\/wp-json\/wp\/v2\/comments?post=61822"}],"version-history":[{"count":0,"href":"https:\/\/imagazine.it\/home_desk\/wp-json\/wp\/v2\/posts\/61822\/revisions"}],"wp:featuredmedia":[{"embeddable":true,"href":"https:\/\/imagazine.it\/home_desk\/wp-json\/wp\/v2\/media\/61824"}],"wp:attachment":[{"href":"https:\/\/imagazine.it\/home_desk\/wp-json\/wp\/v2\/media?parent=61822"}],"wp:term":[{"taxonomy":"category","embeddable":true,"href":"https:\/\/imagazine.it\/home_desk\/wp-json\/wp\/v2\/categories?post=61822"},{"taxonomy":"post_tag","embeddable":true,"href":"https:\/\/imagazine.it\/home_desk\/wp-json\/wp\/v2\/tags?post=61822"}],"curies":[{"name":"wp","href":"https:\/\/api.w.org\/{rel}","templated":true}]}}