{"id":61765,"date":"2025-01-13T15:42:40","date_gmt":"2025-01-13T14:42:40","guid":{"rendered":"https:\/\/imagazine.it\/home_desk\/?p=61765"},"modified":"2025-01-13T15:42:40","modified_gmt":"2025-01-13T14:42:40","slug":"centanni-di-santagnese-con-la-statua-del-primo-corteo","status":"publish","type":"post","link":"https:\/\/imagazine.it\/home_desk\/centanni-di-santagnese-con-la-statua-del-primo-corteo\/","title":{"rendered":"Cent&#8217;anni di Sant&#8217;Agnese con la statua del primo corteo"},"content":{"rendered":"<p>JOANNIS \u2013 Quest&#8217;anno, la festa dedicata a Sant&#8217;Agnese, patrona di <strong>Joannis<\/strong>, sar\u00e0 un evento speciale.<\/p>\n<p>In occasione del centenario della prima processione in onore della santa, marted\u00ec 21 gennaio la statua originale che guid\u00f2 quel primo corteo per le vie del paese verr\u00e0 nuovamente portata in processione.<\/p>\n<p>Questo prezioso cimelio, gelosamente custodito in oratorio, sar\u00e0 al centro delle celebrazioni.<\/p>\n<p>Nel tardo pomeriggio, il parroco <strong>don Federico Basso<\/strong> celebrer\u00e0 la messa, dando il via ufficiale ai festeggiamenti.<\/p>\n<p>A seguire, il paese si riunir\u00e0 nel corteo che percorrer\u00e0 le vie della borgata. La statua di Sant&#8217;Agnese, custode di una palma benedetta da Papa Francesco, sar\u00e0 la protagonista della processione, simbolo della fede e dell&#8217;unit\u00e0 della comunit\u00e0.<\/p>\n<p><img loading=\"lazy\" decoding=\"async\" class=\"aligncenter size-large wp-image-61767\" src=\"https:\/\/imagazine.it\/wp-content\/uploads\/2025\/01\/sant-agnese-2025-1-607x1024.jpg\" alt=\"\" width=\"607\" height=\"1024\" title=\"\" srcset=\"https:\/\/imagazine.it\/wp-content\/uploads\/2025\/01\/sant-agnese-2025-1-607x1024.jpg 607w, https:\/\/imagazine.it\/wp-content\/uploads\/2025\/01\/sant-agnese-2025-1-178x300.jpg 178w, https:\/\/imagazine.it\/wp-content\/uploads\/2025\/01\/sant-agnese-2025-1-768x1296.jpg 768w, https:\/\/imagazine.it\/wp-content\/uploads\/2025\/01\/sant-agnese-2025-1.jpg 800w\" sizes=\"auto, (max-width: 607px) 100vw, 607px\" \/><\/p>\n<p>Nel <strong>weekend del 24-26 gennaio<\/strong>, poi, Joannis si animer\u00e0 con la tradizionale festa di Santa Agnese, offrendo un programma variegato di eventi culturali, musicali e gastronomici.<\/p>\n<h3><strong>Venerd\u00ec 24 gennaio<\/strong><\/h3>\n<p>Alle 19, si inaugura il chiosco e la cucina presso il tendone dei festeggiamenti, seguiti alle 20.30 dalla XIX edizione della serata MORRA &#8220;<em>Zuadors di mora in Uanis<\/em>&#8220;, con un&#8217;esibizione dedicata al recupero delle antiche tradizioni popolari.<\/p>\n<h3><strong>Sabato 25 gennaio<\/strong><\/h3>\n<p>Alle 13 con una dimostrazione di arte campanaria al Portone ex Pilot, curata dall&#8217;Udinese Club &#8220;Lucio Aiza Joannis&#8221; in collaborazione con il &#8220;Gruppo Alpini Strassoldo Aiello Joannis&#8221;.<\/p>\n<p>Alle 15, nel tendone dei festeggiamenti, si aprir\u00e0 il chiosco accompagnato da giochi, truccabimbi e animazione per tutte le et\u00e0 con il &#8220;Gruppo Animat\u00f4rs Da\u00e8l&#8221;.<\/p>\n<p>Seguir\u00e0 uno spettacolo di illusionismo alle 17 e l&#8217;apertura delle mostre &#8220;<em>Il mito dell&#8217;auto nei ruggenti anni &#8217;20<\/em>&#8220;, &#8220;<em>Le nostre radici: un omaggio alle passate generazioni<\/em>&#8221; e &#8220;<em>Crescere assieme nello 0-6; il nostro speciale viaggio tra meraviglia e stupore alla De Senibus<\/em>&#8221; alle 17.30.<\/p>\n<p>La serata continuer\u00e0 con l&#8217;apertura della cucina alle 19 e la Serata Bianconera al Portone ex Pilot alle 20.<\/p>\n<p>Seguir\u00e0 nel tendone dei festeggiamenti, musica con i Biei Watch.<\/p>\n<h3><strong>Domenica 26 gennaio<\/strong><\/h3>\n<p>La giornata si apre alle 8.30 con la 30\u00aa Marcia di Santa Agnese e il mercato in piazza.<\/p>\n<p>Le mostre saranno aperte dalle 9.30, seguite dalla messa solenne alle 10 e dall&#8217;esposizione statica di auto d&#8217;epoca nei pressi della chiesa.<\/p>\n<p>Nel pomeriggio, alle 14, il Gruppo Discostajare allieter\u00e0 le vie del paese con musica itinerante, mentre alle 15 si terranno i Vesperi solenni.<\/p>\n<p>Alle 16.30 un omaggio a Fabrizio de Andr\u00e9 con Vittorino Bristot e Matteo Del Fabbro chiuder\u00e0 la giornata.<\/p>\n<p>La cucina riaprir\u00e0 alle 18 con l&#8217;estrazione della lotteria di Sant&#8217; Agnese e alle 19 la musica con Dj Nico chiuder\u00e0 i festeggiamenti.<\/p>\n","protected":false},"excerpt":{"rendered":"<p>L&#8217;ultimo fine settimana del mese in programma la festa patronale di Joannis. Che per celebrarne il secolo di vita porter\u00e0 in processione un cimelio prezioso<\/p>\n","protected":false},"author":28,"featured_media":61766,"comment_status":"closed","ping_status":"closed","sticky":false,"template":"","format":"image","meta":{"dwc-title":[""],"dwc-content":[""],"footnotes":""},"categories":[5],"tags":[126,380,260,1702],"class_list":["post-61765","post","type-post","status-publish","format-image","has-post-thumbnail","hentry","category-attualita","tag-aiello","tag-joannis","tag-parrocchia","tag-patrono","post_format-post-format-image"],"rttpg_featured_image_url":{"full":["https:\/\/imagazine.it\/wp-content\/uploads\/2025\/01\/sant-agnese-2025.jpg",1366,834,false],"landscape":["https:\/\/imagazine.it\/wp-content\/uploads\/2025\/01\/sant-agnese-2025.jpg",1366,834,false],"portraits":["https:\/\/imagazine.it\/wp-content\/uploads\/2025\/01\/sant-agnese-2025.jpg",1366,834,false],"thumbnail":["https:\/\/imagazine.it\/wp-content\/uploads\/2025\/01\/sant-agnese-2025-150x150.jpg",150,150,true],"medium":["https:\/\/imagazine.it\/wp-content\/uploads\/2025\/01\/sant-agnese-2025-300x183.jpg",300,183,true],"large":["https:\/\/imagazine.it\/wp-content\/uploads\/2025\/01\/sant-agnese-2025-1024x625.jpg",640,391,true],"thumblist":["https:\/\/imagazine.it\/wp-content\/uploads\/2025\/01\/sant-agnese-2025-300x300.jpg",300,300,true],"thumbrelated":["https:\/\/imagazine.it\/wp-content\/uploads\/2025\/01\/sant-agnese-2025-500x500.jpg",500,500,true],"meccarouselthumb":["https:\/\/imagazine.it\/wp-content\/uploads\/2025\/01\/sant-agnese-2025-474x324.jpg",474,324,true],"gridsquare":["https:\/\/imagazine.it\/wp-content\/uploads\/2025\/01\/sant-agnese-2025-391x260.jpg",391,260,true],"tileview":["https:\/\/imagazine.it\/wp-content\/uploads\/2025\/01\/sant-agnese-2025-300x400.jpg",300,400,true],"1536x1536":["https:\/\/imagazine.it\/wp-content\/uploads\/2025\/01\/sant-agnese-2025.jpg",1366,834,false],"2048x2048":["https:\/\/imagazine.it\/wp-content\/uploads\/2025\/01\/sant-agnese-2025.jpg",1366,834,false],"newsup-slider-full":["https:\/\/imagazine.it\/wp-content\/uploads\/2025\/01\/sant-agnese-2025-1280x720.jpg",1280,720,true],"newsup-featured":["https:\/\/imagazine.it\/wp-content\/uploads\/2025\/01\/sant-agnese-2025-1024x625.jpg",1024,625,true],"newsup-medium":["https:\/\/imagazine.it\/wp-content\/uploads\/2025\/01\/sant-agnese-2025-720x380.jpg",720,380,true],"tptn_thumbnail":["https:\/\/imagazine.it\/wp-content\/uploads\/2025\/01\/sant-agnese-2025-250x210.jpg",250,210,true],"sow-carousel-default":["https:\/\/imagazine.it\/wp-content\/uploads\/2025\/01\/sant-agnese-2025-272x182.jpg",272,182,true]},"rttpg_author":{"display_name":"redazione","author_link":"https:\/\/imagazine.it\/home_desk\/author\/redazione\/"},"rttpg_comment":0,"rttpg_category":"<a href=\"https:\/\/imagazine.it\/home_desk\/category\/attualita\/\" rel=\"category tag\">ATTUALIT\u00c0<\/a>","rttpg_excerpt":"L'ultimo fine settimana del mese in programma la festa patronale di Joannis. Che per celebrarne il secolo di vita porter\u00e0 in processione un cimelio prezioso","_links":{"self":[{"href":"https:\/\/imagazine.it\/home_desk\/wp-json\/wp\/v2\/posts\/61765","targetHints":{"allow":["GET"]}}],"collection":[{"href":"https:\/\/imagazine.it\/home_desk\/wp-json\/wp\/v2\/posts"}],"about":[{"href":"https:\/\/imagazine.it\/home_desk\/wp-json\/wp\/v2\/types\/post"}],"author":[{"embeddable":true,"href":"https:\/\/imagazine.it\/home_desk\/wp-json\/wp\/v2\/users\/28"}],"replies":[{"embeddable":true,"href":"https:\/\/imagazine.it\/home_desk\/wp-json\/wp\/v2\/comments?post=61765"}],"version-history":[{"count":0,"href":"https:\/\/imagazine.it\/home_desk\/wp-json\/wp\/v2\/posts\/61765\/revisions"}],"wp:featuredmedia":[{"embeddable":true,"href":"https:\/\/imagazine.it\/home_desk\/wp-json\/wp\/v2\/media\/61766"}],"wp:attachment":[{"href":"https:\/\/imagazine.it\/home_desk\/wp-json\/wp\/v2\/media?parent=61765"}],"wp:term":[{"taxonomy":"category","embeddable":true,"href":"https:\/\/imagazine.it\/home_desk\/wp-json\/wp\/v2\/categories?post=61765"},{"taxonomy":"post_tag","embeddable":true,"href":"https:\/\/imagazine.it\/home_desk\/wp-json\/wp\/v2\/tags?post=61765"}],"curies":[{"name":"wp","href":"https:\/\/api.w.org\/{rel}","templated":true}]}}