{"id":61679,"date":"2025-01-09T12:49:25","date_gmt":"2025-01-09T11:49:25","guid":{"rendered":"https:\/\/imagazine.it\/home_desk\/?p=61679"},"modified":"2025-01-10T10:46:44","modified_gmt":"2025-01-10T09:46:44","slug":"trieste-in-arrivo-un-playground-inclusivo","status":"publish","type":"post","link":"https:\/\/imagazine.it\/home_desk\/trieste-in-arrivo-un-playground-inclusivo\/","title":{"rendered":"Trieste: in arrivo un playground inclusivo"},"content":{"rendered":"<p><span style=\"font-size: 10pt;\"><em>Sar\u00e0 inaugurato a maggio il rinnovato campo da gioco di Borgo San Sergio<\/em><\/span><\/p>\n<p>TRIESTE <em>\u2013\u00a0<\/em>Sar\u00e0 rimesso a nuovo il <strong>playground del quartiere Borgo San Sergio<\/strong>, a Trieste.<\/p>\n<p>Lo hanno annunciato l\u2019<strong>Associazione<\/strong>\u00a0<strong>Il Cuore in Campo Pallacanestro Trieste ODV<\/strong> e la <strong>Pallacanestro Trieste<\/strong> che hanno presentato il nuovo progetto di riqualificazione urbana.<\/p>\n<p>Dopo la <span style=\"text-decoration: underline;\"><a href=\"https:\/\/imagazine.it\/home_desk\/pallacanestro-trieste-rinnova-il-campetto-di-basket-a-valmaura\/\">rigenerazione del campetto di Valmaura dello scorso anno<\/a><\/span>, anche nel 2025 si rinnova l\u2019impegno verso la comunit\u00e0 locale, con l\u2019obiettivo di restituire alla citt\u00e0 uno spazio che a oggi ha perso la sua vocazione urbana, trasformandolo in un luogo di aggregazione, sport e inclusione.<\/p>\n<p>Il playground di Borgo San Sergio sar\u00e0 rinnovato con particolare attenzione alle necessit\u00e0 di chi pratica il <strong>basket integrato<\/strong>: tutto il campo di gioco sar\u00e0 infatti ridipinto con un nuovo design che comprender\u00e0, oltre alle linee da gioco standard, anche le due aree semicircolari a met\u00e0 campo previste dal regolamento del <strong>baskin<\/strong>.<\/p>\n<p><strong>Oltre ai due classici canestri<\/strong> saranno inoltre installati <strong>due canestri rimovibili<\/strong>, donati dalla societ\u00e0 biancorossa, a ridosso delle aree di met\u00e0 campo.<\/p>\n<p>Grazie alla delibera, a firma dell&#8217;assessore comunale <strong>Michele Babuder<\/strong>, recentemente approvata dal\u00a0<strong>Comune di Trieste<\/strong>, il progetto prender\u00e0 vita nei prossimi mesi e prevede interventi di pulizia e <em>restyling<\/em> dell\u2019area.<\/p>\n<p>Il campo sar\u00e0 arricchito da nuove linee per il basket e il baskin (basket inclusivo), con il contributo della\u00a0<strong>Fondazione Pietro Pittini<\/strong>, la collaborazione degli studenti di<strong>\u00a0Edilmaster \u2013 Scuola Edile di Trieste<\/strong>\u00a0e dell\u2019Associazione\u00a0<strong>\u201cOltre quella Sedia\u201d<\/strong>.<\/p>\n<p>Un\u2019attenzione particolare sar\u00e0 riservata all\u2019inclusivit\u00e0, per garantire che lo spazio sia accessibile a tutti, senza barriere.<\/p>\n<h3><strong>Un concorso per i giovani: creativit\u00e0 al servizio della comunit\u00e0<\/strong><\/h3>\n<p>Tra le iniziative pi\u00f9 innovative del progetto spicca il bando di concorso\u00a0<strong>\u201c<em>Playground Revolution: spazi urbani in transizione<\/em>\u201d<\/strong>,\u00a0rivolto agli <strong>studenti delle scuole secondarie di primo e secondo grado<\/strong>\u00a0<strong>di Trieste<\/strong>.<\/p>\n<p>Gli alunni saranno chiamati a progettare grafiche originali per i tabelloni dei canestri e per la pavimentazione del campo.<\/p>\n<p>Le proposte vincitrici saranno poi realizzate fattualmente dagli studenti di Edilmaster entro maggio 2025, con un evento inaugurale che celebrer\u00e0 il completamento dei lavori. Sar\u00e0 un momento di festa aperto a tutta la cittadinanza, con la partecipazione della prima squadra della\u00a0<strong>Pallacanestro Trieste<\/strong>\u00a0e delle\u00a0<strong>realt\u00e0 sportive giovanili locali<\/strong>.<\/p>\n<p>Il Bando \u00e8 aperto a tutti i ragazzi dagli 11 ai 18 anni iscritti a un istituto scolastico di Trieste, i quali potranno partecipare sia come scuola che come singoli, identificando un docente di riferimento per l\u2019adempimento di tutte le pratiche connesse al bando. Tutte le informazioni sono disponibili sul Bando completo\u00a0<span style=\"text-decoration: underline;\"><a href=\"https:\/\/storage.googleapis.com\/pt-production\/2025\/01\/37f5f147-bando-di-concorso_playground.pdf\" target=\"_blank\" rel=\"noopener\">PUBBLICATO A QUESTO LINK<\/a><\/span>.<\/p>\n<p><em>\u201cSiamo entusiasti di poter avviare questo nuovo progetto a Borgo San Sergio,\u201d\u00a0<\/em>ha dichiarato\u00a0<strong>Michael Arcieri<\/strong>, general manager\u00a0della Pallacanestro Trieste<em>. \u201cCrediamo fermamente che lo sport sia un motore per l\u2019inclusione e lo sviluppo sociale. Vogliamo lasciare un segno tangibile nella nostra comunit\u00e0, costruendo insieme spazi che ispirino le nuove generazioni.\u201d<\/em><\/p>\n<p><strong>Mariabeatrice Cavarretta<\/strong>, direttrice del Dipartimento\u00a0Community &amp; Fan Engagement\u00a0della Pallacanestro Trieste e presidente dell\u2019Associazione\u00a0Il Cuore in Campo Pallacanestro Trieste ODV<em>,\u00a0<\/em>ha aggiunto:<em>\u00a0\u201cQuesto progetto rappresenta molto pi\u00f9 che una semplice riqualificazione urbana: \u00e8 un atto d\u2019amore verso la nostra comunit\u00e0\u201d.<\/em><\/p>\n<p><em>\u201cIl progetto \u00e8 un passo importante verso una comunit\u00e0 pi\u00f9 accogliente e unita\u201d, <\/em>ha commentato l\u2019assessore alle Politiche Sociali del Comune di Trieste, <strong>Massimo Tognolli<\/strong><em>.<\/em><\/p>\n<p><em>\u201cSono particolarmente orgoglioso di sostenere questo progetto \u2013\u00a0<\/em>le parole di\u00a0<strong>Michele Babuder<\/strong>, assessore alle Politiche del Territorio\u00a0del Comune di Trieste\u00a0<em>\u2013 che rappresenta un esempio concreto di collaborazione tra enti pubblici, associazioni e cittadinanza. Riqualificare il playground di Borgo San Sergio non significa soltanto restituire un luogo alla comunit\u00e0, ma dare forma a un\u2019idea di citt\u00e0 inclusiva, sostenibile e attenta alle esigenze di tutti i suoi abitanti. Il baskin, in particolare, incarna perfettamente questi valori, unendo sport e inclusione in uno spazio che sar\u00e0 aperto e accessibile a tutti&#8221;.<\/em><\/p>\n<p><em>\u201cL\u2019iniziativa rappresenta un pregevole esempio di coinvolgimento attivo degli studenti in un progetto che promuove valori fondamentali per i nostri giovani quali l\u2019inclusione, la solidariet\u00e0 e la partecipazione attraverso il recupero di spazi aggregativi che i giovani stessi contribuiranno a ridisegnare\u201d\u00a0<\/em>ha dichiarato\u00a0<strong>Donatella Bigotti<\/strong>, dirigente scolastico in servizio presso l\u2019Ufficio Scolastico Regionale per il Friuli Venezia Giulia.<\/p>\n<p>ha osservato<em>: \u201cSiamo orgogliosi di essere partner e di avere un ruolo riconosciuto all\u2019interno di una compagine virtuosa e attenta al sociale, che restituisce alla comunit\u00e0 uno spazio rinnovato, un importante punto di riferimento\u00a0per\u00a0i\u00a0giovani\u201d, <\/em>ha osservato <strong>Marina Pittini<\/strong>, presidente della Fondazione Pietro Pittini.<\/p>\n<p><em>\u201cPer noi dell\u2019Edilmaster \u00e8 sempre un onore e un piacere poter collaborare all\u2019interno di iniziative tanto interessanti quanto concretamente utili sia per la nostra citt\u00e0 che per le studentesse e gli studenti che frequentano i nostri corsi di Istruzione e Formazione Professionale per Operatore Edile ed Operatore Artistico finanziati dalla Regione FVG attraverso l\u2019A.T. Effepi\u201d<\/em>,<em>\u00a0<\/em>ha concluso\u00a0<strong>Walter Lorenzi<\/strong>, direttore della Scuola Edile di Trieste<em>.<\/em><\/p>\n","protected":false},"excerpt":{"rendered":"<p>Al via il progetto di riqualificazione a Borgo San Sergio. Coinvolti anche gli studenti delle scuole cittadine. A maggio l&#8217;inaugurazione con i giocatori della Pallacanestro Trieste<\/p>\n","protected":false},"author":28,"featured_media":61680,"comment_status":"closed","ping_status":"closed","sticky":false,"template":"","format":"image","meta":{"dwc-title":[""],"dwc-content":[""],"footnotes":""},"categories":[5],"tags":[255,2676,885,173,65],"class_list":["post-61679","post","type-post","status-publish","format-image","has-post-thumbnail","hentry","category-attualita","tag-basket","tag-baskin","tag-inclusione","tag-riqualificazione","tag-trieste","post_format-post-format-image"],"rttpg_featured_image_url":{"full":["https:\/\/imagazine.it\/wp-content\/uploads\/2025\/01\/playground-borgo-san-sergio.jpg",1366,801,false],"landscape":["https:\/\/imagazine.it\/wp-content\/uploads\/2025\/01\/playground-borgo-san-sergio.jpg",1366,801,false],"portraits":["https:\/\/imagazine.it\/wp-content\/uploads\/2025\/01\/playground-borgo-san-sergio.jpg",1366,801,false],"thumbnail":["https:\/\/imagazine.it\/wp-content\/uploads\/2025\/01\/playground-borgo-san-sergio-150x150.jpg",150,150,true],"medium":["https:\/\/imagazine.it\/wp-content\/uploads\/2025\/01\/playground-borgo-san-sergio-300x176.jpg",300,176,true],"large":["https:\/\/imagazine.it\/wp-content\/uploads\/2025\/01\/playground-borgo-san-sergio-1024x600.jpg",640,375,true],"thumblist":["https:\/\/imagazine.it\/wp-content\/uploads\/2025\/01\/playground-borgo-san-sergio-300x300.jpg",300,300,true],"thumbrelated":["https:\/\/imagazine.it\/wp-content\/uploads\/2025\/01\/playground-borgo-san-sergio-500x500.jpg",500,500,true],"meccarouselthumb":["https:\/\/imagazine.it\/wp-content\/uploads\/2025\/01\/playground-borgo-san-sergio-474x324.jpg",474,324,true],"gridsquare":["https:\/\/imagazine.it\/wp-content\/uploads\/2025\/01\/playground-borgo-san-sergio-391x260.jpg",391,260,true],"tileview":["https:\/\/imagazine.it\/wp-content\/uploads\/2025\/01\/playground-borgo-san-sergio-300x400.jpg",300,400,true],"1536x1536":["https:\/\/imagazine.it\/wp-content\/uploads\/2025\/01\/playground-borgo-san-sergio.jpg",1366,801,false],"2048x2048":["https:\/\/imagazine.it\/wp-content\/uploads\/2025\/01\/playground-borgo-san-sergio.jpg",1366,801,false],"newsup-slider-full":["https:\/\/imagazine.it\/wp-content\/uploads\/2025\/01\/playground-borgo-san-sergio-1280x720.jpg",1280,720,true],"newsup-featured":["https:\/\/imagazine.it\/wp-content\/uploads\/2025\/01\/playground-borgo-san-sergio-1024x600.jpg",1024,600,true],"newsup-medium":["https:\/\/imagazine.it\/wp-content\/uploads\/2025\/01\/playground-borgo-san-sergio-720x380.jpg",720,380,true],"tptn_thumbnail":["https:\/\/imagazine.it\/wp-content\/uploads\/2025\/01\/playground-borgo-san-sergio-250x210.jpg",250,210,true],"sow-carousel-default":["https:\/\/imagazine.it\/wp-content\/uploads\/2025\/01\/playground-borgo-san-sergio-272x182.jpg",272,182,true]},"rttpg_author":{"display_name":"redazione","author_link":"https:\/\/imagazine.it\/home_desk\/author\/redazione\/"},"rttpg_comment":0,"rttpg_category":"<a href=\"https:\/\/imagazine.it\/home_desk\/category\/attualita\/\" rel=\"category tag\">ATTUALIT\u00c0<\/a>","rttpg_excerpt":"Al via il progetto di riqualificazione a Borgo San Sergio. Coinvolti anche gli studenti delle scuole cittadine. A maggio l'inaugurazione con i giocatori della Pallacanestro Trieste","_links":{"self":[{"href":"https:\/\/imagazine.it\/home_desk\/wp-json\/wp\/v2\/posts\/61679","targetHints":{"allow":["GET"]}}],"collection":[{"href":"https:\/\/imagazine.it\/home_desk\/wp-json\/wp\/v2\/posts"}],"about":[{"href":"https:\/\/imagazine.it\/home_desk\/wp-json\/wp\/v2\/types\/post"}],"author":[{"embeddable":true,"href":"https:\/\/imagazine.it\/home_desk\/wp-json\/wp\/v2\/users\/28"}],"replies":[{"embeddable":true,"href":"https:\/\/imagazine.it\/home_desk\/wp-json\/wp\/v2\/comments?post=61679"}],"version-history":[{"count":0,"href":"https:\/\/imagazine.it\/home_desk\/wp-json\/wp\/v2\/posts\/61679\/revisions"}],"wp:featuredmedia":[{"embeddable":true,"href":"https:\/\/imagazine.it\/home_desk\/wp-json\/wp\/v2\/media\/61680"}],"wp:attachment":[{"href":"https:\/\/imagazine.it\/home_desk\/wp-json\/wp\/v2\/media?parent=61679"}],"wp:term":[{"taxonomy":"category","embeddable":true,"href":"https:\/\/imagazine.it\/home_desk\/wp-json\/wp\/v2\/categories?post=61679"},{"taxonomy":"post_tag","embeddable":true,"href":"https:\/\/imagazine.it\/home_desk\/wp-json\/wp\/v2\/tags?post=61679"}],"curies":[{"name":"wp","href":"https:\/\/api.w.org\/{rel}","templated":true}]}}