{"id":61610,"date":"2025-01-07T16:36:12","date_gmt":"2025-01-07T15:36:12","guid":{"rendered":"https:\/\/imagazine.it\/home_desk\/?p=61610"},"modified":"2025-01-07T16:36:12","modified_gmt":"2025-01-07T15:36:12","slug":"ritmica-adele-asquini-in-nazionale-juniores","status":"publish","type":"post","link":"https:\/\/imagazine.it\/home_desk\/ritmica-adele-asquini-in-nazionale-juniores\/","title":{"rendered":"Ritmica: Adele Asquini in Nazionale juniores"},"content":{"rendered":"<p><span style=\"font-size: 10pt;\"><em>Adele Asquini<\/em><\/span><\/p>\n<p>UDINE \u2013 Nuova soddisfazione per la ritmica dell&#8217;<strong>Associazione<\/strong> <strong>Sportiva Udinese<\/strong>.<\/p>\n<p><strong>Adele Asquini<\/strong> (classe 2010) \u00e8 stata individuata dalla direttrice tecnica nazionale fra le atlete che faranno parte della <strong>squadra juniores<\/strong>.<\/p>\n<p>Assieme ad altre nove, la ginnasta bianconera, fino a giugno cercher\u00e0 di guadagnarsi un posto da titolare per partecipare prima al Campionato d&#8217;Europa, in programma a Tallin (Estonia) dal 4 all&#8217;8 giugno, e successivamente al Campionato del Mondo Juniores previsto a Sofia (Bulgaria) dal 18 al 22 giugno.<\/p>\n<p>\u00ab<em>Dopo l\u2019esclusione di luglio ci siamo concentrate sul programma individuale. La nuova convocazione \u00e8 stata una sorpresa, ma in fondo ci speravo. \u00c8 un\u2019opportunit\u00e0 rara per un\u2019atleta che ha scelto di conciliare studio e sport in maniera non totalizzante. Per il gruppo \u00e8 decisamente la ciliegina sulla torta di una stagione senza uguali<\/em>\u00bb, ha commentato <strong>Magda Pigano<\/strong>, che la allena ed \u00e8 anche la referente tecnica della sezione ritmica oltre che la vice direttrice dell&#8217;ASU.<\/p>\n<p>Iscritta al Malignani di Udine, Adele ha iniziato ad allenarsi all&#8217;ASU dieci anni fa, partendo dai gruppi base di ginnastica ritmica, e arrivando poi fino al gruppo delle agoniste.<\/p>\n<p>\u00ab<em>Questi risultati <\/em>\u2013 ha dichiarato il presidente dell\u2019ASU, <strong>Alessandro Nutta<\/strong> \u2013 <em>dimostrano che si pu\u00f2 coniugare attivit\u00e0 sportiva ad alto livello agonistico, con lo studio<\/em>. <em>Questo per\u00f2 presuppone un diverso approccio all&#8217;attivit\u00e0 che \u00e8 stato programmato e modulato da Magda Pigano, a cui va il pieno merito, e che apre una via nuova per tutte le attivit\u00e0 agonistiche dell\u2019Associazione Sportiva Udinese\u00bb<\/em>.<\/p>\n","protected":false},"excerpt":{"rendered":"<p>L&#8217;atleta dell&#8217;ASU Udine entra nell&#8217;orbita della squadra: se verr\u00e0 scelta fra le titolari parteciper\u00e0 a Europei e Mondiali<\/p>\n","protected":false},"author":28,"featured_media":61611,"comment_status":"closed","ping_status":"closed","sticky":false,"template":"","format":"image","meta":{"dwc-title":[""],"dwc-content":[""],"footnotes":""},"categories":[38],"tags":[476,475,101],"class_list":["post-61610","post","type-post","status-publish","format-image","has-post-thumbnail","hentry","category-sport","tag-ginnastica","tag-ritmica","tag-udine","post_format-post-format-image"],"rttpg_featured_image_url":{"full":["https:\/\/imagazine.it\/wp-content\/uploads\/2025\/01\/Adele_Asquini_naz_jr.jpg",1366,717,false],"landscape":["https:\/\/imagazine.it\/wp-content\/uploads\/2025\/01\/Adele_Asquini_naz_jr.jpg",1366,717,false],"portraits":["https:\/\/imagazine.it\/wp-content\/uploads\/2025\/01\/Adele_Asquini_naz_jr.jpg",1366,717,false],"thumbnail":["https:\/\/imagazine.it\/wp-content\/uploads\/2025\/01\/Adele_Asquini_naz_jr-150x150.jpg",150,150,true],"medium":["https:\/\/imagazine.it\/wp-content\/uploads\/2025\/01\/Adele_Asquini_naz_jr-300x157.jpg",300,157,true],"large":["https:\/\/imagazine.it\/wp-content\/uploads\/2025\/01\/Adele_Asquini_naz_jr-1024x537.jpg",640,336,true],"thumblist":["https:\/\/imagazine.it\/wp-content\/uploads\/2025\/01\/Adele_Asquini_naz_jr-300x300.jpg",300,300,true],"thumbrelated":["https:\/\/imagazine.it\/wp-content\/uploads\/2025\/01\/Adele_Asquini_naz_jr-500x500.jpg",500,500,true],"meccarouselthumb":["https:\/\/imagazine.it\/wp-content\/uploads\/2025\/01\/Adele_Asquini_naz_jr-474x324.jpg",474,324,true],"gridsquare":["https:\/\/imagazine.it\/wp-content\/uploads\/2025\/01\/Adele_Asquini_naz_jr-391x260.jpg",391,260,true],"tileview":["https:\/\/imagazine.it\/wp-content\/uploads\/2025\/01\/Adele_Asquini_naz_jr-300x400.jpg",300,400,true],"1536x1536":["https:\/\/imagazine.it\/wp-content\/uploads\/2025\/01\/Adele_Asquini_naz_jr.jpg",1366,717,false],"2048x2048":["https:\/\/imagazine.it\/wp-content\/uploads\/2025\/01\/Adele_Asquini_naz_jr.jpg",1366,717,false],"newsup-slider-full":["https:\/\/imagazine.it\/wp-content\/uploads\/2025\/01\/Adele_Asquini_naz_jr-1280x717.jpg",1280,717,true],"newsup-featured":["https:\/\/imagazine.it\/wp-content\/uploads\/2025\/01\/Adele_Asquini_naz_jr-1024x537.jpg",1024,537,true],"newsup-medium":["https:\/\/imagazine.it\/wp-content\/uploads\/2025\/01\/Adele_Asquini_naz_jr-720x380.jpg",720,380,true],"tptn_thumbnail":["https:\/\/imagazine.it\/wp-content\/uploads\/2025\/01\/Adele_Asquini_naz_jr-250x210.jpg",250,210,true],"sow-carousel-default":["https:\/\/imagazine.it\/wp-content\/uploads\/2025\/01\/Adele_Asquini_naz_jr-272x182.jpg",272,182,true]},"rttpg_author":{"display_name":"redazione","author_link":"https:\/\/imagazine.it\/home_desk\/author\/redazione\/"},"rttpg_comment":0,"rttpg_category":"<a href=\"https:\/\/imagazine.it\/home_desk\/category\/sport\/\" rel=\"category tag\">SPORT<\/a>","rttpg_excerpt":"L'atleta dell'ASU Udine entra nell'orbita della squadra: se verr\u00e0 scelta fra le titolari parteciper\u00e0 a Europei e Mondiali","_links":{"self":[{"href":"https:\/\/imagazine.it\/home_desk\/wp-json\/wp\/v2\/posts\/61610","targetHints":{"allow":["GET"]}}],"collection":[{"href":"https:\/\/imagazine.it\/home_desk\/wp-json\/wp\/v2\/posts"}],"about":[{"href":"https:\/\/imagazine.it\/home_desk\/wp-json\/wp\/v2\/types\/post"}],"author":[{"embeddable":true,"href":"https:\/\/imagazine.it\/home_desk\/wp-json\/wp\/v2\/users\/28"}],"replies":[{"embeddable":true,"href":"https:\/\/imagazine.it\/home_desk\/wp-json\/wp\/v2\/comments?post=61610"}],"version-history":[{"count":0,"href":"https:\/\/imagazine.it\/home_desk\/wp-json\/wp\/v2\/posts\/61610\/revisions"}],"wp:featuredmedia":[{"embeddable":true,"href":"https:\/\/imagazine.it\/home_desk\/wp-json\/wp\/v2\/media\/61611"}],"wp:attachment":[{"href":"https:\/\/imagazine.it\/home_desk\/wp-json\/wp\/v2\/media?parent=61610"}],"wp:term":[{"taxonomy":"category","embeddable":true,"href":"https:\/\/imagazine.it\/home_desk\/wp-json\/wp\/v2\/categories?post=61610"},{"taxonomy":"post_tag","embeddable":true,"href":"https:\/\/imagazine.it\/home_desk\/wp-json\/wp\/v2\/tags?post=61610"}],"curies":[{"name":"wp","href":"https:\/\/api.w.org\/{rel}","templated":true}]}}