{"id":61601,"date":"2025-01-07T15:25:47","date_gmt":"2025-01-07T14:25:47","guid":{"rendered":"https:\/\/imagazine.it\/home_desk\/?p=61601"},"modified":"2025-01-08T15:07:13","modified_gmt":"2025-01-08T14:07:13","slug":"gorizia-prorogata-la-pista-di-ghiaccio","status":"publish","type":"post","link":"https:\/\/imagazine.it\/home_desk\/gorizia-prorogata-la-pista-di-ghiaccio\/","title":{"rendered":"Gorizia: prorogata la pista di ghiaccio"},"content":{"rendered":"<p><span style=\"font-size: 10pt;\"><em>La folla che ha gremito in questi giorni &#8220;Gorizia On Ice&#8221;<\/em><\/span><\/p>\n<p>GORIZIA \u2013 I riscontri positivi ricevuti hanno spinto l\u2019amministrazione comunale a prorogare l\u2019apertura della pista di pattinaggio su ghiaccio in piazza Vittoria fino a domenica 19 gennaio.<\/p>\n<p>La citt\u00e0 rester\u00e0 invece vestita a festa con le luminarie fino a domenica 12.<\/p>\n<p>\u201cSiamo soddisfatti \u2013 afferma il sindaco, <strong>Rodolfo Ziberna<\/strong> \u2013 di come \u00e8 andata questa nuova versione del Dicembre Goriziano, pi\u00f9 sfavillante e ricca che mai. Una formula che ha dato la possibilit\u00e0 di trascorrere le giornate di festa con tante attivit\u00e0 dal vivo, a ingresso gratuito, rivolte a un pubblico di tutte le et\u00e0\u201d.<\/p>\n<p>\u201cIl Capodanno \u2013 sottolinea l\u2019assessore comunale ai Grandi eventi, <strong>Luca Cagliari<\/strong> \u2013 \u00e8 stato caratterizzato oltre che da musica live, anche dall\u2019anteprima dello show dei droni, una novit\u00e0 assoluta per Gorizia. Tra gli appuntamenti pi\u00f9 graditi dell\u2019ampio cartellone vi sono stati senza dubbio il concerto spettacolo di Jerry Cal\u00e0 e la serata \u201c<em>Voglio tornare negli anni \u201990<\/em>\u201d, con un pubblico caloroso che ha sfidato la pioggia\u201d.<\/p>\n<p>\u201cApprezzati \u2013 aggiunge Cagliari \u2013 anche le esibizioni del comico Gianluca Impastato di Colorado Caf\u00e8 e delle band Coca Cosa, Exes e Tra palco e realt\u00e0. Ma anche vari momenti di animazione, oltre agli spettacoli sul palco di piazza Vittoria, hanno coinvolto ed emozionato il pubblico\u201d.<\/p>\n","protected":false},"excerpt":{"rendered":"<p>Il successo di pubblico ha spinto l&#8217;amministrazione comunale a confermarla in piazza Vittoria fino al 19 gennaio<\/p>\n","protected":false},"author":28,"featured_media":61602,"comment_status":"closed","ping_status":"closed","sticky":false,"template":"","format":"image","meta":{"dwc-title":[""],"dwc-content":[""],"footnotes":""},"categories":[5],"tags":[43,398,46,2672],"class_list":["post-61601","post","type-post","status-publish","format-image","has-post-thumbnail","hentry","category-attualita","tag-gorizia","tag-natale","tag-pattinaggio","tag-pista","post_format-post-format-image"],"rttpg_featured_image_url":{"full":["https:\/\/imagazine.it\/wp-content\/uploads\/2025\/01\/IMG_20241231_235532.jpg",1366,767,false],"landscape":["https:\/\/imagazine.it\/wp-content\/uploads\/2025\/01\/IMG_20241231_235532.jpg",1366,767,false],"portraits":["https:\/\/imagazine.it\/wp-content\/uploads\/2025\/01\/IMG_20241231_235532.jpg",1366,767,false],"thumbnail":["https:\/\/imagazine.it\/wp-content\/uploads\/2025\/01\/IMG_20241231_235532-150x150.jpg",150,150,true],"medium":["https:\/\/imagazine.it\/wp-content\/uploads\/2025\/01\/IMG_20241231_235532-300x168.jpg",300,168,true],"large":["https:\/\/imagazine.it\/wp-content\/uploads\/2025\/01\/IMG_20241231_235532-1024x575.jpg",640,359,true],"thumblist":["https:\/\/imagazine.it\/wp-content\/uploads\/2025\/01\/IMG_20241231_235532-300x300.jpg",300,300,true],"thumbrelated":["https:\/\/imagazine.it\/wp-content\/uploads\/2025\/01\/IMG_20241231_235532-500x500.jpg",500,500,true],"meccarouselthumb":["https:\/\/imagazine.it\/wp-content\/uploads\/2025\/01\/IMG_20241231_235532-474x324.jpg",474,324,true],"gridsquare":["https:\/\/imagazine.it\/wp-content\/uploads\/2025\/01\/IMG_20241231_235532-391x260.jpg",391,260,true],"tileview":["https:\/\/imagazine.it\/wp-content\/uploads\/2025\/01\/IMG_20241231_235532-300x400.jpg",300,400,true],"1536x1536":["https:\/\/imagazine.it\/wp-content\/uploads\/2025\/01\/IMG_20241231_235532.jpg",1366,767,false],"2048x2048":["https:\/\/imagazine.it\/wp-content\/uploads\/2025\/01\/IMG_20241231_235532.jpg",1366,767,false],"newsup-slider-full":["https:\/\/imagazine.it\/wp-content\/uploads\/2025\/01\/IMG_20241231_235532-1280x720.jpg",1280,720,true],"newsup-featured":["https:\/\/imagazine.it\/wp-content\/uploads\/2025\/01\/IMG_20241231_235532-1024x575.jpg",1024,575,true],"newsup-medium":["https:\/\/imagazine.it\/wp-content\/uploads\/2025\/01\/IMG_20241231_235532-720x380.jpg",720,380,true],"tptn_thumbnail":["https:\/\/imagazine.it\/wp-content\/uploads\/2025\/01\/IMG_20241231_235532-250x210.jpg",250,210,true],"sow-carousel-default":["https:\/\/imagazine.it\/wp-content\/uploads\/2025\/01\/IMG_20241231_235532-272x182.jpg",272,182,true]},"rttpg_author":{"display_name":"redazione","author_link":"https:\/\/imagazine.it\/home_desk\/author\/redazione\/"},"rttpg_comment":0,"rttpg_category":"<a href=\"https:\/\/imagazine.it\/home_desk\/category\/attualita\/\" rel=\"category tag\">ATTUALIT\u00c0<\/a>","rttpg_excerpt":"Il successo di pubblico ha spinto l'amministrazione comunale a confermarla in piazza Vittoria fino al 19 gennaio","_links":{"self":[{"href":"https:\/\/imagazine.it\/home_desk\/wp-json\/wp\/v2\/posts\/61601","targetHints":{"allow":["GET"]}}],"collection":[{"href":"https:\/\/imagazine.it\/home_desk\/wp-json\/wp\/v2\/posts"}],"about":[{"href":"https:\/\/imagazine.it\/home_desk\/wp-json\/wp\/v2\/types\/post"}],"author":[{"embeddable":true,"href":"https:\/\/imagazine.it\/home_desk\/wp-json\/wp\/v2\/users\/28"}],"replies":[{"embeddable":true,"href":"https:\/\/imagazine.it\/home_desk\/wp-json\/wp\/v2\/comments?post=61601"}],"version-history":[{"count":0,"href":"https:\/\/imagazine.it\/home_desk\/wp-json\/wp\/v2\/posts\/61601\/revisions"}],"wp:featuredmedia":[{"embeddable":true,"href":"https:\/\/imagazine.it\/home_desk\/wp-json\/wp\/v2\/media\/61602"}],"wp:attachment":[{"href":"https:\/\/imagazine.it\/home_desk\/wp-json\/wp\/v2\/media?parent=61601"}],"wp:term":[{"taxonomy":"category","embeddable":true,"href":"https:\/\/imagazine.it\/home_desk\/wp-json\/wp\/v2\/categories?post=61601"},{"taxonomy":"post_tag","embeddable":true,"href":"https:\/\/imagazine.it\/home_desk\/wp-json\/wp\/v2\/tags?post=61601"}],"curies":[{"name":"wp","href":"https:\/\/api.w.org\/{rel}","templated":true}]}}