{"id":61213,"date":"2024-12-17T17:00:14","date_gmt":"2024-12-17T16:00:14","guid":{"rendered":"https:\/\/imagazine.it\/home_desk\/?p=61213"},"modified":"2024-12-17T17:24:45","modified_gmt":"2024-12-17T16:24:45","slug":"disabilita-fedriga-in-visita-al-centro-di-rivignano-teor","status":"publish","type":"post","link":"https:\/\/imagazine.it\/home_desk\/disabilita-fedriga-in-visita-al-centro-di-rivignano-teor\/","title":{"rendered":"Disabilit\u00e0: Fedriga in visita al centro di Rivignano Teor"},"content":{"rendered":"<p><span style=\"font-size: 10pt;\"><em>(ph. Regione FVG)<\/em><\/span><\/p>\n<p>RIVIGNANO TEOR \u2013 &#8220;Questa struttura incarna lo spirito e i valori che la Regione promuove in tema di disabilit\u00e0: la capacit\u00e0 di creare una comunit\u00e0 unita, di aiutarsi reciprocamente, di offrire attivit\u00e0 formative e ricreative per tutti&#8221;.<\/p>\n<p>Lo ha affermato oggi il governatore del Friuli Venezia Giulia, <strong>Massimiliano Fedriga<\/strong>, a margine della visita al <strong>Centro socio-riabilitativo ed educativo<\/strong> (Csre) a <strong>Rivarotta di Rivignano Teor<\/strong>.<\/p>\n<p>La struttura \u00e8 gestita dal Consorzio per l&#8217;assistenza medico-psicopedagogica (Campp) e ospita <strong>25 persone con disabilit\u00e0 intellettiva<\/strong> dai 18 anni in su, offrendo attivit\u00e0 formative sia all&#8217;interno del centro sia sul territorio, in collaborazione con fattorie didattiche, orti sociali e aziende convenzionate regionali.<\/p>\n<p>Le attivit\u00e0 proposte includono anche un laboratorio di mosaico e la prima compagnia di danzatori con disabilit\u00e0 intellettiva sorta in Friuli Venezia Giulia.<\/p>\n<p>Il massimo esponente dell&#8217;Esecutivo regionale ha incontrato il presidente del Campp, <strong>Michele Tibald<\/strong>, la presidente dell&#8217;associazione Famiglie associate in sostegno dell&#8217;inclusione (Fasin), <strong>Michela Crismani<\/strong>, e alcuni ragazzi, educatori e addetti all&#8217;assistenza del centro.<\/p>\n<p><iframe loading=\"lazy\" title=\"Fedriga in visita al Centro Disabili di Rivignano\" width=\"640\" height=\"360\" src=\"https:\/\/www.youtube.com\/embed\/bTafdC_-CC8?feature=oembed\" frameborder=\"0\" allow=\"accelerometer; autoplay; clipboard-write; encrypted-media; gyroscope; picture-in-picture; web-share\" referrerpolicy=\"strict-origin-when-cross-origin\" allowfullscreen><\/iframe><\/p>\n","protected":false},"excerpt":{"rendered":"<p>La struttura \u00e8 gestita dal Campp e ospita 25 persone con disabilit\u00e0 intellettiva dai 18 anni in su. Diverse le attivit\u00e0 formative<\/p>\n","protected":false},"author":28,"featured_media":61214,"comment_status":"closed","ping_status":"closed","sticky":false,"template":"","format":"image","meta":{"dwc-title":[""],"dwc-content":[""],"footnotes":""},"categories":[6],"tags":[256,885,1483],"class_list":["post-61213","post","type-post","status-publish","format-image","has-post-thumbnail","hentry","category-societa","tag-disabilita","tag-inclusione","tag-rivignano","post_format-post-format-image"],"rttpg_featured_image_url":{"full":["https:\/\/imagazine.it\/wp-content\/uploads\/2024\/12\/rivignanoCampp.jpg",1366,767,false],"landscape":["https:\/\/imagazine.it\/wp-content\/uploads\/2024\/12\/rivignanoCampp.jpg",1366,767,false],"portraits":["https:\/\/imagazine.it\/wp-content\/uploads\/2024\/12\/rivignanoCampp.jpg",1366,767,false],"thumbnail":["https:\/\/imagazine.it\/wp-content\/uploads\/2024\/12\/rivignanoCampp-150x150.jpg",150,150,true],"medium":["https:\/\/imagazine.it\/wp-content\/uploads\/2024\/12\/rivignanoCampp-300x168.jpg",300,168,true],"large":["https:\/\/imagazine.it\/wp-content\/uploads\/2024\/12\/rivignanoCampp-1024x575.jpg",640,359,true],"thumblist":["https:\/\/imagazine.it\/wp-content\/uploads\/2024\/12\/rivignanoCampp-300x300.jpg",300,300,true],"thumbrelated":["https:\/\/imagazine.it\/wp-content\/uploads\/2024\/12\/rivignanoCampp-500x500.jpg",500,500,true],"meccarouselthumb":["https:\/\/imagazine.it\/wp-content\/uploads\/2024\/12\/rivignanoCampp-474x324.jpg",474,324,true],"gridsquare":["https:\/\/imagazine.it\/wp-content\/uploads\/2024\/12\/rivignanoCampp-391x260.jpg",391,260,true],"tileview":["https:\/\/imagazine.it\/wp-content\/uploads\/2024\/12\/rivignanoCampp-300x400.jpg",300,400,true],"1536x1536":["https:\/\/imagazine.it\/wp-content\/uploads\/2024\/12\/rivignanoCampp.jpg",1366,767,false],"2048x2048":["https:\/\/imagazine.it\/wp-content\/uploads\/2024\/12\/rivignanoCampp.jpg",1366,767,false],"newsup-slider-full":["https:\/\/imagazine.it\/wp-content\/uploads\/2024\/12\/rivignanoCampp-1280x720.jpg",1280,720,true],"newsup-featured":["https:\/\/imagazine.it\/wp-content\/uploads\/2024\/12\/rivignanoCampp-1024x575.jpg",1024,575,true],"newsup-medium":["https:\/\/imagazine.it\/wp-content\/uploads\/2024\/12\/rivignanoCampp-720x380.jpg",720,380,true],"tptn_thumbnail":["https:\/\/imagazine.it\/wp-content\/uploads\/2024\/12\/rivignanoCampp-250x210.jpg",250,210,true],"sow-carousel-default":["https:\/\/imagazine.it\/wp-content\/uploads\/2024\/12\/rivignanoCampp-272x182.jpg",272,182,true]},"rttpg_author":{"display_name":"redazione","author_link":"https:\/\/imagazine.it\/home_desk\/author\/redazione\/"},"rttpg_comment":0,"rttpg_category":"<a href=\"https:\/\/imagazine.it\/home_desk\/category\/societa\/\" rel=\"category tag\">SOCIET\u00c0<\/a>","rttpg_excerpt":"La struttura \u00e8 gestita dal Campp e ospita 25 persone con disabilit\u00e0 intellettiva dai 18 anni in su. Diverse le attivit\u00e0 formative","_links":{"self":[{"href":"https:\/\/imagazine.it\/home_desk\/wp-json\/wp\/v2\/posts\/61213","targetHints":{"allow":["GET"]}}],"collection":[{"href":"https:\/\/imagazine.it\/home_desk\/wp-json\/wp\/v2\/posts"}],"about":[{"href":"https:\/\/imagazine.it\/home_desk\/wp-json\/wp\/v2\/types\/post"}],"author":[{"embeddable":true,"href":"https:\/\/imagazine.it\/home_desk\/wp-json\/wp\/v2\/users\/28"}],"replies":[{"embeddable":true,"href":"https:\/\/imagazine.it\/home_desk\/wp-json\/wp\/v2\/comments?post=61213"}],"version-history":[{"count":0,"href":"https:\/\/imagazine.it\/home_desk\/wp-json\/wp\/v2\/posts\/61213\/revisions"}],"wp:featuredmedia":[{"embeddable":true,"href":"https:\/\/imagazine.it\/home_desk\/wp-json\/wp\/v2\/media\/61214"}],"wp:attachment":[{"href":"https:\/\/imagazine.it\/home_desk\/wp-json\/wp\/v2\/media?parent=61213"}],"wp:term":[{"taxonomy":"category","embeddable":true,"href":"https:\/\/imagazine.it\/home_desk\/wp-json\/wp\/v2\/categories?post=61213"},{"taxonomy":"post_tag","embeddable":true,"href":"https:\/\/imagazine.it\/home_desk\/wp-json\/wp\/v2\/tags?post=61213"}],"curies":[{"name":"wp","href":"https:\/\/api.w.org\/{rel}","templated":true}]}}