{"id":61205,"date":"2024-12-17T16:12:26","date_gmt":"2024-12-17T15:12:26","guid":{"rendered":"https:\/\/imagazine.it\/home_desk\/?p=61205"},"modified":"2024-12-18T15:47:41","modified_gmt":"2024-12-18T14:47:41","slug":"gorizia-presidio-intermedio-allex-sanatorio","status":"publish","type":"post","link":"https:\/\/imagazine.it\/home_desk\/gorizia-presidio-intermedio-allex-sanatorio\/","title":{"rendered":"Gorizia: presidio intermedio all&#8217;ex sanatorio"},"content":{"rendered":"<p><span style=\"font-size: 10pt;\"><em>Da sinistra Ziberna, Poggiana e Riccardi<\/em><\/span><\/p>\n<p>GORIZIA \u2013 Presentato a Gorizia lo stato di avanzamento del cantiere dell&#8217;<strong>Ex Pneumologico<\/strong> di propriet\u00e0 dell&#8217;Azienda sanitaria universitaria Giuliano Isontina (Asugi).<\/p>\n<p>&#8220;Grazie a un finanziamento di <strong>46 milioni di euro<\/strong>, 42 milioni dei quali garanti da risorse regionali e 4 coperti dai fondi Pnrr, quello che stiamo realizzando \u2013 ha affermato \u00a0l&#8217;assessore regionale alla Salute, <strong>Riccardo Riccardi<\/strong> \u2013 non sar\u00e0 un ospedale ma un presidio intermedio pensato per alleviare la pressione che il nostro sistema sanitario oggi sta sopportando proprio a livello ospedaliero&#8221;.<\/p>\n<p>Nel corso dell&#8217;incontro \u00e8 stato spiegato che nell&#8217;ex sanatorio troveranno spazio le <strong>attivit\u00e0 dell&#8217;ospedale di comunit\u00e0<\/strong>, la <strong>struttura sanitaria di ricovero breve<\/strong> della rete di assistenza territoriale che avr\u00e0 <strong>20 posti letto<\/strong> e della <strong>casa di comunit\u00e0<\/strong> per la parte specialistica ambulatoriale dove operer\u00e0 un <strong>team multidisciplinare<\/strong> di medici di medicina generale, pediatri di libera scelta, medici specialistici, infermieri e altri professionisti del settore.<\/p>\n<p>Saranno attivi anche i servizi della <strong>Suap<\/strong>, l&#8217;unit\u00e0 di cura residenziale ad alta intensit\u00e0 assistenziale (15 posti letto), di <strong><em>hospice<\/em><\/strong> per l&#8217;assistenza ai malati terminali (10 posti letto), di telemedicina e della Centrale operativa territoriale (Cot).<\/p>\n<p>All\u2019incontro erano presenti anche il sindaco di Gorizia, <strong>Rodolfo Ziberna<\/strong>, e il direttore generale di Asugi, <strong>Antonio Poggiana<\/strong>.<\/p>\n","protected":false},"excerpt":{"rendered":"<p>Interventi per 46 milioni di euro. Ospiter\u00e0 ambulatori specialistici, ricoveri brevi e l&#8217;hospice per l&#8217;assistenza ai malati terminali <\/p>\n","protected":false},"author":28,"featured_media":61206,"comment_status":"closed","ping_status":"closed","sticky":false,"template":"","format":"image","meta":{"dwc-title":[""],"dwc-content":[""],"footnotes":""},"categories":[5],"tags":[43,384,97,95],"class_list":["post-61205","post","type-post","status-publish","format-image","has-post-thumbnail","hentry","category-attualita","tag-gorizia","tag-lavori","tag-salute","tag-sanita","post_format-post-format-image"],"rttpg_featured_image_url":{"full":["https:\/\/imagazine.it\/wp-content\/uploads\/2024\/12\/exPneumologico.jpeg",1366,769,false],"landscape":["https:\/\/imagazine.it\/wp-content\/uploads\/2024\/12\/exPneumologico.jpeg",1366,769,false],"portraits":["https:\/\/imagazine.it\/wp-content\/uploads\/2024\/12\/exPneumologico.jpeg",1366,769,false],"thumbnail":["https:\/\/imagazine.it\/wp-content\/uploads\/2024\/12\/exPneumologico-150x150.jpeg",150,150,true],"medium":["https:\/\/imagazine.it\/wp-content\/uploads\/2024\/12\/exPneumologico-300x169.jpeg",300,169,true],"large":["https:\/\/imagazine.it\/wp-content\/uploads\/2024\/12\/exPneumologico-1024x576.jpeg",640,360,true],"thumblist":["https:\/\/imagazine.it\/wp-content\/uploads\/2024\/12\/exPneumologico-300x300.jpeg",300,300,true],"thumbrelated":["https:\/\/imagazine.it\/wp-content\/uploads\/2024\/12\/exPneumologico-500x500.jpeg",500,500,true],"meccarouselthumb":["https:\/\/imagazine.it\/wp-content\/uploads\/2024\/12\/exPneumologico-474x324.jpeg",474,324,true],"gridsquare":["https:\/\/imagazine.it\/wp-content\/uploads\/2024\/12\/exPneumologico-391x260.jpeg",391,260,true],"tileview":["https:\/\/imagazine.it\/wp-content\/uploads\/2024\/12\/exPneumologico-300x400.jpeg",300,400,true],"1536x1536":["https:\/\/imagazine.it\/wp-content\/uploads\/2024\/12\/exPneumologico.jpeg",1366,769,false],"2048x2048":["https:\/\/imagazine.it\/wp-content\/uploads\/2024\/12\/exPneumologico.jpeg",1366,769,false],"newsup-slider-full":["https:\/\/imagazine.it\/wp-content\/uploads\/2024\/12\/exPneumologico-1280x720.jpeg",1280,720,true],"newsup-featured":["https:\/\/imagazine.it\/wp-content\/uploads\/2024\/12\/exPneumologico-1024x576.jpeg",1024,576,true],"newsup-medium":["https:\/\/imagazine.it\/wp-content\/uploads\/2024\/12\/exPneumologico-720x380.jpeg",720,380,true],"tptn_thumbnail":["https:\/\/imagazine.it\/wp-content\/uploads\/2024\/12\/exPneumologico-250x210.jpeg",250,210,true],"sow-carousel-default":["https:\/\/imagazine.it\/wp-content\/uploads\/2024\/12\/exPneumologico-272x182.jpeg",272,182,true]},"rttpg_author":{"display_name":"redazione","author_link":"https:\/\/imagazine.it\/home_desk\/author\/redazione\/"},"rttpg_comment":0,"rttpg_category":"<a href=\"https:\/\/imagazine.it\/home_desk\/category\/attualita\/\" rel=\"category tag\">ATTUALIT\u00c0<\/a>","rttpg_excerpt":"Interventi per 46 milioni di euro. Ospiter\u00e0 ambulatori specialistici, ricoveri brevi e l'hospice per l'assistenza ai malati terminali","_links":{"self":[{"href":"https:\/\/imagazine.it\/home_desk\/wp-json\/wp\/v2\/posts\/61205","targetHints":{"allow":["GET"]}}],"collection":[{"href":"https:\/\/imagazine.it\/home_desk\/wp-json\/wp\/v2\/posts"}],"about":[{"href":"https:\/\/imagazine.it\/home_desk\/wp-json\/wp\/v2\/types\/post"}],"author":[{"embeddable":true,"href":"https:\/\/imagazine.it\/home_desk\/wp-json\/wp\/v2\/users\/28"}],"replies":[{"embeddable":true,"href":"https:\/\/imagazine.it\/home_desk\/wp-json\/wp\/v2\/comments?post=61205"}],"version-history":[{"count":0,"href":"https:\/\/imagazine.it\/home_desk\/wp-json\/wp\/v2\/posts\/61205\/revisions"}],"wp:featuredmedia":[{"embeddable":true,"href":"https:\/\/imagazine.it\/home_desk\/wp-json\/wp\/v2\/media\/61206"}],"wp:attachment":[{"href":"https:\/\/imagazine.it\/home_desk\/wp-json\/wp\/v2\/media?parent=61205"}],"wp:term":[{"taxonomy":"category","embeddable":true,"href":"https:\/\/imagazine.it\/home_desk\/wp-json\/wp\/v2\/categories?post=61205"},{"taxonomy":"post_tag","embeddable":true,"href":"https:\/\/imagazine.it\/home_desk\/wp-json\/wp\/v2\/tags?post=61205"}],"curies":[{"name":"wp","href":"https:\/\/api.w.org\/{rel}","templated":true}]}}