{"id":61160,"date":"2024-12-09T20:01:05","date_gmt":"2024-12-09T19:01:05","guid":{"rendered":"https:\/\/imagazine.it\/home_desk\/?p=61160"},"modified":"2024-12-17T10:18:36","modified_gmt":"2024-12-17T09:18:36","slug":"canoa-giuliana-pantanali-presidente-del-comitato-fvg","status":"publish","type":"post","link":"https:\/\/imagazine.it\/home_desk\/canoa-giuliana-pantanali-presidente-del-comitato-fvg\/","title":{"rendered":"Canoa: Giuliana Pantanali presidente del Comitato FVG"},"content":{"rendered":"<p>Il nuovo consiglio regionale<\/p>\n<p>SAN GIORGIO DI NOGARO \u2013 Si \u00e8 tenuta presso la sede della Canoa San Giorgio l&#8217;assemblea regionale Federcanoa con l&#8217;elezione dei consiglieri che gestiranno il <strong>Comitato Regionale FICK<\/strong> Friuli Venezia Giulia per il prossimo quadriennio.<\/p>\n<p><strong>Giuliana Pantanali<\/strong> \u00e8 stata eletta presidente. Sar\u00e0 coadiuvata dal consiglio direttivo cos\u00ec composto: <strong>Moreno Lentini<\/strong> (vicepresidente), <strong>Irene Antonione<\/strong> (segretario), <strong>Emiliano Facchinetti<\/strong> (referente Canoa Polo) e <strong>Nicola Fioretti<\/strong> (referente Acqua Mossa).<\/p>\n<p><strong>Fabrizio Stefenato<\/strong>, consigliere quota atleti, sar\u00e0 il referente Acqua Piatta, mentre <strong>Paolo Scrazzolo<\/strong>, consigliere quota tecnici, sar\u00e0 referente Tecnici e formazione.<\/p>\n<p>&#8220;Ho accettato questa sfida \u2013 commenta la neo presidente Pantanali \u2013 con l&#8217;obiettivo di mettermi a disposizione della Canoa regionale, ponendo in primo piano gli atleti e i loro tecnici. Raccolgo un&#8217;eredit\u00e0 importante, il Comitato Friuli Venezia Giulia \u00e8 tra i pi\u00f9 produttivi in Italia, frutto del grande lavoro svolto da chi mi ha preceduta\u201d.<\/p>\n<p>\u201cDesidero ringraziare \u2013 conclude \u2013 il presidente uscente Mauro Pra Floriani per l&#8217;eccellente lavoro svolto nel mandato passato. Auguro a tutta la Canoa regionale buon lavoro e agli atleti grandi soddisfazioni sportive per le stagioni agonistiche che ci troveremo ad affrontare insieme&#8221;.<\/p>\n","protected":false},"excerpt":{"rendered":"<p>Eletto il consiglio direttivo che rester\u00e0 in carica il prossimo quadriennio. Il ringraziamento al predecessore Mauro Pra Floriani <\/p>\n","protected":false},"author":22,"featured_media":61163,"comment_status":"closed","ping_status":"closed","sticky":false,"template":"","format":"image","meta":{"dwc-title":[""],"dwc-content":[""],"footnotes":""},"categories":[38],"tags":[502,1164,442],"class_list":["post-61160","post","type-post","status-publish","format-image","has-post-thumbnail","hentry","category-sport","tag-acqua","tag-canoa","tag-san-giorgio","post_format-post-format-image"],"rttpg_featured_image_url":{"full":["https:\/\/imagazine.it\/wp-content\/uploads\/2024\/12\/comitatoFVG.jpg",1366,710,false],"landscape":["https:\/\/imagazine.it\/wp-content\/uploads\/2024\/12\/comitatoFVG.jpg",1366,710,false],"portraits":["https:\/\/imagazine.it\/wp-content\/uploads\/2024\/12\/comitatoFVG.jpg",1366,710,false],"thumbnail":["https:\/\/imagazine.it\/wp-content\/uploads\/2024\/12\/comitatoFVG-150x150.jpg",150,150,true],"medium":["https:\/\/imagazine.it\/wp-content\/uploads\/2024\/12\/comitatoFVG-300x156.jpg",300,156,true],"large":["https:\/\/imagazine.it\/wp-content\/uploads\/2024\/12\/comitatoFVG-1024x532.jpg",640,333,true],"thumblist":["https:\/\/imagazine.it\/wp-content\/uploads\/2024\/12\/comitatoFVG-300x300.jpg",300,300,true],"thumbrelated":["https:\/\/imagazine.it\/wp-content\/uploads\/2024\/12\/comitatoFVG-500x500.jpg",500,500,true],"meccarouselthumb":["https:\/\/imagazine.it\/wp-content\/uploads\/2024\/12\/comitatoFVG-474x324.jpg",474,324,true],"gridsquare":["https:\/\/imagazine.it\/wp-content\/uploads\/2024\/12\/comitatoFVG-391x260.jpg",391,260,true],"tileview":["https:\/\/imagazine.it\/wp-content\/uploads\/2024\/12\/comitatoFVG-300x400.jpg",300,400,true],"1536x1536":["https:\/\/imagazine.it\/wp-content\/uploads\/2024\/12\/comitatoFVG.jpg",1366,710,false],"2048x2048":["https:\/\/imagazine.it\/wp-content\/uploads\/2024\/12\/comitatoFVG.jpg",1366,710,false],"newsup-slider-full":["https:\/\/imagazine.it\/wp-content\/uploads\/2024\/12\/comitatoFVG-1280x710.jpg",1280,710,true],"newsup-featured":["https:\/\/imagazine.it\/wp-content\/uploads\/2024\/12\/comitatoFVG-1024x532.jpg",1024,532,true],"newsup-medium":["https:\/\/imagazine.it\/wp-content\/uploads\/2024\/12\/comitatoFVG-720x380.jpg",720,380,true],"tptn_thumbnail":["https:\/\/imagazine.it\/wp-content\/uploads\/2024\/12\/comitatoFVG-250x210.jpg",250,210,true],"sow-carousel-default":["https:\/\/imagazine.it\/wp-content\/uploads\/2024\/12\/comitatoFVG-272x182.jpg",272,182,true]},"rttpg_author":{"display_name":"Livio Nonis","author_link":"https:\/\/imagazine.it\/home_desk\/author\/nonis\/"},"rttpg_comment":0,"rttpg_category":"<a href=\"https:\/\/imagazine.it\/home_desk\/category\/sport\/\" rel=\"category tag\">SPORT<\/a>","rttpg_excerpt":"Eletto il consiglio direttivo che rester\u00e0 in carica il prossimo quadriennio. Il ringraziamento al predecessore Mauro Pra Floriani","_links":{"self":[{"href":"https:\/\/imagazine.it\/home_desk\/wp-json\/wp\/v2\/posts\/61160","targetHints":{"allow":["GET"]}}],"collection":[{"href":"https:\/\/imagazine.it\/home_desk\/wp-json\/wp\/v2\/posts"}],"about":[{"href":"https:\/\/imagazine.it\/home_desk\/wp-json\/wp\/v2\/types\/post"}],"author":[{"embeddable":true,"href":"https:\/\/imagazine.it\/home_desk\/wp-json\/wp\/v2\/users\/22"}],"replies":[{"embeddable":true,"href":"https:\/\/imagazine.it\/home_desk\/wp-json\/wp\/v2\/comments?post=61160"}],"version-history":[{"count":0,"href":"https:\/\/imagazine.it\/home_desk\/wp-json\/wp\/v2\/posts\/61160\/revisions"}],"wp:featuredmedia":[{"embeddable":true,"href":"https:\/\/imagazine.it\/home_desk\/wp-json\/wp\/v2\/media\/61163"}],"wp:attachment":[{"href":"https:\/\/imagazine.it\/home_desk\/wp-json\/wp\/v2\/media?parent=61160"}],"wp:term":[{"taxonomy":"category","embeddable":true,"href":"https:\/\/imagazine.it\/home_desk\/wp-json\/wp\/v2\/categories?post=61160"},{"taxonomy":"post_tag","embeddable":true,"href":"https:\/\/imagazine.it\/home_desk\/wp-json\/wp\/v2\/tags?post=61160"}],"curies":[{"name":"wp","href":"https:\/\/api.w.org\/{rel}","templated":true}]}}