{"id":61133,"date":"2024-12-15T15:54:49","date_gmt":"2024-12-15T14:54:49","guid":{"rendered":"https:\/\/imagazine.it\/home_desk\/?p=61133"},"modified":"2024-12-16T16:01:00","modified_gmt":"2024-12-16T15:01:00","slug":"grado-il-vescovo-in-visita-alla-cooperativa-pescatori","status":"publish","type":"post","link":"https:\/\/imagazine.it\/home_desk\/grado-il-vescovo-in-visita-alla-cooperativa-pescatori\/","title":{"rendered":"Grado: il vescovo in visita alla Cooperativa pescatori"},"content":{"rendered":"<p>GRADO \u2013 L&#8217;arcivescovo di Gorizia, <strong>monsignor Carlo Roberto Maria Redaelli<\/strong>, accompagnato dal <strong>monsignor Mauro Belletti<\/strong> e da <strong>fra Roberto Benvenuto<\/strong>, responsabile pastorale sociale del lavoro dell&#8217;arcidiocesi, ha incontrato la Cooperativa dei pescatori gradesi.<\/p>\n<p>Nell&#8217;incontro, il presidente della cooperativa, <strong>Antonio Santopolo<\/strong>, ha illustrato le difficolt\u00e0 del settore della pesca, che negli anni ha subito una significativa perdita di forza lavoro a causa, soprattutto, di normative molto restrittive.<\/p>\n<p>Per far fronte a questa situazione, la cooperativa ha attuato una diversificazione dei prodotti ittici, aprendo un punto vendita diretto al pubblico e un ristorante che propone pesce locale, valorizzando cos\u00ec specie meno conosciute.<\/p>\n<p>Nel suo intervento, il prelato ha espresso grande sorpresa nello scoprire un&#8217;attivit\u00e0 ancora cos\u00ec vitale e si \u00e8 detto profondamente colpito dall&#8217;impegno con cui la cooperativa porta avanti questo settore fondamentale per il territorio.<\/p>\n<p>L&#8217;incontro si \u00e8 concluso con un brindisi augurale.<\/p>\n","protected":false},"excerpt":{"rendered":"<p>Monsignor Redaelli ha incontrato il presidente Santopolo. &#8220;Un settore fondamentale per il territorio, portato avanti con impegno&#8221;<\/p>\n","protected":false},"author":22,"featured_media":61134,"comment_status":"closed","ping_status":"closed","sticky":false,"template":"","format":"image","meta":{"dwc-title":[""],"dwc-content":[""],"footnotes":""},"categories":[5],"tags":[939,1433,174,472,1423],"class_list":["post-61133","post","type-post","status-publish","format-image","has-post-thumbnail","hentry","category-attualita","tag-chiesa","tag-curia","tag-grado","tag-lavoro","tag-pesca","post_format-post-format-image"],"rttpg_featured_image_url":{"full":["https:\/\/imagazine.it\/wp-content\/uploads\/2024\/12\/pescatori-e-arcivescovo-Carlo.jpg",1366,844,false],"landscape":["https:\/\/imagazine.it\/wp-content\/uploads\/2024\/12\/pescatori-e-arcivescovo-Carlo.jpg",1366,844,false],"portraits":["https:\/\/imagazine.it\/wp-content\/uploads\/2024\/12\/pescatori-e-arcivescovo-Carlo.jpg",1366,844,false],"thumbnail":["https:\/\/imagazine.it\/wp-content\/uploads\/2024\/12\/pescatori-e-arcivescovo-Carlo-150x150.jpg",150,150,true],"medium":["https:\/\/imagazine.it\/wp-content\/uploads\/2024\/12\/pescatori-e-arcivescovo-Carlo-300x185.jpg",300,185,true],"large":["https:\/\/imagazine.it\/wp-content\/uploads\/2024\/12\/pescatori-e-arcivescovo-Carlo-1024x633.jpg",640,396,true],"thumblist":["https:\/\/imagazine.it\/wp-content\/uploads\/2024\/12\/pescatori-e-arcivescovo-Carlo-300x300.jpg",300,300,true],"thumbrelated":["https:\/\/imagazine.it\/wp-content\/uploads\/2024\/12\/pescatori-e-arcivescovo-Carlo-500x500.jpg",500,500,true],"meccarouselthumb":["https:\/\/imagazine.it\/wp-content\/uploads\/2024\/12\/pescatori-e-arcivescovo-Carlo-474x324.jpg",474,324,true],"gridsquare":["https:\/\/imagazine.it\/wp-content\/uploads\/2024\/12\/pescatori-e-arcivescovo-Carlo-391x260.jpg",391,260,true],"tileview":["https:\/\/imagazine.it\/wp-content\/uploads\/2024\/12\/pescatori-e-arcivescovo-Carlo-300x400.jpg",300,400,true],"1536x1536":["https:\/\/imagazine.it\/wp-content\/uploads\/2024\/12\/pescatori-e-arcivescovo-Carlo.jpg",1366,844,false],"2048x2048":["https:\/\/imagazine.it\/wp-content\/uploads\/2024\/12\/pescatori-e-arcivescovo-Carlo.jpg",1366,844,false],"newsup-slider-full":["https:\/\/imagazine.it\/wp-content\/uploads\/2024\/12\/pescatori-e-arcivescovo-Carlo-1280x720.jpg",1280,720,true],"newsup-featured":["https:\/\/imagazine.it\/wp-content\/uploads\/2024\/12\/pescatori-e-arcivescovo-Carlo-1024x633.jpg",1024,633,true],"newsup-medium":["https:\/\/imagazine.it\/wp-content\/uploads\/2024\/12\/pescatori-e-arcivescovo-Carlo-720x380.jpg",720,380,true],"tptn_thumbnail":["https:\/\/imagazine.it\/wp-content\/uploads\/2024\/12\/pescatori-e-arcivescovo-Carlo-250x210.jpg",250,210,true],"sow-carousel-default":["https:\/\/imagazine.it\/wp-content\/uploads\/2024\/12\/pescatori-e-arcivescovo-Carlo-272x182.jpg",272,182,true]},"rttpg_author":{"display_name":"Livio Nonis","author_link":"https:\/\/imagazine.it\/home_desk\/author\/nonis\/"},"rttpg_comment":0,"rttpg_category":"<a href=\"https:\/\/imagazine.it\/home_desk\/category\/attualita\/\" rel=\"category tag\">ATTUALIT\u00c0<\/a>","rttpg_excerpt":"Monsignor Redaelli ha incontrato il presidente Santopolo. \"Un settore fondamentale per il territorio, portato avanti con impegno\"","_links":{"self":[{"href":"https:\/\/imagazine.it\/home_desk\/wp-json\/wp\/v2\/posts\/61133","targetHints":{"allow":["GET"]}}],"collection":[{"href":"https:\/\/imagazine.it\/home_desk\/wp-json\/wp\/v2\/posts"}],"about":[{"href":"https:\/\/imagazine.it\/home_desk\/wp-json\/wp\/v2\/types\/post"}],"author":[{"embeddable":true,"href":"https:\/\/imagazine.it\/home_desk\/wp-json\/wp\/v2\/users\/22"}],"replies":[{"embeddable":true,"href":"https:\/\/imagazine.it\/home_desk\/wp-json\/wp\/v2\/comments?post=61133"}],"version-history":[{"count":0,"href":"https:\/\/imagazine.it\/home_desk\/wp-json\/wp\/v2\/posts\/61133\/revisions"}],"wp:featuredmedia":[{"embeddable":true,"href":"https:\/\/imagazine.it\/home_desk\/wp-json\/wp\/v2\/media\/61134"}],"wp:attachment":[{"href":"https:\/\/imagazine.it\/home_desk\/wp-json\/wp\/v2\/media?parent=61133"}],"wp:term":[{"taxonomy":"category","embeddable":true,"href":"https:\/\/imagazine.it\/home_desk\/wp-json\/wp\/v2\/categories?post=61133"},{"taxonomy":"post_tag","embeddable":true,"href":"https:\/\/imagazine.it\/home_desk\/wp-json\/wp\/v2\/tags?post=61133"}],"curies":[{"name":"wp","href":"https:\/\/api.w.org\/{rel}","templated":true}]}}