{"id":61049,"date":"2024-12-13T12:15:13","date_gmt":"2024-12-13T11:15:13","guid":{"rendered":"https:\/\/imagazine.it\/home_desk\/?p=61049"},"modified":"2024-12-16T12:03:30","modified_gmt":"2024-12-16T11:03:30","slug":"pallacanestro-trieste-arcieri-confermato-general-manager","status":"publish","type":"post","link":"https:\/\/imagazine.it\/home_desk\/pallacanestro-trieste-arcieri-confermato-general-manager\/","title":{"rendered":"Pallacanestro Trieste: Arcieri confermato General Manager"},"content":{"rendered":"<p><span style=\"font-size: 10pt;\"><em>Michael Arcieri (ph. A. Gilardi\/Ag. Ciamillo Castoria)<\/em><\/span><\/p>\n<p>TRIESTE \u2013 Il proprietario e presidente della Pallacanestro Trieste,\u00a0<strong>Paul Matiasic<\/strong>, ha deciso di\u00a0<strong>prolungare il rapporto <\/strong>con il General Manager<strong> Michael Arcieri<\/strong>.<\/p>\n<p>I due hanno siglato un contratto pluriennale, con l\u2019obiettivo di garantire per i prossimi anni\u00a0<strong>continuit\u00e0 e sviluppo alla Pallacanestro Trieste.<\/strong><\/p>\n<p>\u201c<em>La mia scelta \u2013\u00a0<\/em>ha dichiarato<strong>\u00a0Matiasic<\/strong><em>\u00a0\u2013 deriva dall\u2019ottimo lavoro svolto fin qui da Michael Arcieri e dalle sue capacit\u00e0 di essere un leader, creare una grande famiglia attorno alla squadra, unendo le competenze sportive a quelle di sviluppo dell\u2019organizzazione, cementando il rapporto tra la societ\u00e0 e il territorio e dando supporto alla comunit\u00e0 locale\u201d. <\/em><\/p>\n<p><em>\u201cSi tratta <\/em>\u2013 ha aggiunto \u2013<em> di competenze molto importanti, alla base di quella che \u00e8 la mia visione per il basket a Trieste. Tutta l\u2019organizzazione sta lavorando con impegno per aumentare il valore, il ruolo e la visibilit\u00e0 della Pallacanestro Trieste nel contesto italiano e nell\u2019industria sportiva europea: il GM Michael Arcieri \u00e8 uno dei punti fermi in questo sviluppo<\/em>\u201d.<\/p>\n<h3>La soddisfazione di Arcieri<\/h3>\n<p><em>&#8220;Beatrice, Alexander ed io \u2013\u00a0<\/em>il commento di\u00a0<strong>Michael Arcieri <\/strong><em>\u2013 desideriamo esprimere a Paul e alla sua famiglia la nostra pi\u00f9 sincera gratitudine e il nostro immenso entusiasmo per l&#8217;opportunit\u00e0 di continuare a guidare la Pallacanestro Trieste verso il futuro. \u00c8 un privilegio e una responsabilit\u00e0 che accolgo con la massima umilt\u00e0 e dedizione\u201d. <\/em><\/p>\n<p><em>\u201cLa mia gratitudine <\/em>\u2013 ha sottolineato Arcieri \u2013<em> si estende a tutti i nostri giocatori, staff, partner e alla tifoseria pi\u00f9 devota e appassionata d\u2019Italia. Trieste ci ha accolti a braccia aperte ed \u00e8 diventata la nostra casa. Il mio impegno \u00e8 lavorare instancabilmente per costruire una realt\u00e0 cestistica e sportiva che rappresenti al meglio la nostra amata citt\u00e0 e regione&#8221;.<\/em><\/p>\n<p><strong>Paul Matiasic\u00a0<\/strong>ha colto l\u2019occasione anche per<strong>\u00a0ringraziare il pubblico di Trieste<\/strong>: \u201c<em>Il calore e la presenza del pubblico nel corso delle ultime partite in casa \u2013\u00a0<\/em>ha concluso il presidente e proprietario della Pallacanestro Trieste<em>\u00a0\u2013 sono stati meravigliosi. Abbiamo fatto importanti passi avanti sul fronte delle relazioni istituzionali, delle sponsorship e dello sviluppo delle relazioni commerciali ma ancora molto c\u2019\u00e8 da fare per raggiungere gli obiettivi che mi sono prefissato in termini di crescita<\/em>\u201d.<\/p>\n","protected":false},"excerpt":{"rendered":"<p>Il presidente Paul Matiasic soddisfatto per il prolungamento del contratto: &#8220;Un punto fermo per il nostro sviluppo in Italia e in Europa&#8221;<\/p>\n","protected":false},"author":28,"featured_media":61050,"comment_status":"closed","ping_status":"closed","sticky":false,"template":"","format":"image","meta":{"dwc-title":[""],"dwc-content":[""],"footnotes":""},"categories":[38],"tags":[255,65],"class_list":["post-61049","post","type-post","status-publish","format-image","has-post-thumbnail","hentry","category-sport","tag-basket","tag-trieste","post_format-post-format-image"],"rttpg_featured_image_url":{"full":["https:\/\/imagazine.it\/wp-content\/uploads\/2024\/12\/MichaelArcieri.jpg",1366,911,false],"landscape":["https:\/\/imagazine.it\/wp-content\/uploads\/2024\/12\/MichaelArcieri.jpg",1366,911,false],"portraits":["https:\/\/imagazine.it\/wp-content\/uploads\/2024\/12\/MichaelArcieri.jpg",1366,911,false],"thumbnail":["https:\/\/imagazine.it\/wp-content\/uploads\/2024\/12\/MichaelArcieri-150x150.jpg",150,150,true],"medium":["https:\/\/imagazine.it\/wp-content\/uploads\/2024\/12\/MichaelArcieri-300x200.jpg",300,200,true],"large":["https:\/\/imagazine.it\/wp-content\/uploads\/2024\/12\/MichaelArcieri-1024x683.jpg",640,427,true],"thumblist":["https:\/\/imagazine.it\/wp-content\/uploads\/2024\/12\/MichaelArcieri-300x300.jpg",300,300,true],"thumbrelated":["https:\/\/imagazine.it\/wp-content\/uploads\/2024\/12\/MichaelArcieri-500x500.jpg",500,500,true],"meccarouselthumb":["https:\/\/imagazine.it\/wp-content\/uploads\/2024\/12\/MichaelArcieri-474x324.jpg",474,324,true],"gridsquare":["https:\/\/imagazine.it\/wp-content\/uploads\/2024\/12\/MichaelArcieri-391x260.jpg",391,260,true],"tileview":["https:\/\/imagazine.it\/wp-content\/uploads\/2024\/12\/MichaelArcieri-300x400.jpg",300,400,true],"1536x1536":["https:\/\/imagazine.it\/wp-content\/uploads\/2024\/12\/MichaelArcieri.jpg",1366,911,false],"2048x2048":["https:\/\/imagazine.it\/wp-content\/uploads\/2024\/12\/MichaelArcieri.jpg",1366,911,false],"newsup-slider-full":["https:\/\/imagazine.it\/wp-content\/uploads\/2024\/12\/MichaelArcieri-1280x720.jpg",1280,720,true],"newsup-featured":["https:\/\/imagazine.it\/wp-content\/uploads\/2024\/12\/MichaelArcieri-1024x683.jpg",1024,683,true],"newsup-medium":["https:\/\/imagazine.it\/wp-content\/uploads\/2024\/12\/MichaelArcieri-720x380.jpg",720,380,true],"tptn_thumbnail":["https:\/\/imagazine.it\/wp-content\/uploads\/2024\/12\/MichaelArcieri-250x210.jpg",250,210,true],"sow-carousel-default":["https:\/\/imagazine.it\/wp-content\/uploads\/2024\/12\/MichaelArcieri-272x182.jpg",272,182,true]},"rttpg_author":{"display_name":"redazione","author_link":"https:\/\/imagazine.it\/home_desk\/author\/redazione\/"},"rttpg_comment":0,"rttpg_category":"<a href=\"https:\/\/imagazine.it\/home_desk\/category\/sport\/\" rel=\"category tag\">SPORT<\/a>","rttpg_excerpt":"Il presidente Paul Matiasic soddisfatto per il prolungamento del contratto: \"Un punto fermo per il nostro sviluppo in Italia e in Europa\"","_links":{"self":[{"href":"https:\/\/imagazine.it\/home_desk\/wp-json\/wp\/v2\/posts\/61049","targetHints":{"allow":["GET"]}}],"collection":[{"href":"https:\/\/imagazine.it\/home_desk\/wp-json\/wp\/v2\/posts"}],"about":[{"href":"https:\/\/imagazine.it\/home_desk\/wp-json\/wp\/v2\/types\/post"}],"author":[{"embeddable":true,"href":"https:\/\/imagazine.it\/home_desk\/wp-json\/wp\/v2\/users\/28"}],"replies":[{"embeddable":true,"href":"https:\/\/imagazine.it\/home_desk\/wp-json\/wp\/v2\/comments?post=61049"}],"version-history":[{"count":0,"href":"https:\/\/imagazine.it\/home_desk\/wp-json\/wp\/v2\/posts\/61049\/revisions"}],"wp:featuredmedia":[{"embeddable":true,"href":"https:\/\/imagazine.it\/home_desk\/wp-json\/wp\/v2\/media\/61050"}],"wp:attachment":[{"href":"https:\/\/imagazine.it\/home_desk\/wp-json\/wp\/v2\/media?parent=61049"}],"wp:term":[{"taxonomy":"category","embeddable":true,"href":"https:\/\/imagazine.it\/home_desk\/wp-json\/wp\/v2\/categories?post=61049"},{"taxonomy":"post_tag","embeddable":true,"href":"https:\/\/imagazine.it\/home_desk\/wp-json\/wp\/v2\/tags?post=61049"}],"curies":[{"name":"wp","href":"https:\/\/api.w.org\/{rel}","templated":true}]}}