{"id":61015,"date":"2024-12-12T15:59:31","date_gmt":"2024-12-12T14:59:31","guid":{"rendered":"https:\/\/imagazine.it\/home_desk\/?p=61015"},"modified":"2024-12-13T12:15:29","modified_gmt":"2024-12-13T11:15:29","slug":"sport-e-disabilita-corsi-per-formare-personale","status":"publish","type":"post","link":"https:\/\/imagazine.it\/home_desk\/sport-e-disabilita-corsi-per-formare-personale\/","title":{"rendered":"Sport e disabilit\u00e0: corsi per formare personale"},"content":{"rendered":"<p><strong>UDINE<\/strong> &#8211; Continua l\u2019attivit\u00e0 dell\u2019<strong>Associazione<\/strong> <strong>Sportiva Udinese<\/strong> a favore della disabilit\u00e0.<\/p>\n<p>L\u2019ASU da molti anni \u00e8 infatti al centro di un movimento che punta a rendere l\u2019attivit\u00e0 sportiva fruibile a tutti e, per farlo, si \u00e8 spesa, grazie al sostegno di numerosi partner, nella <strong>formazione di tecnici<\/strong> che possano essere di <strong>supporto ai portatori di disabilit\u00e0<\/strong>, nel contesto sportivo.<\/p>\n<p>Anche nel corso del 2024 l\u2019attivit\u00e0, grazie al progetto \u201c<em>Sport e disabilit\u00e0<\/em>\u201d (che fa da cappello a molte progettualit\u00e0, come \u201c<em>A proprio agio<\/em>\u201d; \u201c<em>Giornata dello sport inclusivo<\/em>\u201d; \u201c<em>Ginnastica inclusiva Eisi<\/em>\u201d), \u00e8 stata trasversale.<\/p>\n<p>Per presentarla, assieme a tutte le progettualit\u00e0 future, la dirigenza ha organizzato una conferenza stampa a cui hanno partecipato il presidente dell\u2019ASU, <strong>Alessandro Nutta<\/strong>, il direttore generale, <strong>Nicola Di Benedetto<\/strong>, il presidente di Fondazione Friuli, <strong>Giuseppe Morandini<\/strong>, <strong>Marina Pittini<\/strong>, presidente della Fondazione Pietro Pittini, <strong>Giuliano Clinori<\/strong>, vicepresidente Csen nazionale, presidente della delegazione Fvg e direttore di Special Olympics Fvg oltre che membro della commissione Scuola dello sport del Coni.<\/p>\n<p>\u00c8 emersa la necessit\u00e0 di individuare <strong>nuove maestranze per lavorare con bambini e ragazzi con disabilit\u00e0<\/strong>.<\/p>\n<p>A oggi sono una ventina i ragazzi che hanno aderito al progetto, accompagnati una decina di tecnici, \u00ab<em>un numero non sufficiente<\/em>\u00a0&#8211; ha sottolineato il presidente Nutta\u00a0<em>&#8211; tanto che al momento non siamo in grado di soddisfare la domanda\u00a0per le nostre discipline, ovvero la ginnastica artistica, ritmica, il parkour e la scherma<\/em>\u00bb.<\/p>\n<p>\u00c8 per questa ragione che, come gi\u00e0 fatto in passato, ASU e i suoi partner (CSEN e Scuola dello sport del Coni) stanno lavorando per organizzare (nei primi mesi del 2025) un <strong>nuovo corso di formazione gratuito<\/strong> per chiunque, con riconoscimento del titolo nazionale sportivo.<\/p>\n<p>\u201c<em>A proprio agio<\/em>\u201d (progetto dell\u2019ASU, organizzato in collaborazione con Csen Fvg, Special Olympics Fvg, scuola regionale dello Sport Coni Fvg, e sostenuto da Fondazione Friuli), coordinato da <strong>Chiara Candelotto<\/strong>, ha gi\u00e0 dato i suoi frutti nel corso di questi anni e, nel 2024, in particolare, ha visto l\u2019inserimento di bambini con disabilit\u00e0 all&#8217;interno di corsi; il personal training con portatori di disabilit\u00e0 gravi; e il monitoraggio di piccoli con disabilit\u00e0, ma capaci di stare all&#8217;interno del gruppo senza affiancamento.<\/p>\n<p>Accanto a ci\u00f2 \u00e8 continuata la formazione, con un ciclo di conferenze e il reclutamento di personale, che per\u00f2 tutt\u2019ora non \u00e8 sufficiente.<\/p>\n<p>Ora, dunque, l\u2019ambizione \u00e8 quella di crescere per poter fornire questo importante servizio a pi\u00f9 persone possibili.<\/p>\n","protected":false},"excerpt":{"rendered":"<p>L\u2019Associazione Sportiva Udinese in prima linea nel progetto di formazione di tecnici che possano essere di supporto ai portatori di disabilit\u00e0, nel contesto sportivo<\/p>\n","protected":false},"author":28,"featured_media":61017,"comment_status":"closed","ping_status":"closed","sticky":false,"template":"","format":"image","meta":{"dwc-title":[""],"dwc-content":[""],"footnotes":""},"categories":[38],"tags":[256,400,81,101],"class_list":["post-61015","post","type-post","status-publish","format-image","has-post-thumbnail","hentry","category-sport","tag-disabilita","tag-formazione","tag-sport","tag-udine","post_format-post-format-image"],"rttpg_featured_image_url":{"full":["https:\/\/imagazine.it\/wp-content\/uploads\/2024\/12\/asu_progetti_disabilita.jpg",1366,763,false],"landscape":["https:\/\/imagazine.it\/wp-content\/uploads\/2024\/12\/asu_progetti_disabilita.jpg",1366,763,false],"portraits":["https:\/\/imagazine.it\/wp-content\/uploads\/2024\/12\/asu_progetti_disabilita.jpg",1366,763,false],"thumbnail":["https:\/\/imagazine.it\/wp-content\/uploads\/2024\/12\/asu_progetti_disabilita-150x150.jpg",150,150,true],"medium":["https:\/\/imagazine.it\/wp-content\/uploads\/2024\/12\/asu_progetti_disabilita-300x168.jpg",300,168,true],"large":["https:\/\/imagazine.it\/wp-content\/uploads\/2024\/12\/asu_progetti_disabilita-1024x572.jpg",640,358,true],"thumblist":["https:\/\/imagazine.it\/wp-content\/uploads\/2024\/12\/asu_progetti_disabilita-300x300.jpg",300,300,true],"thumbrelated":["https:\/\/imagazine.it\/wp-content\/uploads\/2024\/12\/asu_progetti_disabilita-500x500.jpg",500,500,true],"meccarouselthumb":["https:\/\/imagazine.it\/wp-content\/uploads\/2024\/12\/asu_progetti_disabilita-474x324.jpg",474,324,true],"gridsquare":["https:\/\/imagazine.it\/wp-content\/uploads\/2024\/12\/asu_progetti_disabilita-391x260.jpg",391,260,true],"tileview":["https:\/\/imagazine.it\/wp-content\/uploads\/2024\/12\/asu_progetti_disabilita-300x400.jpg",300,400,true],"1536x1536":["https:\/\/imagazine.it\/wp-content\/uploads\/2024\/12\/asu_progetti_disabilita.jpg",1366,763,false],"2048x2048":["https:\/\/imagazine.it\/wp-content\/uploads\/2024\/12\/asu_progetti_disabilita.jpg",1366,763,false],"newsup-slider-full":["https:\/\/imagazine.it\/wp-content\/uploads\/2024\/12\/asu_progetti_disabilita-1280x720.jpg",1280,720,true],"newsup-featured":["https:\/\/imagazine.it\/wp-content\/uploads\/2024\/12\/asu_progetti_disabilita-1024x572.jpg",1024,572,true],"newsup-medium":["https:\/\/imagazine.it\/wp-content\/uploads\/2024\/12\/asu_progetti_disabilita-720x380.jpg",720,380,true],"tptn_thumbnail":["https:\/\/imagazine.it\/wp-content\/uploads\/2024\/12\/asu_progetti_disabilita-250x210.jpg",250,210,true],"sow-carousel-default":["https:\/\/imagazine.it\/wp-content\/uploads\/2024\/12\/asu_progetti_disabilita-272x182.jpg",272,182,true]},"rttpg_author":{"display_name":"redazione","author_link":"https:\/\/imagazine.it\/home_desk\/author\/redazione\/"},"rttpg_comment":0,"rttpg_category":"<a href=\"https:\/\/imagazine.it\/home_desk\/category\/sport\/\" rel=\"category tag\">SPORT<\/a>","rttpg_excerpt":"L\u2019Associazione Sportiva Udinese in prima linea nel progetto di formazione di tecnici che possano essere di supporto ai portatori di disabilit\u00e0, nel contesto sportivo","_links":{"self":[{"href":"https:\/\/imagazine.it\/home_desk\/wp-json\/wp\/v2\/posts\/61015","targetHints":{"allow":["GET"]}}],"collection":[{"href":"https:\/\/imagazine.it\/home_desk\/wp-json\/wp\/v2\/posts"}],"about":[{"href":"https:\/\/imagazine.it\/home_desk\/wp-json\/wp\/v2\/types\/post"}],"author":[{"embeddable":true,"href":"https:\/\/imagazine.it\/home_desk\/wp-json\/wp\/v2\/users\/28"}],"replies":[{"embeddable":true,"href":"https:\/\/imagazine.it\/home_desk\/wp-json\/wp\/v2\/comments?post=61015"}],"version-history":[{"count":0,"href":"https:\/\/imagazine.it\/home_desk\/wp-json\/wp\/v2\/posts\/61015\/revisions"}],"wp:featuredmedia":[{"embeddable":true,"href":"https:\/\/imagazine.it\/home_desk\/wp-json\/wp\/v2\/media\/61017"}],"wp:attachment":[{"href":"https:\/\/imagazine.it\/home_desk\/wp-json\/wp\/v2\/media?parent=61015"}],"wp:term":[{"taxonomy":"category","embeddable":true,"href":"https:\/\/imagazine.it\/home_desk\/wp-json\/wp\/v2\/categories?post=61015"},{"taxonomy":"post_tag","embeddable":true,"href":"https:\/\/imagazine.it\/home_desk\/wp-json\/wp\/v2\/tags?post=61015"}],"curies":[{"name":"wp","href":"https:\/\/api.w.org\/{rel}","templated":true}]}}