{"id":60976,"date":"2024-12-11T11:51:01","date_gmt":"2024-12-11T10:51:01","guid":{"rendered":"https:\/\/imagazine.it\/home_desk\/?p=60976"},"modified":"2024-12-12T16:39:25","modified_gmt":"2024-12-12T15:39:25","slug":"margot-marrone-gli-alberi-muovono-il-vento","status":"publish","type":"post","link":"https:\/\/imagazine.it\/home_desk\/margot-marrone-gli-alberi-muovono-il-vento\/","title":{"rendered":"Margot Marrone: gli alberi muovono il vento"},"content":{"rendered":"<p><span style=\"font-size: 10pt;\"><em>Margot Marrone alla guida di una delle auto d\u2019epoca dell\u2019attivit\u00e0 di suo marito (ph. Robin M\u00f8rensson)<\/em><\/span><\/p>\n<p>A gennaio inizier\u00e0 a insegnare italiano e francese nel piccolo comune in cui vive con il marito nel sud della <strong>Danimarca<\/strong>. Una zona agricola al confine con la Germania, a 8 km dal Mare del Nord.<\/p>\n<p>Da poco pi\u00f9 di due anni questo \u00e8 il nuovo regno di <strong>Margot Marrone<\/strong>, fonte di ispirazione per la sua scrittura.<\/p>\n<p>Anche in videochiamata, l\u2019energia contagiosa dell\u2019autrice di <span style=\"text-decoration: underline;\"><a href=\"https:\/\/imagazine.it\/home_desk\/nasce-in-friuli-il-noir-femminile-che-rilancia-leditrice-noripios\/\">\u201c<em>Gli alberi muovono il vento<\/em>\u201d (Noripios Edizioni)<\/a><\/span> mette di buon umore.<\/p>\n<p>\u00abLa Danimarca \u2013 confida la scrittrice \u2013 ricorda il Friuli e l\u2019Italia degli anni \u201980, con quella tranquillit\u00e0 e pulizia dei rapporti. Io e mio marito l\u2019abbiamo scoperta quasi per caso: dovevamo andare nelle Fiandre, poi l\u2019alluvione fece saltare il viaggio e decidemmo di visitare la Danimarca. Siamo rimasti affascinati\u00bb.<\/p>\n<p>Tanto da trasferire armi e bagagli nel giro di un anno, compresa l\u2019attivit\u00e0 di compravendita di auto d\u2019epoca di lui.<\/p>\n<p>\u00abIo invece \u2013 ricorda la protagonista \u2013 sono stata assunta da un\u2019associazione che offre corsi di lingue nei comuni della Danimarca. Le lingue pi\u00f9 gettonate sono l\u2019italiano e il francese. L\u2019italiano in particolare perch\u00e9 i danesi adorano l\u2019Italia: ne hanno una visione molto romantica. Siccome vengono spesso in vacanza nel nostro Paese, in molti desiderano conoscerne la lingua\u00bb.<\/p>\n<p><strong>Margot, facciamo un po\u2019 di ordine: nata in Francia e residente in Danimarca. Eppure possiamo definirla friulana\u2026<\/strong><\/p>\n<p>\u00abSono venuta in Italia a 4 anni, a Udine. Mio padre, orfano di guerra, era nato e cresciuto in Friuli, a Tricesimo. Dal mio arrivo ho sempre vissuto l\u00ec, anche se tre mesi all\u2019anno d\u2019estate tornavo in Francia con mia mamma, francese. A met\u00e0 anni \u201980 ci trasferimmo da Udine ad Ara di Tricesimo dove ho imparato il friulano che, all\u2019epoca, ci si vergognava di parlare in citt\u00e0\u00bb.<\/p>\n<p><strong>Oggi cosa le manca del Friuli?<\/strong><\/p>\n<p>\u00abLe montagne, le nostre Alpi. Io e mio marito ci andavamo sempre in camper. E ovviamente mi mancano le amicizie e la lingua, anche se i venerd\u00ec faccio sempre videochiamate per aperitivi e caff\u00e8 con le amiche friulane. Io sono molto radicata alla terra, ma in un certo senso sono una sradicata. In Francia mi dicevano \u201c<em>ecco l\u2019italiana<\/em>\u201d, quando sono arrivata in Friuli ero \u201c<em>la francesina<\/em>\u201d\u2026 Il senso di appartenenza, ci\u00f2 che ci definisce e che costruiamo nel corso della nostra vita, si ritrova anche all\u2019interno del romanzo\u00bb.<\/p>\n<figure id=\"attachment_60978\" aria-describedby=\"caption-attachment-60978\" style=\"width: 640px\" class=\"wp-caption aligncenter\"><img loading=\"lazy\" decoding=\"async\" class=\"size-large wp-image-60978\" src=\"https:\/\/imagazine.it\/wp-content\/uploads\/2024\/12\/a_Margot-piano-americano7-982x1024.jpg\" alt=\"\" width=\"640\" height=\"667\" title=\"\" srcset=\"https:\/\/imagazine.it\/wp-content\/uploads\/2024\/12\/a_Margot-piano-americano7-982x1024.jpg 982w, https:\/\/imagazine.it\/wp-content\/uploads\/2024\/12\/a_Margot-piano-americano7-288x300.jpg 288w, https:\/\/imagazine.it\/wp-content\/uploads\/2024\/12\/a_Margot-piano-americano7-768x801.jpg 768w, https:\/\/imagazine.it\/wp-content\/uploads\/2024\/12\/a_Margot-piano-americano7-1472x1536.jpg 1472w, https:\/\/imagazine.it\/wp-content\/uploads\/2024\/12\/a_Margot-piano-americano7-1963x2048.jpg 1963w, https:\/\/imagazine.it\/wp-content\/uploads\/2024\/12\/a_Margot-piano-americano7-1024x1068.jpg 1024w\" sizes=\"auto, (max-width: 640px) 100vw, 640px\" \/><figcaption id=\"caption-attachment-60978\" class=\"wp-caption-text\">Margot Marrone scrive sempre a mano la prima stesura dei suoi libri (ph. Nina Korthout)<\/figcaption><\/figure>\n<p><strong>Della Danimarca invece cosa le piace?<\/strong><\/p>\n<p>\u00abL\u2019assenza totale di stress. Lo si percepisce ovunque: nelle persone e nelle cose che si fanno. Nell\u2019ambiente di lavoro la prima cosa che tutti dicono \u00e8 \u201c<em>Niente stress<\/em>\u201d. Sono molto organizzati, si lavora, ma lo si fa con calma e il tempo libero delle persone \u00e8 sacro. Non esiste che il tuo capo ti chiami o ti invii <em>mail <\/em>al di fuori dell\u2019orario lavorativo. Il sabato i negozi chiudono alle 14. E domenica \u00e8 tutto chiuso. Le persone si dedicano molto alla famiglia, alle loro passioni, godendosi il tempo libero. Una cosa che invece in Italia e in Friuli ci \u00e8 stata strappata con violenza e con dolore. E di cui le persone soffrono molto\u00bb.<\/p>\n<p><strong>La passione per la scrittura quando \u00e8 nata?<\/strong><\/p>\n<p>\u00abHo sempre scritto: da bambina tenevo il diario. Avevo un carattere introverso per cui fin da piccola mi rifugiavo spesso nella lettura e nella scrittura. Quando pensavo me stessa da grande mi immaginavo come Virginia Woolf seduta alla finestra mentre osserva la campagna e scrive i suoi libri. Quello che ora, qui in Danimarca, posso finalmente fare. Ho realizzato il sogno da bambina\u00bb.<\/p>\n<p><strong>Il suo romanzo narra una storia di identit\u00e0 e accettazione. Cosa c\u2019\u00e8 di autobiografico?<\/strong><\/p>\n<p>\u00abSe uno scrittore afferma che i propri libri non sono autobiografici mente sapendo di mentire. Qualcosa \u00e8 ovvio che ci sia. Cos\u00ec come c\u2019\u00e8 anche l\u2019invenzione, la finzione, l\u2019immaginazione\u00bb.<\/p>\n<p><strong>Durante la vicenda la protagonista riprende coscienza del suo passato e della sua natura autentica. Un percorso che in qualche modo ha coinvolto anche la vita di Margot Marrone?<\/strong><\/p>\n<p>\u00abNelle prime pagine la protagonista appena si sveglia pensa \u201c<em>Un nuovo giorno sta iniziando e lascia aperte infinite possibilit\u00e0<\/em>\u201d. Ogni giorno che viviamo lascia aperte tante possibilit\u00e0. Quando si va in un posto nuovo, poi, questa sensazione diventa molto forte, quasi inebriante. E ti porta a vedere possibilit\u00e0 che prima non notavi o che magari pensavi non si potessero realizzare. Qui il cambio di abitudini, orari e quotidianit\u00e0 ha probabilmente stimolato la mia creativit\u00e0\u00bb.<\/p>\n<p><strong>Quali sono stati i complimenti che pi\u00f9 ti ha fatto piacere ricevere per il libro?<\/strong><\/p>\n<p>\u00abNe ho ricevuti molti. Tutti mi dicono che una volta iniziato il libro non lo molli. Il massimo per uno scrittore. Mi piace poi che il romanzo venga letto sia da donne che da uomini. Proprio il marito di una conoscente mi ha fatto il complimento pi\u00f9 bello: \u201c<em>Lei non scrive libri, dipinge<\/em>\u201d. Mi ha emozionato. Sono inoltre stata contattata dal figlio del mio professore di letteratura alle superiori, severissimo, che ha chiesto la mia <em>mail <\/em>per inviarmi la sua recensione\u00bb.<\/p>\n<figure id=\"attachment_60979\" aria-describedby=\"caption-attachment-60979\" style=\"width: 800px\" class=\"wp-caption aligncenter\"><img loading=\"lazy\" decoding=\"async\" class=\"size-full wp-image-60979\" src=\"https:\/\/imagazine.it\/wp-content\/uploads\/2024\/12\/Margot-prato2.jpg\" alt=\"\" width=\"800\" height=\"814\" title=\"\" srcset=\"https:\/\/imagazine.it\/wp-content\/uploads\/2024\/12\/Margot-prato2.jpg 800w, https:\/\/imagazine.it\/wp-content\/uploads\/2024\/12\/Margot-prato2-295x300.jpg 295w, https:\/\/imagazine.it\/wp-content\/uploads\/2024\/12\/Margot-prato2-768x781.jpg 768w\" sizes=\"auto, (max-width: 800px) 100vw, 800px\" \/><figcaption id=\"caption-attachment-60979\" class=\"wp-caption-text\">Margot Marrone nella campagna danese assieme alla sua cagnolina Frida (ph. Nina Korthout)<\/figcaption><\/figure>\n<p><strong>Altri progetti editoriali in cantiere?<\/strong><\/p>\n<p>\u00abSto scrivendo un nuovo romanzo, completamente diverso dall\u2019ultimo. Sar\u00e0 una storia con due personaggi anziani\u00bb.<\/p>\n<p><strong>\u00c8 vero che lei scrive i suoi libri a mano?<\/strong><\/p>\n<p>\u00abSempre. Perch\u00e9 sono convinta che il flusso creativo esca dalla mano: se uno scrive a pc questo non accade. Anche la scienza lo dimostra, sono processi cognitivi precisi. Di fronte a una pagina bianca di computer io resto con la testa vuota, immobile. Davanti a un quaderno, invece, anche se non so cosa scrivere parto e l\u2019ispirazione arriva. La mia prima stesura \u00e8 sempre a mano\u00bb.<\/p>\n<p><strong>Prima ha citato Virginia Woolf. Ci sono scrittori a cui si ispira?<\/strong><\/p>\n<p>\u00abSono stata una precoce lettrice di Edgard Allan Poe e Agatha Christie. Il <em>noir <\/em>mi ha sempre affascinata e formata. Nelle mie storie non c\u2019\u00e8 una goccia di sangue. Mi piace indagare le profondit\u00e0 dell\u2019animo umano: il tema del bene e del male mi accompagna sempre. Cos\u00ec come la conoscenza dell\u2019altro. Quando pensiamo di conoscere una persona, in realt\u00e0 non la conosciamo abbastanza\u00bb.<\/p>\n<p><strong>A proposito, il futuro di Margot Marrone sar\u00e0 in Danimarca o in Friuli?<\/strong><\/p>\n<p>\u00abNon progetto di tornare a vivere in Friuli. Ci torno in visita almeno una volta all\u2019anno, ma preferisco restare a vivere in Danimarca\u00bb.<\/p>\n","protected":false},"excerpt":{"rendered":"<p>Nata in Francia e cresciuta in Friuli. Una vacanza con il marito le ha fatto scoprire la Danimarca. \u00abQui lo stress non esiste\u00bb. E nella sua nuova casa ha scritto &#8211; a mano &#8211; un noir capace di stregare la critica. \u00abUn lettore mi ha detto: lei non scrive libri, dipinge\u00bb<\/p>\n","protected":false},"author":3,"featured_media":60980,"comment_status":"closed","ping_status":"closed","sticky":false,"template":"","format":"image","meta":{"dwc-title":[""],"dwc-content":[""],"footnotes":""},"categories":[37],"tags":[2635,1273,273],"class_list":["post-60976","post","type-post","status-publish","format-image","has-post-thumbnail","hentry","category-cultura-e-spettacolo","tag-danimarca","tag-friuli","tag-libri","post_format-post-format-image"],"rttpg_featured_image_url":{"full":["https:\/\/imagazine.it\/wp-content\/uploads\/2024\/12\/IMG_2794.jpg",1366,955,false],"landscape":["https:\/\/imagazine.it\/wp-content\/uploads\/2024\/12\/IMG_2794.jpg",1366,955,false],"portraits":["https:\/\/imagazine.it\/wp-content\/uploads\/2024\/12\/IMG_2794.jpg",1366,955,false],"thumbnail":["https:\/\/imagazine.it\/wp-content\/uploads\/2024\/12\/IMG_2794-150x150.jpg",150,150,true],"medium":["https:\/\/imagazine.it\/wp-content\/uploads\/2024\/12\/IMG_2794-300x210.jpg",300,210,true],"large":["https:\/\/imagazine.it\/wp-content\/uploads\/2024\/12\/IMG_2794-1024x716.jpg",640,448,true],"thumblist":["https:\/\/imagazine.it\/wp-content\/uploads\/2024\/12\/IMG_2794-300x300.jpg",300,300,true],"thumbrelated":["https:\/\/imagazine.it\/wp-content\/uploads\/2024\/12\/IMG_2794-500x500.jpg",500,500,true],"meccarouselthumb":["https:\/\/imagazine.it\/wp-content\/uploads\/2024\/12\/IMG_2794-474x324.jpg",474,324,true],"gridsquare":["https:\/\/imagazine.it\/wp-content\/uploads\/2024\/12\/IMG_2794-391x260.jpg",391,260,true],"tileview":["https:\/\/imagazine.it\/wp-content\/uploads\/2024\/12\/IMG_2794-300x400.jpg",300,400,true],"1536x1536":["https:\/\/imagazine.it\/wp-content\/uploads\/2024\/12\/IMG_2794.jpg",1366,955,false],"2048x2048":["https:\/\/imagazine.it\/wp-content\/uploads\/2024\/12\/IMG_2794.jpg",1366,955,false],"newsup-slider-full":["https:\/\/imagazine.it\/wp-content\/uploads\/2024\/12\/IMG_2794-1280x720.jpg",1280,720,true],"newsup-featured":["https:\/\/imagazine.it\/wp-content\/uploads\/2024\/12\/IMG_2794-1024x716.jpg",1024,716,true],"newsup-medium":["https:\/\/imagazine.it\/wp-content\/uploads\/2024\/12\/IMG_2794-720x380.jpg",720,380,true],"tptn_thumbnail":["https:\/\/imagazine.it\/wp-content\/uploads\/2024\/12\/IMG_2794-250x210.jpg",250,210,true],"sow-carousel-default":["https:\/\/imagazine.it\/wp-content\/uploads\/2024\/12\/IMG_2794-272x182.jpg",272,182,true]},"rttpg_author":{"display_name":"Andrea Doncovio","author_link":"https:\/\/imagazine.it\/home_desk\/author\/andrea\/"},"rttpg_comment":0,"rttpg_category":"<a href=\"https:\/\/imagazine.it\/home_desk\/category\/cultura-e-spettacolo\/\" rel=\"category tag\">CULTURA&amp;SPETTACOLO<\/a>","rttpg_excerpt":"Nata in Francia e cresciuta in Friuli. Una vacanza con il marito le ha fatto scoprire la Danimarca. \u00abQui lo stress non esiste\u00bb. E nella sua nuova casa ha scritto - a mano - un noir capace di stregare la critica. \u00abUn lettore mi ha detto: lei non scrive libri, dipinge\u00bb","_links":{"self":[{"href":"https:\/\/imagazine.it\/home_desk\/wp-json\/wp\/v2\/posts\/60976","targetHints":{"allow":["GET"]}}],"collection":[{"href":"https:\/\/imagazine.it\/home_desk\/wp-json\/wp\/v2\/posts"}],"about":[{"href":"https:\/\/imagazine.it\/home_desk\/wp-json\/wp\/v2\/types\/post"}],"author":[{"embeddable":true,"href":"https:\/\/imagazine.it\/home_desk\/wp-json\/wp\/v2\/users\/3"}],"replies":[{"embeddable":true,"href":"https:\/\/imagazine.it\/home_desk\/wp-json\/wp\/v2\/comments?post=60976"}],"version-history":[{"count":0,"href":"https:\/\/imagazine.it\/home_desk\/wp-json\/wp\/v2\/posts\/60976\/revisions"}],"wp:featuredmedia":[{"embeddable":true,"href":"https:\/\/imagazine.it\/home_desk\/wp-json\/wp\/v2\/media\/60980"}],"wp:attachment":[{"href":"https:\/\/imagazine.it\/home_desk\/wp-json\/wp\/v2\/media?parent=60976"}],"wp:term":[{"taxonomy":"category","embeddable":true,"href":"https:\/\/imagazine.it\/home_desk\/wp-json\/wp\/v2\/categories?post=60976"},{"taxonomy":"post_tag","embeddable":true,"href":"https:\/\/imagazine.it\/home_desk\/wp-json\/wp\/v2\/tags?post=60976"}],"curies":[{"name":"wp","href":"https:\/\/api.w.org\/{rel}","templated":true}]}}