{"id":60955,"date":"2024-12-10T16:54:22","date_gmt":"2024-12-10T15:54:22","guid":{"rendered":"https:\/\/imagazine.it\/home_desk\/?p=60955"},"modified":"2024-12-11T14:46:43","modified_gmt":"2024-12-11T13:46:43","slug":"cividale-mittelyoung-scalda-i-motori","status":"publish","type":"post","link":"https:\/\/imagazine.it\/home_desk\/cividale-mittelyoung-scalda-i-motori\/","title":{"rendered":"Cividale: Mittelyoung scalda i motori"},"content":{"rendered":"<p>CIVIDALE DEL FRIULI \u2013 Per la quinta edizione di <strong>Mittelyoung<\/strong> sono due le <em>open call <\/em>in partenza per coinvolgere sempre pi\u00f9 ragazzi in un progetto nato per valorizzare e sostenere la creativit\u00e0, il talento e la capacit\u00e0 espressiva delle nuove generazioni.<\/p>\n<p>Gioved\u00ec 12 dicembre si apre il <strong>bando internazionale dedicato a compagnie e artisti mitteleuropei under 30<\/strong>, chiamati a proporre spettacoli di teatro, musica, danza e circo dedicati a <strong><em>Tab\u00f9<\/em><\/strong>, il tema scelto dal direttore artistico <strong>Giacomo Pedini<\/strong> per il 2025.<\/p>\n<p>Come dalla prima edizione, a Mittelyoung sono proprio i <strong>giovani a valutare le proposte artistiche dei propri coetanei<\/strong> dedicate ai <em>Tab\u00f9<\/em>: tutte le candidature, infatti, saranno vagliate dal gruppo di <em>curatores<\/em>, anch\u2019essi under 30.<\/p>\n<p>I curatores devono selezionare i 9 spettacoli che formeranno il cartellone di Mittelyoung (a Cividale <strong>dal 15 al 18 maggio 2025<\/strong>) e, successivamente, i tre titoli vincitori che torneranno in scena a <strong>Mittelfest dal 18 al 27 luglio<\/strong>.<\/p>\n<p>Oltre all\u2019affiancamento di Pedini negli incontri utili alla selezione, i ragazzi hanno l\u2019opportunit\u00e0 di seguire anche una serie di webinar con altri direttori artistici italiani ed europei, ascoltabili sul canale <strong>Spotify Mittelpod 2.0<\/strong> e accessibili anche dal nuovo sito Mittelfest.<\/p>\n<p>La call dedicata ai curatores si apre sempre il 12 dicembre (e si chiude il 12 gennaio) ed \u00e8 aperta a ragazzi tra i 18 e i 30 anni.<\/p>\n<p>Entrambe le call sono consultabili sul sito <strong>mittelfest.org<\/strong>, appena rinnovato nell\u2019estetica e nella navigazione.<\/p>\n<p>Il bando Mittelyoung <strong>si chiude il 12 febbraio<\/strong> ed \u00e8 rivolto ad artisti di Albania, Austria, Belgio, Bielorussia, Bosnia ed Erzegovina, Bulgaria, Croazia, Estonia, Germania, Grecia, Italia, Kosovo, Lettonia, Lituania, Macedonia del Nord, Moldavia, Montenegro, Paesi Bassi, Polonia, Repubblica Ceca, Romania, Serbia, Slovacchia, Slovenia, Svizzera, Ucraina, Ungheria.<\/p>\n<p>Coordinato dal direttore artistico, il gruppo di curatores 2025 \u00e8 formato grazie alla collaborazione di Accademia Eleonora Duse\u00a0Centro Sperimentale di Cinema e Arti Performative, Associazione culturale Arearea, Conservatorio Statale di Musica Giuseppe Tartini di Trieste, Conservatorio Statale di Musica Jacopo Tomadini di Udine, Fondazione Luigi Bon, Universit\u00e0 degli Studi di Trieste, Universit\u00e0 degli Studi di Udine, SNG Nova Gorica (Slovenia), Associazione culturale Circo all\u2019incirca, Convitto Nazionale Paolo Diacono, Istituto Tecnico Arturo Malignani, Scuola di Danza Erica Bront, Teatro Club Udine \u2013 Palio Teatrale Studentesco.<\/p>\n","protected":false},"excerpt":{"rendered":"<p>Mittelfest cerca giovani artisti e nuovi curatores. Aperte due call in vista dell&#8217;edizione 2025 della rassegna internazionale under 30<\/p>\n","protected":false},"author":28,"featured_media":60956,"comment_status":"closed","ping_status":"closed","sticky":false,"template":"","format":"image","meta":{"dwc-title":[""],"dwc-content":[""],"footnotes":""},"categories":[37],"tags":[165,170,83,823,822,821],"class_list":["post-60955","post","type-post","status-publish","format-image","has-post-thumbnail","hentry","category-cultura-e-spettacolo","tag-arte","tag-cividale","tag-giovani","tag-mittelfest","tag-mittelyoung","tag-spettacoli","post_format-post-format-image"],"rttpg_featured_image_url":{"full":["https:\/\/imagazine.it\/wp-content\/uploads\/2024\/12\/MY24_0718_CULTURA_MUSEO-ARCHEOLOGICO-NAZIONALE_TWISTED-WORLD_LDA_019.jpg",1366,911,false],"landscape":["https:\/\/imagazine.it\/wp-content\/uploads\/2024\/12\/MY24_0718_CULTURA_MUSEO-ARCHEOLOGICO-NAZIONALE_TWISTED-WORLD_LDA_019.jpg",1366,911,false],"portraits":["https:\/\/imagazine.it\/wp-content\/uploads\/2024\/12\/MY24_0718_CULTURA_MUSEO-ARCHEOLOGICO-NAZIONALE_TWISTED-WORLD_LDA_019.jpg",1366,911,false],"thumbnail":["https:\/\/imagazine.it\/wp-content\/uploads\/2024\/12\/MY24_0718_CULTURA_MUSEO-ARCHEOLOGICO-NAZIONALE_TWISTED-WORLD_LDA_019-150x150.jpg",150,150,true],"medium":["https:\/\/imagazine.it\/wp-content\/uploads\/2024\/12\/MY24_0718_CULTURA_MUSEO-ARCHEOLOGICO-NAZIONALE_TWISTED-WORLD_LDA_019-300x200.jpg",300,200,true],"large":["https:\/\/imagazine.it\/wp-content\/uploads\/2024\/12\/MY24_0718_CULTURA_MUSEO-ARCHEOLOGICO-NAZIONALE_TWISTED-WORLD_LDA_019-1024x683.jpg",640,427,true],"thumblist":["https:\/\/imagazine.it\/wp-content\/uploads\/2024\/12\/MY24_0718_CULTURA_MUSEO-ARCHEOLOGICO-NAZIONALE_TWISTED-WORLD_LDA_019-300x300.jpg",300,300,true],"thumbrelated":["https:\/\/imagazine.it\/wp-content\/uploads\/2024\/12\/MY24_0718_CULTURA_MUSEO-ARCHEOLOGICO-NAZIONALE_TWISTED-WORLD_LDA_019-500x500.jpg",500,500,true],"meccarouselthumb":["https:\/\/imagazine.it\/wp-content\/uploads\/2024\/12\/MY24_0718_CULTURA_MUSEO-ARCHEOLOGICO-NAZIONALE_TWISTED-WORLD_LDA_019-474x324.jpg",474,324,true],"gridsquare":["https:\/\/imagazine.it\/wp-content\/uploads\/2024\/12\/MY24_0718_CULTURA_MUSEO-ARCHEOLOGICO-NAZIONALE_TWISTED-WORLD_LDA_019-391x260.jpg",391,260,true],"tileview":["https:\/\/imagazine.it\/wp-content\/uploads\/2024\/12\/MY24_0718_CULTURA_MUSEO-ARCHEOLOGICO-NAZIONALE_TWISTED-WORLD_LDA_019-300x400.jpg",300,400,true],"1536x1536":["https:\/\/imagazine.it\/wp-content\/uploads\/2024\/12\/MY24_0718_CULTURA_MUSEO-ARCHEOLOGICO-NAZIONALE_TWISTED-WORLD_LDA_019.jpg",1366,911,false],"2048x2048":["https:\/\/imagazine.it\/wp-content\/uploads\/2024\/12\/MY24_0718_CULTURA_MUSEO-ARCHEOLOGICO-NAZIONALE_TWISTED-WORLD_LDA_019.jpg",1366,911,false],"newsup-slider-full":["https:\/\/imagazine.it\/wp-content\/uploads\/2024\/12\/MY24_0718_CULTURA_MUSEO-ARCHEOLOGICO-NAZIONALE_TWISTED-WORLD_LDA_019-1280x720.jpg",1280,720,true],"newsup-featured":["https:\/\/imagazine.it\/wp-content\/uploads\/2024\/12\/MY24_0718_CULTURA_MUSEO-ARCHEOLOGICO-NAZIONALE_TWISTED-WORLD_LDA_019-1024x683.jpg",1024,683,true],"newsup-medium":["https:\/\/imagazine.it\/wp-content\/uploads\/2024\/12\/MY24_0718_CULTURA_MUSEO-ARCHEOLOGICO-NAZIONALE_TWISTED-WORLD_LDA_019-720x380.jpg",720,380,true],"tptn_thumbnail":["https:\/\/imagazine.it\/wp-content\/uploads\/2024\/12\/MY24_0718_CULTURA_MUSEO-ARCHEOLOGICO-NAZIONALE_TWISTED-WORLD_LDA_019-250x210.jpg",250,210,true],"sow-carousel-default":["https:\/\/imagazine.it\/wp-content\/uploads\/2024\/12\/MY24_0718_CULTURA_MUSEO-ARCHEOLOGICO-NAZIONALE_TWISTED-WORLD_LDA_019-272x182.jpg",272,182,true]},"rttpg_author":{"display_name":"redazione","author_link":"https:\/\/imagazine.it\/home_desk\/author\/redazione\/"},"rttpg_comment":0,"rttpg_category":"<a href=\"https:\/\/imagazine.it\/home_desk\/category\/cultura-e-spettacolo\/\" rel=\"category tag\">CULTURA&amp;SPETTACOLO<\/a>","rttpg_excerpt":"Mittelfest cerca giovani artisti e nuovi curatores. Aperte due call in vista dell'edizione 2025 della rassegna internazionale under 30","_links":{"self":[{"href":"https:\/\/imagazine.it\/home_desk\/wp-json\/wp\/v2\/posts\/60955","targetHints":{"allow":["GET"]}}],"collection":[{"href":"https:\/\/imagazine.it\/home_desk\/wp-json\/wp\/v2\/posts"}],"about":[{"href":"https:\/\/imagazine.it\/home_desk\/wp-json\/wp\/v2\/types\/post"}],"author":[{"embeddable":true,"href":"https:\/\/imagazine.it\/home_desk\/wp-json\/wp\/v2\/users\/28"}],"replies":[{"embeddable":true,"href":"https:\/\/imagazine.it\/home_desk\/wp-json\/wp\/v2\/comments?post=60955"}],"version-history":[{"count":0,"href":"https:\/\/imagazine.it\/home_desk\/wp-json\/wp\/v2\/posts\/60955\/revisions"}],"wp:featuredmedia":[{"embeddable":true,"href":"https:\/\/imagazine.it\/home_desk\/wp-json\/wp\/v2\/media\/60956"}],"wp:attachment":[{"href":"https:\/\/imagazine.it\/home_desk\/wp-json\/wp\/v2\/media?parent=60955"}],"wp:term":[{"taxonomy":"category","embeddable":true,"href":"https:\/\/imagazine.it\/home_desk\/wp-json\/wp\/v2\/categories?post=60955"},{"taxonomy":"post_tag","embeddable":true,"href":"https:\/\/imagazine.it\/home_desk\/wp-json\/wp\/v2\/tags?post=60955"}],"curies":[{"name":"wp","href":"https:\/\/api.w.org\/{rel}","templated":true}]}}