{"id":60895,"date":"2024-12-09T15:45:26","date_gmt":"2024-12-09T14:45:26","guid":{"rendered":"https:\/\/imagazine.it\/home_desk\/?p=60895"},"modified":"2024-12-10T10:12:23","modified_gmt":"2024-12-10T09:12:23","slug":"trieste-artistica-81-protagonista-al-campionato-italiano","status":"publish","type":"post","link":"https:\/\/imagazine.it\/home_desk\/trieste-artistica-81-protagonista-al-campionato-italiano\/","title":{"rendered":"Trieste: Artistica &#8217;81 protagonista al Campionato Italiano"},"content":{"rendered":"<p>Trieste: Artistica &#8217;81 protagonista<\/p>\n<p>TRIESTE \u2013 L\u2019<strong>Artistica<\/strong> <strong>\u201981 Trieste<\/strong> \u00e8 la societ\u00e0 pi\u00f9 medagliata al <strong>Campionato Italiano di Categoria<\/strong> svolto nel weekend a Fano.<\/p>\n<p>Un risultato realizzato grazie al contributo di tutte le ginnaste, seguite dall\u2019allenatore <strong>Diego Pecar<\/strong>, insieme a <strong>Tea Ugrin<\/strong>.<\/p>\n<p>Il bottino registra tre medaglie d\u2019oro, due d\u2019argento e tre di bronzo, con <strong>Benedetta Gava, Emma Puato, Maddalena Magrini, Emma Furlan, Matilde Bianco, Romina Spadaro, Lisa Emili ed Anthea Sisto dell\u2019Aiace<\/strong>.<\/p>\n<p>Per le Junior 3 Benedetta Gava \u00e8 seconda nel concorso \u201call-round\u201d, prima al volteggio, seconda alle parallele e prima al corpo libero, anche con un\u2019ottima trave, che le vale un quinto piazzamento.<\/p>\n<p>Emma Puato \u00e8 terza \u201call-around\u201d, stessa posizione anche al volteggio, prima invece alla trave. Soddisfazione per l\u2019atleta anche al corpo libero, dove \u00e8 quarta, e alle parallele, quinta.<\/p>\n<p>Per le Senior 2 Maddalena Magrini conclude la prestazione con due quarti posti, al concorso generale e alle parallele, Emma Furlan \u00e8 nona nella classifica complessiva e quinta alla trave, Matilde Bianco 18esima, Romina Spadaro 21esima.<\/p>\n<p>Per le Junior 2 Lisa Emili \u00e8 undicesima nell\u2019\u201call around\u201d, terza alle parallele, infine Anthea Sisio della Societa Aiace, che si allena all\u2019Artistica \u201881 da pi\u00f9 di un anno, \u00e8 quinta al concorso generale e oro al volteggio.<\/p>\n<p>La competizione regala grandi gratificazioni a tutto il gruppo di atlete e alla societ\u00e0, che solo pochi giorni fa ha dato ufficialmente il via alla nuova stagione sportiva.l Campionato Italiano<\/p>\n","protected":false},"excerpt":{"rendered":"<p>Le ginnaste seguite dagli allenatori Diego Pecar e Tea Ugrin sono risultate le pi\u00f9 medagliate nelle gare di Fano<\/p>\n","protected":false},"author":28,"featured_media":60896,"comment_status":"closed","ping_status":"closed","sticky":false,"template":"","format":"image","meta":{"dwc-title":[""],"dwc-content":[""],"footnotes":""},"categories":[38],"tags":[476,1165,65],"class_list":["post-60895","post","type-post","status-publish","format-image","has-post-thumbnail","hentry","category-sport","tag-ginnastica","tag-medaglie","tag-trieste","post_format-post-format-image"],"rttpg_featured_image_url":{"full":["https:\/\/imagazine.it\/wp-content\/uploads\/2024\/12\/foto-gruppo-Fano.jpeg",1366,903,false],"landscape":["https:\/\/imagazine.it\/wp-content\/uploads\/2024\/12\/foto-gruppo-Fano.jpeg",1366,903,false],"portraits":["https:\/\/imagazine.it\/wp-content\/uploads\/2024\/12\/foto-gruppo-Fano.jpeg",1366,903,false],"thumbnail":["https:\/\/imagazine.it\/wp-content\/uploads\/2024\/12\/foto-gruppo-Fano-150x150.jpeg",150,150,true],"medium":["https:\/\/imagazine.it\/wp-content\/uploads\/2024\/12\/foto-gruppo-Fano-300x198.jpeg",300,198,true],"large":["https:\/\/imagazine.it\/wp-content\/uploads\/2024\/12\/foto-gruppo-Fano-1024x677.jpeg",640,423,true],"thumblist":["https:\/\/imagazine.it\/wp-content\/uploads\/2024\/12\/foto-gruppo-Fano-300x300.jpeg",300,300,true],"thumbrelated":["https:\/\/imagazine.it\/wp-content\/uploads\/2024\/12\/foto-gruppo-Fano-500x500.jpeg",500,500,true],"meccarouselthumb":["https:\/\/imagazine.it\/wp-content\/uploads\/2024\/12\/foto-gruppo-Fano-474x324.jpeg",474,324,true],"gridsquare":["https:\/\/imagazine.it\/wp-content\/uploads\/2024\/12\/foto-gruppo-Fano-391x260.jpeg",391,260,true],"tileview":["https:\/\/imagazine.it\/wp-content\/uploads\/2024\/12\/foto-gruppo-Fano-300x400.jpeg",300,400,true],"1536x1536":["https:\/\/imagazine.it\/wp-content\/uploads\/2024\/12\/foto-gruppo-Fano.jpeg",1366,903,false],"2048x2048":["https:\/\/imagazine.it\/wp-content\/uploads\/2024\/12\/foto-gruppo-Fano.jpeg",1366,903,false],"newsup-slider-full":["https:\/\/imagazine.it\/wp-content\/uploads\/2024\/12\/foto-gruppo-Fano-1280x720.jpeg",1280,720,true],"newsup-featured":["https:\/\/imagazine.it\/wp-content\/uploads\/2024\/12\/foto-gruppo-Fano-1024x677.jpeg",1024,677,true],"newsup-medium":["https:\/\/imagazine.it\/wp-content\/uploads\/2024\/12\/foto-gruppo-Fano-720x380.jpeg",720,380,true],"tptn_thumbnail":["https:\/\/imagazine.it\/wp-content\/uploads\/2024\/12\/foto-gruppo-Fano-250x210.jpeg",250,210,true],"sow-carousel-default":["https:\/\/imagazine.it\/wp-content\/uploads\/2024\/12\/foto-gruppo-Fano-272x182.jpeg",272,182,true]},"rttpg_author":{"display_name":"redazione","author_link":"https:\/\/imagazine.it\/home_desk\/author\/redazione\/"},"rttpg_comment":0,"rttpg_category":"<a href=\"https:\/\/imagazine.it\/home_desk\/category\/sport\/\" rel=\"category tag\">SPORT<\/a>","rttpg_excerpt":"Le ginnaste seguite dagli allenatori Diego Pecar e Tea Ugrin sono risultate le pi\u00f9 medagliate nelle gare di Fano","_links":{"self":[{"href":"https:\/\/imagazine.it\/home_desk\/wp-json\/wp\/v2\/posts\/60895","targetHints":{"allow":["GET"]}}],"collection":[{"href":"https:\/\/imagazine.it\/home_desk\/wp-json\/wp\/v2\/posts"}],"about":[{"href":"https:\/\/imagazine.it\/home_desk\/wp-json\/wp\/v2\/types\/post"}],"author":[{"embeddable":true,"href":"https:\/\/imagazine.it\/home_desk\/wp-json\/wp\/v2\/users\/28"}],"replies":[{"embeddable":true,"href":"https:\/\/imagazine.it\/home_desk\/wp-json\/wp\/v2\/comments?post=60895"}],"version-history":[{"count":0,"href":"https:\/\/imagazine.it\/home_desk\/wp-json\/wp\/v2\/posts\/60895\/revisions"}],"wp:featuredmedia":[{"embeddable":true,"href":"https:\/\/imagazine.it\/home_desk\/wp-json\/wp\/v2\/media\/60896"}],"wp:attachment":[{"href":"https:\/\/imagazine.it\/home_desk\/wp-json\/wp\/v2\/media?parent=60895"}],"wp:term":[{"taxonomy":"category","embeddable":true,"href":"https:\/\/imagazine.it\/home_desk\/wp-json\/wp\/v2\/categories?post=60895"},{"taxonomy":"post_tag","embeddable":true,"href":"https:\/\/imagazine.it\/home_desk\/wp-json\/wp\/v2\/tags?post=60895"}],"curies":[{"name":"wp","href":"https:\/\/api.w.org\/{rel}","templated":true}]}}