{"id":60882,"date":"2024-12-08T18:22:35","date_gmt":"2024-12-08T17:22:35","guid":{"rendered":"https:\/\/imagazine.it\/home_desk\/?p=60882"},"modified":"2024-12-09T11:32:04","modified_gmt":"2024-12-09T10:32:04","slug":"in-5mila-per-gustare-il-cibo-buono-di-trieste","status":"publish","type":"post","link":"https:\/\/imagazine.it\/home_desk\/in-5mila-per-gustare-il-cibo-buono-di-trieste\/","title":{"rendered":"In 5mila per gustare il cibo buono di Trieste"},"content":{"rendered":"<p>TRIESTE \u2013 Si \u00e8 conclusa con un bilancio positivo la due giorni di <strong><em>Farmer &amp; Artist 2024<\/em><\/strong>, la manifestazione che ha animato lo storico <strong>Mercato Coperto di Trieste<\/strong> con i sapori e i profumi del territorio.<\/p>\n<p><strong>Oltre 5.000 persone<\/strong> hanno affollato gli stand di <strong>46 produttori<\/strong>, tra cui <strong>16 Pres\u00ecdi Slow Food<\/strong>, provenienti da Trieste, Carso, Friuli, Istria e dalle Alpi venete e lombarde.<\/p>\n<p>L&#8217;evento, organizzato dal <strong>GAL Carso &#8211; LAS Kras<\/strong> insieme al <strong>Comune di Trieste<\/strong>, <strong>Slow Food Italia<\/strong> e <strong>Campagna Amica<\/strong>, ha offerto ai visitatori un&#8217;occasione unica per scoprire le eccellenze enogastronomiche locali, partecipare a degustazioni e laboratori, e assistere a spettacoli musicali.<\/p>\n<p>\u201cSiamo felici che migliaia tra triestini e turisti siano venuti al Mercato Coperto e che per almeno due giorni lo abbiano reso cos\u00ec vivace\u201d, ha dichiarato <strong>David Pizziga<\/strong>, presidente del GAL Carso &#8211; LAS Kras.<\/p>\n<p>\u201cQuesta \u00e8 la prova che Trieste pu\u00f2 e deve avere al suo centro un&#8217;offerta di cibo locale di alta qualit\u00e0, anche dal punto di vista organolettico, e realizzato in modo sostenibile. Siamo a disposizione delle istituzioni pubbliche e delle aziende di questo nostro territorio di confine per sviluppare al Mercato Coperto, e non solo, tutto quello di cui la filiera corta ha bisogno e di cui ha bisogno la citt\u00e0 per nutrirsi in maniera sana, nel benessere del corpo e dello spirito\u201d.<\/p>\n<p><img loading=\"lazy\" decoding=\"async\" class=\"aligncenter size-full wp-image-60884\" src=\"https:\/\/imagazine.it\/wp-content\/uploads\/2024\/12\/1000136917.jpg\" alt=\"\" width=\"1000\" height=\"667\" title=\"\" srcset=\"https:\/\/imagazine.it\/wp-content\/uploads\/2024\/12\/1000136917.jpg 1000w, https:\/\/imagazine.it\/wp-content\/uploads\/2024\/12\/1000136917-300x200.jpg 300w, https:\/\/imagazine.it\/wp-content\/uploads\/2024\/12\/1000136917-768x512.jpg 768w, https:\/\/imagazine.it\/wp-content\/uploads\/2024\/12\/1000136917-391x260.jpg 391w, https:\/\/imagazine.it\/wp-content\/uploads\/2024\/12\/1000136917-272x182.jpg 272w\" sizes=\"auto, (max-width: 1000px) 100vw, 1000px\" \/><\/p>\n","protected":false},"excerpt":{"rendered":"<p>Bilancio positivo per Farmer &#038; Artist 2024, con gli stand dei 46 produttori affollati all&#8217;interno dello storico Mercato Coperto <\/p>\n","protected":false},"author":28,"featured_media":60883,"comment_status":"closed","ping_status":"closed","sticky":false,"template":"","format":"image","meta":{"dwc-title":[""],"dwc-content":[""],"footnotes":""},"categories":[5],"tags":[417,1569,1922,65],"class_list":["post-60882","post","type-post","status-publish","format-image","has-post-thumbnail","hentry","category-attualita","tag-food","tag-slow-food","tag-territorio","tag-trieste","post_format-post-format-image"],"rttpg_featured_image_url":{"full":["https:\/\/imagazine.it\/wp-content\/uploads\/2024\/12\/GCA_3875.jpg",1366,844,false],"landscape":["https:\/\/imagazine.it\/wp-content\/uploads\/2024\/12\/GCA_3875.jpg",1366,844,false],"portraits":["https:\/\/imagazine.it\/wp-content\/uploads\/2024\/12\/GCA_3875.jpg",1366,844,false],"thumbnail":["https:\/\/imagazine.it\/wp-content\/uploads\/2024\/12\/GCA_3875-150x150.jpg",150,150,true],"medium":["https:\/\/imagazine.it\/wp-content\/uploads\/2024\/12\/GCA_3875-300x185.jpg",300,185,true],"large":["https:\/\/imagazine.it\/wp-content\/uploads\/2024\/12\/GCA_3875-1024x633.jpg",640,396,true],"thumblist":["https:\/\/imagazine.it\/wp-content\/uploads\/2024\/12\/GCA_3875-300x300.jpg",300,300,true],"thumbrelated":["https:\/\/imagazine.it\/wp-content\/uploads\/2024\/12\/GCA_3875-500x500.jpg",500,500,true],"meccarouselthumb":["https:\/\/imagazine.it\/wp-content\/uploads\/2024\/12\/GCA_3875-474x324.jpg",474,324,true],"gridsquare":["https:\/\/imagazine.it\/wp-content\/uploads\/2024\/12\/GCA_3875-391x260.jpg",391,260,true],"tileview":["https:\/\/imagazine.it\/wp-content\/uploads\/2024\/12\/GCA_3875-300x400.jpg",300,400,true],"1536x1536":["https:\/\/imagazine.it\/wp-content\/uploads\/2024\/12\/GCA_3875.jpg",1366,844,false],"2048x2048":["https:\/\/imagazine.it\/wp-content\/uploads\/2024\/12\/GCA_3875.jpg",1366,844,false],"newsup-slider-full":["https:\/\/imagazine.it\/wp-content\/uploads\/2024\/12\/GCA_3875-1280x720.jpg",1280,720,true],"newsup-featured":["https:\/\/imagazine.it\/wp-content\/uploads\/2024\/12\/GCA_3875-1024x633.jpg",1024,633,true],"newsup-medium":["https:\/\/imagazine.it\/wp-content\/uploads\/2024\/12\/GCA_3875-720x380.jpg",720,380,true],"tptn_thumbnail":["https:\/\/imagazine.it\/wp-content\/uploads\/2024\/12\/GCA_3875-250x210.jpg",250,210,true],"sow-carousel-default":["https:\/\/imagazine.it\/wp-content\/uploads\/2024\/12\/GCA_3875-272x182.jpg",272,182,true]},"rttpg_author":{"display_name":"redazione","author_link":"https:\/\/imagazine.it\/home_desk\/author\/redazione\/"},"rttpg_comment":0,"rttpg_category":"<a href=\"https:\/\/imagazine.it\/home_desk\/category\/attualita\/\" rel=\"category tag\">ATTUALIT\u00c0<\/a>","rttpg_excerpt":"Bilancio positivo per Farmer & Artist 2024, con gli stand dei 46 produttori affollati all'interno dello storico Mercato Coperto","_links":{"self":[{"href":"https:\/\/imagazine.it\/home_desk\/wp-json\/wp\/v2\/posts\/60882","targetHints":{"allow":["GET"]}}],"collection":[{"href":"https:\/\/imagazine.it\/home_desk\/wp-json\/wp\/v2\/posts"}],"about":[{"href":"https:\/\/imagazine.it\/home_desk\/wp-json\/wp\/v2\/types\/post"}],"author":[{"embeddable":true,"href":"https:\/\/imagazine.it\/home_desk\/wp-json\/wp\/v2\/users\/28"}],"replies":[{"embeddable":true,"href":"https:\/\/imagazine.it\/home_desk\/wp-json\/wp\/v2\/comments?post=60882"}],"version-history":[{"count":0,"href":"https:\/\/imagazine.it\/home_desk\/wp-json\/wp\/v2\/posts\/60882\/revisions"}],"wp:featuredmedia":[{"embeddable":true,"href":"https:\/\/imagazine.it\/home_desk\/wp-json\/wp\/v2\/media\/60883"}],"wp:attachment":[{"href":"https:\/\/imagazine.it\/home_desk\/wp-json\/wp\/v2\/media?parent=60882"}],"wp:term":[{"taxonomy":"category","embeddable":true,"href":"https:\/\/imagazine.it\/home_desk\/wp-json\/wp\/v2\/categories?post=60882"},{"taxonomy":"post_tag","embeddable":true,"href":"https:\/\/imagazine.it\/home_desk\/wp-json\/wp\/v2\/tags?post=60882"}],"curies":[{"name":"wp","href":"https:\/\/api.w.org\/{rel}","templated":true}]}}