{"id":60861,"date":"2024-12-06T18:23:11","date_gmt":"2024-12-06T17:23:11","guid":{"rendered":"https:\/\/imagazine.it\/home_desk\/?p=60861"},"modified":"2024-12-09T18:38:35","modified_gmt":"2024-12-09T17:38:35","slug":"torna-a-volare-laquila-reale-curata-in-friuli","status":"publish","type":"post","link":"https:\/\/imagazine.it\/home_desk\/torna-a-volare-laquila-reale-curata-in-friuli\/","title":{"rendered":"Torna a volare l&#8217;aquila reale curata in Friuli"},"content":{"rendered":"<p><span style=\"font-size: 10pt;\"><em>Personale sanitario del Centro di ricerca e coordinamento per il recupero della fauna selvatica<\/em><\/span><\/p>\n<p>UDINE \u2013 L\u2019aquila reale soprannominata <strong>Leonardo<\/strong>, recuperata nel 2023 in condizioni critiche, \u00e8 stata liberata ed \u00e8 tornata a volare sopra le Alpi del Friuli Venezia dopo essere stata curata e guarita nel <strong>Centro di recupero della fauna selvatica dell\u2019Universit\u00e0 di Udine<\/strong>.<\/p>\n<p>Leonardo \u00e8 stato dotato di un <strong>sensore Gps satellitare<\/strong>, mai utilizzato prima su questa specie nelle Alpi orientali.<\/p>\n<p>Il dispositivo, leggero e non invasivo, consentir\u00e0 ai ricercatori dell\u2019Ateneo friulano di monitorare i movimenti e il comportamento territoriale dell\u2019animale, fornendo dati preziosi per la conservazione della specie.<\/p>\n<h3><strong>l rilascio dalla Riserva del Cornino<\/strong><\/h3>\n<p>L\u2019aquila \u00e8 stata rilasciata in natura \u00e8 avvenuto presso il sito di alimentazione per rapaci nella Riserva regionale naturale del <strong>Lago di Cornino di Forgaria nel Friuli<\/strong> (gestito dalla Cooperativa Pavees).<\/p>\n<p>Il luogo \u00e8 stato scelto per garantire una fonte sicura di cibo nel periodo critico post-liberazione.<\/p>\n<p>Nelle Alpi del Friuli Venezia Giulia si contano poche decine di coppie di aquile reali, monitorate principalmente attraverso censimenti degli individui e dei loro siti di nidificazione.<\/p>\n<p>Prima del rilascio sono stati raccolti dati biometrici e applicato un anello metallico identificativo sulla zampa destra da <strong>Pierluigi Taiariol<\/strong>, inanellatore autorizzato dall\u2019Istituto superiore per la protezione e la ricerca ambientale (Ispra).<\/p>\n<h3><strong>La cura e la guarigione<\/strong><\/h3>\n<p>Leonardo era stato trovato dagli operatori del Centro recupero fauna selvatica di Fontanafredda gravemente denutrito, sottopeso e con lesioni significative al petto.<\/p>\n<p>L\u2019esemplare \u00e8 stato quindi trasferito nel Centro di ricerca e coordinamento per il recupero della fauna selvatica del Dipartimento di Scienze agroalimentari e animali dell\u2019Ateneo friulano.<\/p>\n<p>Il personale veterinario, composto dal responsabile <strong>Stefano Pesaro<\/strong> e <strong>Alice Baggio<\/strong>, ha immediatamente sottoposto l\u2019animale agli esami clinici necessari e a un complesso percorso di recupero seguito anche grazie a <strong>Isabella Perlin<\/strong>.<\/p>\n<p><iframe loading=\"lazy\" title=\"Leonardo torna a volare, rilasciata l&#039;aquila reale curata dall&#039;Universit\u00e0 di Udine\" width=\"640\" height=\"360\" src=\"https:\/\/www.youtube.com\/embed\/RI6VGdQNhJc?feature=oembed\" frameborder=\"0\" allow=\"accelerometer; autoplay; clipboard-write; encrypted-media; gyroscope; picture-in-picture; web-share\" referrerpolicy=\"strict-origin-when-cross-origin\" allowfullscreen><\/iframe><\/p>\n<p>Le terapie farmacologiche iniziali, seguite da una riabilitazione intensiva, hanno permesso all\u2019esemplare di riprendersi completamente nell\u2019arco di alcuni mesi.<\/p>\n<h3><strong>Un network in aiuto della fauna selvatica<\/strong><\/h3>\n<p>L\u2019intero intervento \u00e8 stato possibile grazie a un\u2019efficace rete di collaborazione tra enti che operano nel recupero e nella cura della fauna selvatica e al sistema di InfoFauna Fvg. Si tratta di una web app unica in Italia che permette di tracciare tutti gli interventi sugli animali in difficolt\u00e0 nel Friuli Venezia Giulia.<\/p>\n<p>Questo progetto rappresenta un esempio virtuoso di cooperazione scientifica e gestionale per la tutela di una specie emblematica delle nostre Alpi.<\/p>\n<h3><strong>Aquila reale a rischio diminuzione<\/strong><\/h3>\n<p>Simbolo del Friuli Venezia Giulia e dell\u2019Universit\u00e0 di Udine, l\u2019aquila reale (<em>Aquila chrysaetos<\/em>) \u00e8 una delle specie pi\u00f9 iconiche della fauna europea e mondiale. Tuttavia, la sua sopravvivenza \u00e8 minacciata da numerose criticit\u00e0 ambientali e antropiche.<\/p>\n<p>Nell\u2019arco alpino, bench\u00e9 la popolazione sia rimasta relativamente stabile negli ultimi decenni, la specie continua a essere considerata a rischio di diminuzione numerica.<\/p>\n<p>\u00abTra le principali cause di questa condizione \u2013 spiega il responsabile veterinario del Centro di recupero della fauna selvatica, Stefano Pesaro \u2013 c\u2019\u00e8 l\u2019abbandono delle pratiche agricole tradizionali, che ha favorito la riforestazione a scapito dei pascoli alpini aperti, habitat essenziali per la caccia dell\u2019aquila. Inoltre, infrastrutture come impianti sciistici, parchi eolici e un turismo non regolamentato disturbano i siti di nidificazione. A ci\u00f2 si aggiungono problematiche come l\u2019avvelenamento da piombo e i cambiamenti climatici, che alterano i cicli stagionali e intensificano la competizione con altre specie di rapaci\u00bb.<\/p>\n","protected":false},"excerpt":{"rendered":"<p>Era stata recuperata in gravi condizioni nel 2023. Dotata di Gps satellitare per monitorarla \u00e8 stata liberata nella Riserva di Cornino <\/p>\n","protected":false},"author":28,"featured_media":60862,"comment_status":"closed","ping_status":"closed","sticky":false,"template":"","format":"image","meta":{"dwc-title":[""],"dwc-content":[""],"footnotes":""},"categories":[5],"tags":[413,1680,72,101,206],"class_list":["post-60861","post","type-post","status-publish","format-image","has-post-thumbnail","hentry","category-attualita","tag-animali","tag-forgaria","tag-natura","tag-udine","tag-uniud","post_format-post-format-image"],"rttpg_featured_image_url":{"full":["https:\/\/imagazine.it\/wp-content\/uploads\/2024\/12\/aquilaLeonardo.jpg",1366,768,false],"landscape":["https:\/\/imagazine.it\/wp-content\/uploads\/2024\/12\/aquilaLeonardo.jpg",1366,768,false],"portraits":["https:\/\/imagazine.it\/wp-content\/uploads\/2024\/12\/aquilaLeonardo.jpg",1366,768,false],"thumbnail":["https:\/\/imagazine.it\/wp-content\/uploads\/2024\/12\/aquilaLeonardo-150x150.jpg",150,150,true],"medium":["https:\/\/imagazine.it\/wp-content\/uploads\/2024\/12\/aquilaLeonardo-300x169.jpg",300,169,true],"large":["https:\/\/imagazine.it\/wp-content\/uploads\/2024\/12\/aquilaLeonardo-1024x576.jpg",640,360,true],"thumblist":["https:\/\/imagazine.it\/wp-content\/uploads\/2024\/12\/aquilaLeonardo-300x300.jpg",300,300,true],"thumbrelated":["https:\/\/imagazine.it\/wp-content\/uploads\/2024\/12\/aquilaLeonardo-500x500.jpg",500,500,true],"meccarouselthumb":["https:\/\/imagazine.it\/wp-content\/uploads\/2024\/12\/aquilaLeonardo-474x324.jpg",474,324,true],"gridsquare":["https:\/\/imagazine.it\/wp-content\/uploads\/2024\/12\/aquilaLeonardo-391x260.jpg",391,260,true],"tileview":["https:\/\/imagazine.it\/wp-content\/uploads\/2024\/12\/aquilaLeonardo-300x400.jpg",300,400,true],"1536x1536":["https:\/\/imagazine.it\/wp-content\/uploads\/2024\/12\/aquilaLeonardo.jpg",1366,768,false],"2048x2048":["https:\/\/imagazine.it\/wp-content\/uploads\/2024\/12\/aquilaLeonardo.jpg",1366,768,false],"newsup-slider-full":["https:\/\/imagazine.it\/wp-content\/uploads\/2024\/12\/aquilaLeonardo-1280x720.jpg",1280,720,true],"newsup-featured":["https:\/\/imagazine.it\/wp-content\/uploads\/2024\/12\/aquilaLeonardo-1024x576.jpg",1024,576,true],"newsup-medium":["https:\/\/imagazine.it\/wp-content\/uploads\/2024\/12\/aquilaLeonardo-720x380.jpg",720,380,true],"tptn_thumbnail":["https:\/\/imagazine.it\/wp-content\/uploads\/2024\/12\/aquilaLeonardo-250x210.jpg",250,210,true],"sow-carousel-default":["https:\/\/imagazine.it\/wp-content\/uploads\/2024\/12\/aquilaLeonardo-272x182.jpg",272,182,true]},"rttpg_author":{"display_name":"redazione","author_link":"https:\/\/imagazine.it\/home_desk\/author\/redazione\/"},"rttpg_comment":0,"rttpg_category":"<a href=\"https:\/\/imagazine.it\/home_desk\/category\/attualita\/\" rel=\"category tag\">ATTUALIT\u00c0<\/a>","rttpg_excerpt":"Era stata recuperata in gravi condizioni nel 2023. Dotata di Gps satellitare per monitorarla \u00e8 stata liberata nella Riserva di Cornino","_links":{"self":[{"href":"https:\/\/imagazine.it\/home_desk\/wp-json\/wp\/v2\/posts\/60861","targetHints":{"allow":["GET"]}}],"collection":[{"href":"https:\/\/imagazine.it\/home_desk\/wp-json\/wp\/v2\/posts"}],"about":[{"href":"https:\/\/imagazine.it\/home_desk\/wp-json\/wp\/v2\/types\/post"}],"author":[{"embeddable":true,"href":"https:\/\/imagazine.it\/home_desk\/wp-json\/wp\/v2\/users\/28"}],"replies":[{"embeddable":true,"href":"https:\/\/imagazine.it\/home_desk\/wp-json\/wp\/v2\/comments?post=60861"}],"version-history":[{"count":0,"href":"https:\/\/imagazine.it\/home_desk\/wp-json\/wp\/v2\/posts\/60861\/revisions"}],"wp:featuredmedia":[{"embeddable":true,"href":"https:\/\/imagazine.it\/home_desk\/wp-json\/wp\/v2\/media\/60862"}],"wp:attachment":[{"href":"https:\/\/imagazine.it\/home_desk\/wp-json\/wp\/v2\/media?parent=60861"}],"wp:term":[{"taxonomy":"category","embeddable":true,"href":"https:\/\/imagazine.it\/home_desk\/wp-json\/wp\/v2\/categories?post=60861"},{"taxonomy":"post_tag","embeddable":true,"href":"https:\/\/imagazine.it\/home_desk\/wp-json\/wp\/v2\/tags?post=60861"}],"curies":[{"name":"wp","href":"https:\/\/api.w.org\/{rel}","templated":true}]}}