{"id":60669,"date":"2024-11-29T17:37:24","date_gmt":"2024-11-29T16:37:24","guid":{"rendered":"https:\/\/imagazine.it\/home_desk\/?p=60669"},"modified":"2024-11-29T17:37:24","modified_gmt":"2024-11-29T16:37:24","slug":"torviscosa-il-ritrovo-della-classe-1964","status":"publish","type":"post","link":"https:\/\/imagazine.it\/home_desk\/torviscosa-il-ritrovo-della-classe-1964\/","title":{"rendered":"Torviscosa: il ritrovo della classe 1964"},"content":{"rendered":"<p><span style=\"font-size: 10pt;\"><em>Il ritrovo della classe 1964 di Torviscosa<\/em><\/span><\/p>\n<p>TORVISCOSA \u2013 Erano passati 5 anni dall&#8217;ultimo incontro, ma in occasione del loro sessantesimo compleanno, un gruppo di circa trenta coetanei nati nel 1964 si \u00e8 riunito per rievocare i bei momenti dell&#8217;infanzia, gli anni delle scuole elementari e tutto ci\u00f2 che hanno vissuto nella giovent\u00f9.<\/p>\n<p>Ciascuno ha intrapreso un percorso di vita diverso, ma l&#8217;amicizia e i ricordi pi\u00f9 belli non si dimenticano mai.<\/p>\n<p>Per questo motivo hanno organizzato una rimpatriata per rinsaldare i legami di un tempo.<\/p>\n","protected":false},"excerpt":{"rendered":"<p>I sessantenni della comunit\u00e0 si sono riabbracciati per rievocare i momenti dell&#8217;infanzia, delle scuole e i percorsi di giovent\u00f9<\/p>\n","protected":false},"author":22,"featured_media":60670,"comment_status":"closed","ping_status":"closed","sticky":false,"template":"","format":"image","meta":{"dwc-title":[""],"dwc-content":[""],"footnotes":""},"categories":[5],"tags":[2143,1270],"class_list":["post-60669","post","type-post","status-publish","format-image","has-post-thumbnail","hentry","category-attualita","tag-comunita","tag-torviscosa","post_format-post-format-image"],"rttpg_featured_image_url":{"full":["https:\/\/imagazine.it\/wp-content\/uploads\/2024\/11\/1964.jpeg",1366,814,false],"landscape":["https:\/\/imagazine.it\/wp-content\/uploads\/2024\/11\/1964.jpeg",1366,814,false],"portraits":["https:\/\/imagazine.it\/wp-content\/uploads\/2024\/11\/1964.jpeg",1366,814,false],"thumbnail":["https:\/\/imagazine.it\/wp-content\/uploads\/2024\/11\/1964-150x150.jpeg",150,150,true],"medium":["https:\/\/imagazine.it\/wp-content\/uploads\/2024\/11\/1964-300x179.jpeg",300,179,true],"large":["https:\/\/imagazine.it\/wp-content\/uploads\/2024\/11\/1964-1024x610.jpeg",640,381,true],"thumblist":["https:\/\/imagazine.it\/wp-content\/uploads\/2024\/11\/1964-300x300.jpeg",300,300,true],"thumbrelated":["https:\/\/imagazine.it\/wp-content\/uploads\/2024\/11\/1964-500x500.jpeg",500,500,true],"meccarouselthumb":["https:\/\/imagazine.it\/wp-content\/uploads\/2024\/11\/1964-474x324.jpeg",474,324,true],"gridsquare":["https:\/\/imagazine.it\/wp-content\/uploads\/2024\/11\/1964-391x260.jpeg",391,260,true],"tileview":["https:\/\/imagazine.it\/wp-content\/uploads\/2024\/11\/1964-300x400.jpeg",300,400,true],"1536x1536":["https:\/\/imagazine.it\/wp-content\/uploads\/2024\/11\/1964.jpeg",1366,814,false],"2048x2048":["https:\/\/imagazine.it\/wp-content\/uploads\/2024\/11\/1964.jpeg",1366,814,false],"newsup-slider-full":["https:\/\/imagazine.it\/wp-content\/uploads\/2024\/11\/1964-1280x720.jpeg",1280,720,true],"newsup-featured":["https:\/\/imagazine.it\/wp-content\/uploads\/2024\/11\/1964-1024x610.jpeg",1024,610,true],"newsup-medium":["https:\/\/imagazine.it\/wp-content\/uploads\/2024\/11\/1964-720x380.jpeg",720,380,true],"tptn_thumbnail":["https:\/\/imagazine.it\/wp-content\/uploads\/2024\/11\/1964-250x210.jpeg",250,210,true],"sow-carousel-default":["https:\/\/imagazine.it\/wp-content\/uploads\/2024\/11\/1964-272x182.jpeg",272,182,true]},"rttpg_author":{"display_name":"Livio Nonis","author_link":"https:\/\/imagazine.it\/home_desk\/author\/nonis\/"},"rttpg_comment":0,"rttpg_category":"<a href=\"https:\/\/imagazine.it\/home_desk\/category\/attualita\/\" rel=\"category tag\">ATTUALIT\u00c0<\/a>","rttpg_excerpt":"I sessantenni della comunit\u00e0 si sono riabbracciati per rievocare i momenti dell'infanzia, delle scuole e i percorsi di giovent\u00f9","_links":{"self":[{"href":"https:\/\/imagazine.it\/home_desk\/wp-json\/wp\/v2\/posts\/60669","targetHints":{"allow":["GET"]}}],"collection":[{"href":"https:\/\/imagazine.it\/home_desk\/wp-json\/wp\/v2\/posts"}],"about":[{"href":"https:\/\/imagazine.it\/home_desk\/wp-json\/wp\/v2\/types\/post"}],"author":[{"embeddable":true,"href":"https:\/\/imagazine.it\/home_desk\/wp-json\/wp\/v2\/users\/22"}],"replies":[{"embeddable":true,"href":"https:\/\/imagazine.it\/home_desk\/wp-json\/wp\/v2\/comments?post=60669"}],"version-history":[{"count":0,"href":"https:\/\/imagazine.it\/home_desk\/wp-json\/wp\/v2\/posts\/60669\/revisions"}],"wp:featuredmedia":[{"embeddable":true,"href":"https:\/\/imagazine.it\/home_desk\/wp-json\/wp\/v2\/media\/60670"}],"wp:attachment":[{"href":"https:\/\/imagazine.it\/home_desk\/wp-json\/wp\/v2\/media?parent=60669"}],"wp:term":[{"taxonomy":"category","embeddable":true,"href":"https:\/\/imagazine.it\/home_desk\/wp-json\/wp\/v2\/categories?post=60669"},{"taxonomy":"post_tag","embeddable":true,"href":"https:\/\/imagazine.it\/home_desk\/wp-json\/wp\/v2\/tags?post=60669"}],"curies":[{"name":"wp","href":"https:\/\/api.w.org\/{rel}","templated":true}]}}