{"id":60630,"date":"2024-11-28T12:19:03","date_gmt":"2024-11-28T11:19:03","guid":{"rendered":"https:\/\/imagazine.it\/home_desk\/?p=60630"},"modified":"2024-11-29T15:15:02","modified_gmt":"2024-11-29T14:15:02","slug":"santandrea-illumina-il-natale-goriziano","status":"publish","type":"post","link":"https:\/\/imagazine.it\/home_desk\/santandrea-illumina-il-natale-goriziano\/","title":{"rendered":"Sant&#8217;Andrea illumina il Natale goriziano"},"content":{"rendered":"<p><span style=\"font-size: 10pt;\"><em>Luminarie natalizie a Gorizia (\u00a9 Pierluigi Bumbaca fotografo)\u00a0<\/em><\/span><\/p>\n<p>GORIZIA \u2013 Sar\u00e0 l\u2019accensione delle luminarie natalizie a dare il via <strong>sabato 30 novembre<\/strong> alla tradizionale <strong>Fiera di Sant\u2019Andrea<\/strong>.<\/p>\n<p>La cerimonia, alle 17 in via Garibaldi di fronte al Teatro Verdi, sar\u00e0 corredata dai canti natalizi dei bambini del coro di voci bianche <strong>GOReMi<\/strong> e del coro della scuola primaria <strong>\u017dupan\u010di\u010d<\/strong>.<\/p>\n<p>\u201cLa Fiera di Sant\u2019Andrea appartiene alla storia della nostra citt\u00e0, \u00e8 un momento amato da persone di tutte le et\u00e0, non solo di Gorizia. Con le luminarie accese la citt\u00e0 sar\u00e0 vestita a festa e l\u2019inconfondibile atmosfera natalizia sar\u00e0 palpabile\u201d, ha affermato il sindaco, <strong>Rodolfo Ziberna<\/strong>, che sabato premer\u00e0 simbolicamente il tasto di accensione delle luminarie.<\/p>\n<p>Come spiegato dall\u2019assessore ai Grandi eventi, <strong>Luca Cagliari<\/strong>, la superficie cittadina illuminata ricalcher\u00e0 quella dell\u2019anno scorso, da tutto corso Italia a via San Gabriele, con lampade a led a basso consumo.<\/p>\n<p>Il <strong>Castello<\/strong> avr\u00e0 la sua stella luminosa, come da tradizione, mentre <strong>il grande abete in piazza Vittoria sar\u00e0 acceso sabato 14 dicembre<\/strong>. Si tratter\u00e0 anche quest\u2019anno di un albero destinato comunque a essere tagliato. Anche i <strong>Giardini pubblici<\/strong>, che in occasione del Dicembre Goriziano ospiteranno una sorpresa, saranno illuminati.<\/p>\n<p>Durante il mese di dicembre si proceder\u00e0 nei quartieri cittadini con l\u2019illuminazione dei vari alberi di Natale, come ha aggiunto l\u2019assessore comunale al Decentramento, <strong>Maurizio Negro<\/strong>.<\/p>\n<p>La Fiera di Sant\u2019Andrea, come illustrato dall\u2019assessore alla Polizia locale, <strong>Francesco Del Sordi<\/strong>, ospiter\u00e0 64 <strong>attrazioni di spettacoli viaggianti<\/strong> che si fermeranno <strong>fino a domenica 8 dicembre<\/strong>, mentre le <strong>bancarelle<\/strong> saranno allestite nelle prime tre giornate, quindi <strong>fino a luned\u00ec 2 dicembre<\/strong>.<\/p>\n<figure id=\"attachment_60631\" aria-describedby=\"caption-attachment-60631\" style=\"width: 1000px\" class=\"wp-caption aligncenter\"><img loading=\"lazy\" decoding=\"async\" class=\"size-full wp-image-60631\" src=\"https:\/\/imagazine.it\/wp-content\/uploads\/2024\/11\/Presentazione-luminarie.jpg\" alt=\"\" width=\"1000\" height=\"656\" title=\"\" srcset=\"https:\/\/imagazine.it\/wp-content\/uploads\/2024\/11\/Presentazione-luminarie.jpg 1000w, https:\/\/imagazine.it\/wp-content\/uploads\/2024\/11\/Presentazione-luminarie-300x197.jpg 300w, https:\/\/imagazine.it\/wp-content\/uploads\/2024\/11\/Presentazione-luminarie-768x504.jpg 768w\" sizes=\"auto, (max-width: 1000px) 100vw, 1000px\" \/><figcaption id=\"caption-attachment-60631\" class=\"wp-caption-text\">Da sinistra Negro, Cagliari, Ziberna e Del Sordi<\/figcaption><\/figure>\n<p>Nella scorsa edizione la scelta di piazza Vittoria era stata sperimentale, quest\u2019anno \u00e8 stata riconfermata alla luce del riscontro positivo ottenuto sia da parte di coloro che gestiscono le attivit\u00e0 che da parte del pubblico.<\/p>\n<p>La novit\u00e0 principale per l\u2019edizione 2024 \u00e8 rappresentata dall\u2019impiego del <strong>piazzale Donatori di Sangue<\/strong>, dove saranno spostate le <strong>giostre<\/strong> che nel 2023 erano nello spazio ex Artesac, ora oggetto di lavori.<\/p>\n<p>Le <strong>giostre<\/strong> saranno quindi posizionate\u00a0nell\u2019<strong>area<\/strong> <strong>compresa tra via Cadorna<\/strong>, dove sar\u00e0 posizionato un presidio di sicurezza che garantir\u00e0 il passaggio nel caso servisse ai mezzi di soccorso, nel tratto dall\u2019intersezione con <strong>via Petrarca<\/strong> a quello con <strong>via Santa Chiara<\/strong>, nel piazzale Donatori Volontari di Sangue, in <strong>piazza Battisti<\/strong>, in via Petrarca, e sul marciapiede di <strong>corso Verdi<\/strong> antistante i Giardini pubblici.<\/p>\n<p>Riconfermato poi un altro dei punti fermi: il tradizionale <strong>Pomeriggio dello scolaro<\/strong>, che si svolger\u00e0 gioved\u00ec 5 dicembre.<\/p>\n<p>Scolari e studenti, degli istituti sia di Gorizia che di Nova Gorica, potranno beneficiare di biglietti speciali per accedere alle giostre.<\/p>\n<p>Inoltre luned\u00ec 2 dicembre, per vivacizzare ulteriormente la giornata, gli stessi gestori delle giostre si sono organizzati proponendo una speciale offerta \u201c2X1\u201d, producendo dei tagliandi dedicati sia in italiano che in sloveno.<\/p>\n","protected":false},"excerpt":{"rendered":"<p>Sabato l&#8217;accensione ufficiale delle luminarie natalizie in concomitanza con la tradizionale fiera cittadina. Ecco le vie interessate<\/p>\n","protected":false},"author":28,"featured_media":60632,"comment_status":"closed","ping_status":"closed","sticky":false,"template":"","format":"image","meta":{"dwc-title":[""],"dwc-content":[""],"footnotes":""},"categories":[5],"tags":[1999,43,398],"class_list":["post-60630","post","type-post","status-publish","format-image","has-post-thumbnail","hentry","category-attualita","tag-feste","tag-gorizia","tag-natale","post_format-post-format-image"],"rttpg_featured_image_url":{"full":["https:\/\/imagazine.it\/wp-content\/uploads\/2024\/11\/Luminarie-Gorizia-2023.jpg",1366,911,false],"landscape":["https:\/\/imagazine.it\/wp-content\/uploads\/2024\/11\/Luminarie-Gorizia-2023.jpg",1366,911,false],"portraits":["https:\/\/imagazine.it\/wp-content\/uploads\/2024\/11\/Luminarie-Gorizia-2023.jpg",1366,911,false],"thumbnail":["https:\/\/imagazine.it\/wp-content\/uploads\/2024\/11\/Luminarie-Gorizia-2023-150x150.jpg",150,150,true],"medium":["https:\/\/imagazine.it\/wp-content\/uploads\/2024\/11\/Luminarie-Gorizia-2023-300x200.jpg",300,200,true],"large":["https:\/\/imagazine.it\/wp-content\/uploads\/2024\/11\/Luminarie-Gorizia-2023-1024x683.jpg",640,427,true],"thumblist":["https:\/\/imagazine.it\/wp-content\/uploads\/2024\/11\/Luminarie-Gorizia-2023-300x300.jpg",300,300,true],"thumbrelated":["https:\/\/imagazine.it\/wp-content\/uploads\/2024\/11\/Luminarie-Gorizia-2023-500x500.jpg",500,500,true],"meccarouselthumb":["https:\/\/imagazine.it\/wp-content\/uploads\/2024\/11\/Luminarie-Gorizia-2023-474x324.jpg",474,324,true],"gridsquare":["https:\/\/imagazine.it\/wp-content\/uploads\/2024\/11\/Luminarie-Gorizia-2023-391x260.jpg",391,260,true],"tileview":["https:\/\/imagazine.it\/wp-content\/uploads\/2024\/11\/Luminarie-Gorizia-2023-300x400.jpg",300,400,true],"1536x1536":["https:\/\/imagazine.it\/wp-content\/uploads\/2024\/11\/Luminarie-Gorizia-2023.jpg",1366,911,false],"2048x2048":["https:\/\/imagazine.it\/wp-content\/uploads\/2024\/11\/Luminarie-Gorizia-2023.jpg",1366,911,false],"newsup-slider-full":["https:\/\/imagazine.it\/wp-content\/uploads\/2024\/11\/Luminarie-Gorizia-2023-1280x720.jpg",1280,720,true],"newsup-featured":["https:\/\/imagazine.it\/wp-content\/uploads\/2024\/11\/Luminarie-Gorizia-2023-1024x683.jpg",1024,683,true],"newsup-medium":["https:\/\/imagazine.it\/wp-content\/uploads\/2024\/11\/Luminarie-Gorizia-2023-720x380.jpg",720,380,true],"tptn_thumbnail":["https:\/\/imagazine.it\/wp-content\/uploads\/2024\/11\/Luminarie-Gorizia-2023-250x210.jpg",250,210,true],"sow-carousel-default":["https:\/\/imagazine.it\/wp-content\/uploads\/2024\/11\/Luminarie-Gorizia-2023-272x182.jpg",272,182,true]},"rttpg_author":{"display_name":"redazione","author_link":"https:\/\/imagazine.it\/home_desk\/author\/redazione\/"},"rttpg_comment":0,"rttpg_category":"<a href=\"https:\/\/imagazine.it\/home_desk\/category\/attualita\/\" rel=\"category tag\">ATTUALIT\u00c0<\/a>","rttpg_excerpt":"Sabato l'accensione ufficiale delle luminarie natalizie in concomitanza con la tradizionale fiera cittadina. Ecco le vie interessate","_links":{"self":[{"href":"https:\/\/imagazine.it\/home_desk\/wp-json\/wp\/v2\/posts\/60630","targetHints":{"allow":["GET"]}}],"collection":[{"href":"https:\/\/imagazine.it\/home_desk\/wp-json\/wp\/v2\/posts"}],"about":[{"href":"https:\/\/imagazine.it\/home_desk\/wp-json\/wp\/v2\/types\/post"}],"author":[{"embeddable":true,"href":"https:\/\/imagazine.it\/home_desk\/wp-json\/wp\/v2\/users\/28"}],"replies":[{"embeddable":true,"href":"https:\/\/imagazine.it\/home_desk\/wp-json\/wp\/v2\/comments?post=60630"}],"version-history":[{"count":0,"href":"https:\/\/imagazine.it\/home_desk\/wp-json\/wp\/v2\/posts\/60630\/revisions"}],"wp:featuredmedia":[{"embeddable":true,"href":"https:\/\/imagazine.it\/home_desk\/wp-json\/wp\/v2\/media\/60632"}],"wp:attachment":[{"href":"https:\/\/imagazine.it\/home_desk\/wp-json\/wp\/v2\/media?parent=60630"}],"wp:term":[{"taxonomy":"category","embeddable":true,"href":"https:\/\/imagazine.it\/home_desk\/wp-json\/wp\/v2\/categories?post=60630"},{"taxonomy":"post_tag","embeddable":true,"href":"https:\/\/imagazine.it\/home_desk\/wp-json\/wp\/v2\/tags?post=60630"}],"curies":[{"name":"wp","href":"https:\/\/api.w.org\/{rel}","templated":true}]}}