{"id":60583,"date":"2024-11-26T16:42:32","date_gmt":"2024-11-26T15:42:32","guid":{"rendered":"https:\/\/imagazine.it\/home_desk\/?p=60583"},"modified":"2024-11-28T17:30:44","modified_gmt":"2024-11-28T16:30:44","slug":"ater-trieste-daniele-mosetti-nuovo-presidente","status":"publish","type":"post","link":"https:\/\/imagazine.it\/home_desk\/ater-trieste-daniele-mosetti-nuovo-presidente\/","title":{"rendered":"Ater Trieste: Daniele Mosetti nuovo presidente"},"content":{"rendered":"<p><span style=\"font-size: 10pt;\"><em>Daniele Mosetti<\/em><\/span><\/p>\n<p>TRIESTE \u2013 Con il decreto di ieri del presidente della Regione FVG, \u00e8 stato nominato il <strong>Consiglio di amministrazione di Ater Trieste<\/strong>, che sar\u00e0 presieduto da <strong>Daniele Mosetti<\/strong>.<\/p>\n<p>L\u2019organo si completa con <strong>Daniela Pallotta<\/strong>, consigliere con funzioni sostitutorie, e <strong>Riccardo Novacco<\/strong>.<\/p>\n<p>Cambiamento nella continuit\u00e0: questo \u00e8 il paradigma su cui fonder\u00e0 il proprio mandato Mosetti.<\/p>\n<p>Gi\u00e0 componente dell\u2019uscente consiglio di amministrazione, di cui rimarca il rapporto collaborativo e propositivo che \u00e8 certo di ritrovare nell\u2019Organo appena nominato, Mosetti intende raccogliere i risultati degli ultimi cinque anni di esperienza in Ater e svilupparli con il giusto spirito di adattamento, per stare al passo con i cambiamenti, per rispondere alle esigenze emergenti nel settore \u2018Casa Pubblica\u2019 e accompagnare l\u2019Ater di Trieste ad essere protagonista della nuova riforma delle politiche abitative regionali.<\/p>\n<p>\u201cLa nuova amministrazione dell\u2019Ater di Trieste \u2013 dichiara Mosetti \u2013 punta a un rinnovamento che unisca continuit\u00e0 e cambiamento per rispondere alle esigenze abitative emergenti e alle nuove politiche regionali. Priorit\u00e0 saranno il <strong>recupero degli alloggi sfitti<\/strong>, il <strong>social housing<\/strong> per le famiglie escluse dal mercato, e una <strong>gestione mirata dei casi di morosit\u00e0<\/strong> tramite accordi con il Terzo settore. Il piano pluriennale da 300 milioni di euro, di cui 97 destinati a Trieste, permetter\u00e0 di ampliare l\u2019offerta abitativa e introdurre strumenti operativi innovativi, migliorando al contempo l\u2019efficienza della struttura aziendale\u201d.<\/p>\n<p>Daniele Mosetti, 44 anni, nell\u2019ultimo mandato \u00e8 stato membro del Cda di Ater, dove si \u00e8 occupato in particolare delle tematiche relative all\u2019ambito sociale. Manager in un\u2019azienda internazionale, \u00e8 laureato in Scienze Psicologiche del Lavoro e delle Organizzazioni e in Scienze Politiche, ha un Master in Management.<\/p>\n","protected":false},"excerpt":{"rendered":"<p>Nominato il nuovo Consiglio di Amministrazione. Recupero di alloggi sfitti, social housing e gestione mirata dei casi di morosit\u00e0 saranno le priorit\u00e0<\/p>\n","protected":false},"author":28,"featured_media":60584,"comment_status":"closed","ping_status":"closed","sticky":false,"template":"","format":"image","meta":{"dwc-title":[""],"dwc-content":[""],"footnotes":""},"categories":[5],"tags":[902,1397,330,65],"class_list":["post-60583","post","type-post","status-publish","format-image","has-post-thumbnail","hentry","category-attualita","tag-ater","tag-casa","tag-famiglie","tag-trieste","post_format-post-format-image"],"rttpg_featured_image_url":{"full":["https:\/\/imagazine.it\/wp-content\/uploads\/2024\/11\/Daniele-Mosetti.jpg",1366,837,false],"landscape":["https:\/\/imagazine.it\/wp-content\/uploads\/2024\/11\/Daniele-Mosetti.jpg",1366,837,false],"portraits":["https:\/\/imagazine.it\/wp-content\/uploads\/2024\/11\/Daniele-Mosetti.jpg",1366,837,false],"thumbnail":["https:\/\/imagazine.it\/wp-content\/uploads\/2024\/11\/Daniele-Mosetti-150x150.jpg",150,150,true],"medium":["https:\/\/imagazine.it\/wp-content\/uploads\/2024\/11\/Daniele-Mosetti-300x184.jpg",300,184,true],"large":["https:\/\/imagazine.it\/wp-content\/uploads\/2024\/11\/Daniele-Mosetti-1024x627.jpg",640,392,true],"thumblist":["https:\/\/imagazine.it\/wp-content\/uploads\/2024\/11\/Daniele-Mosetti-300x300.jpg",300,300,true],"thumbrelated":["https:\/\/imagazine.it\/wp-content\/uploads\/2024\/11\/Daniele-Mosetti-500x500.jpg",500,500,true],"meccarouselthumb":["https:\/\/imagazine.it\/wp-content\/uploads\/2024\/11\/Daniele-Mosetti-474x324.jpg",474,324,true],"gridsquare":["https:\/\/imagazine.it\/wp-content\/uploads\/2024\/11\/Daniele-Mosetti-391x260.jpg",391,260,true],"tileview":["https:\/\/imagazine.it\/wp-content\/uploads\/2024\/11\/Daniele-Mosetti-300x400.jpg",300,400,true],"1536x1536":["https:\/\/imagazine.it\/wp-content\/uploads\/2024\/11\/Daniele-Mosetti.jpg",1366,837,false],"2048x2048":["https:\/\/imagazine.it\/wp-content\/uploads\/2024\/11\/Daniele-Mosetti.jpg",1366,837,false],"newsup-slider-full":["https:\/\/imagazine.it\/wp-content\/uploads\/2024\/11\/Daniele-Mosetti-1280x720.jpg",1280,720,true],"newsup-featured":["https:\/\/imagazine.it\/wp-content\/uploads\/2024\/11\/Daniele-Mosetti-1024x627.jpg",1024,627,true],"newsup-medium":["https:\/\/imagazine.it\/wp-content\/uploads\/2024\/11\/Daniele-Mosetti-720x380.jpg",720,380,true],"tptn_thumbnail":["https:\/\/imagazine.it\/wp-content\/uploads\/2024\/11\/Daniele-Mosetti-250x210.jpg",250,210,true],"sow-carousel-default":["https:\/\/imagazine.it\/wp-content\/uploads\/2024\/11\/Daniele-Mosetti-272x182.jpg",272,182,true]},"rttpg_author":{"display_name":"redazione","author_link":"https:\/\/imagazine.it\/home_desk\/author\/redazione\/"},"rttpg_comment":0,"rttpg_category":"<a href=\"https:\/\/imagazine.it\/home_desk\/category\/attualita\/\" rel=\"category tag\">ATTUALIT\u00c0<\/a>","rttpg_excerpt":"Nominato il nuovo Consiglio di Amministrazione. Recupero di alloggi sfitti, social housing e gestione mirata dei casi di morosit\u00e0 saranno le priorit\u00e0","_links":{"self":[{"href":"https:\/\/imagazine.it\/home_desk\/wp-json\/wp\/v2\/posts\/60583","targetHints":{"allow":["GET"]}}],"collection":[{"href":"https:\/\/imagazine.it\/home_desk\/wp-json\/wp\/v2\/posts"}],"about":[{"href":"https:\/\/imagazine.it\/home_desk\/wp-json\/wp\/v2\/types\/post"}],"author":[{"embeddable":true,"href":"https:\/\/imagazine.it\/home_desk\/wp-json\/wp\/v2\/users\/28"}],"replies":[{"embeddable":true,"href":"https:\/\/imagazine.it\/home_desk\/wp-json\/wp\/v2\/comments?post=60583"}],"version-history":[{"count":0,"href":"https:\/\/imagazine.it\/home_desk\/wp-json\/wp\/v2\/posts\/60583\/revisions"}],"wp:featuredmedia":[{"embeddable":true,"href":"https:\/\/imagazine.it\/home_desk\/wp-json\/wp\/v2\/media\/60584"}],"wp:attachment":[{"href":"https:\/\/imagazine.it\/home_desk\/wp-json\/wp\/v2\/media?parent=60583"}],"wp:term":[{"taxonomy":"category","embeddable":true,"href":"https:\/\/imagazine.it\/home_desk\/wp-json\/wp\/v2\/categories?post=60583"},{"taxonomy":"post_tag","embeddable":true,"href":"https:\/\/imagazine.it\/home_desk\/wp-json\/wp\/v2\/tags?post=60583"}],"curies":[{"name":"wp","href":"https:\/\/api.w.org\/{rel}","templated":true}]}}