{"id":60548,"date":"2024-11-22T17:27:58","date_gmt":"2024-11-22T16:27:58","guid":{"rendered":"https:\/\/imagazine.it\/home_desk\/?p=60548"},"modified":"2024-11-22T17:27:58","modified_gmt":"2024-11-22T16:27:58","slug":"villa-vicentina-rilancia-il-concorso-presepi-2","status":"publish","type":"post","link":"https:\/\/imagazine.it\/home_desk\/villa-vicentina-rilancia-il-concorso-presepi-2\/","title":{"rendered":"Villa Vicentina rilancia il concorso presepi"},"content":{"rendered":"<p><span style=\"font-size: 10pt;\"><em>\u201cLa solitudine di nascere in Palestina\u201d di Fabio Trevisan, vincitore sezione Adulti nel 2023<\/em><\/span><\/p>\n<p>FIUMICELLO VILLA VICENTINA \u2013 La Biblioteca comunale di Villa Vicentina ha indetto la 17\u00aa edizione del <strong>Concorso \u201cPresepi a Villa Vicentina\u201d<\/strong>, organizzato con la collaborazione della Parrocchia S. Maria e del Gruppo Pro Missioni, e finalizzato alla valorizzazione e alla diffusione della tradizione del presepe.<\/p>\n<p>La partecipazione \u00e8 gratuita e aperta a tutti, suddivisa in due sezioni. una riservata ai Ragazzi (fino ai 14 anni anche in gruppo e con l\u2019aiuto dei familiari) e una agli Adulti (dai 15 anni).<\/p>\n<p>Le opere potranno essere realizzate con qualsiasi tecnica e materiale, con l\u2019unica limitazione sulle dimensioni massime della base d\u2019appoggio (1 metro di lunghezza x 0,70 m di profondit\u00e0).<\/p>\n<p>Le iscrizioni e la consegna delle opere \u00e8 prevista <strong>da luned\u00ec 25 novembre a marted\u00ec 17 dicembre <\/strong>presso la sede della Biblioteca comunale di Villa Vicentina in orario d\u2019apertura o previ accordi telefonici.<\/p>\n<p>Le opere ammesse saranno oggetto di un\u2019<strong>esposizione presso la Chiesa S. Maria dal 21 dicembre 2024 al 19 gennaio 2025<\/strong>, visitabile prima e dopo le funzioni religiose.<\/p>\n<p>In questo stesso luogo, il 5 gennaio 2025 alle ore 16.30, si svolgeranno le premiazioni del presepe primo classificato di ogni sezione ed eventuali segnalati, secondo il giudizio insindacabile della giuria.<\/p>\n<p>I premi consisteranno in materiale ludico-didattico per la sezione Ragazzi e in cesti gastronomici per la sezione Adulti.<\/p>\n<p>Al termine della cerimonia ci sar\u00e0 alle 17 la benedizione dei bambini.<\/p>\n<p>Le istruzioni di partecipazione e la scheda d\u2019iscrizione sono disponibili presso la Biblioteca di Villa Vicentina ma anche sul <span style=\"text-decoration: underline;\"><a href=\"http:\/\/www.comune.fiumicellovillavicentina.ud.it\" target=\"_blank\" rel=\"noopener\">sito ufficiale del Comune<\/a><\/span> nelle sezioni Notizie ed Eventi.<\/p>\n<p>Per ulteriori informazioni ci si pu\u00f2 rivolgere alla Biblioteca (c\/o Centro Cultura di Via Duca d\u2019Aosta n. 24 &#8211; tel. 0431.970034 &#8211; e-mail biblioteca.villavicentina@comune.fiumicellovillavicentina.ud.it) in orario d\u2019apertura: luned\u00ec, marted\u00ec e gioved\u00ec 15.30-18.30, venerd\u00ec 10-13.<\/p>\n","protected":false},"excerpt":{"rendered":"<p>Rivolto sia agli adulti che ai ragazzi. Opere da consegnare tra il 25 novembre e il 17 dicembre. A seguire l&#8217;esposizione al pubblico<\/p>\n","protected":false},"author":28,"featured_media":60549,"comment_status":"closed","ping_status":"closed","sticky":false,"template":"","format":"image","meta":{"dwc-title":[""],"dwc-content":[""],"footnotes":""},"categories":[5],"tags":[398,2322,333],"class_list":["post-60548","post","type-post","status-publish","format-image","has-post-thumbnail","hentry","category-attualita","tag-natale","tag-presepe","tag-villa-vicentina","post_format-post-format-image"],"rttpg_featured_image_url":{"full":["https:\/\/imagazine.it\/wp-content\/uploads\/2024\/11\/A6_Trevisan_1Classificato.jpg",1366,811,false],"landscape":["https:\/\/imagazine.it\/wp-content\/uploads\/2024\/11\/A6_Trevisan_1Classificato.jpg",1366,811,false],"portraits":["https:\/\/imagazine.it\/wp-content\/uploads\/2024\/11\/A6_Trevisan_1Classificato.jpg",1366,811,false],"thumbnail":["https:\/\/imagazine.it\/wp-content\/uploads\/2024\/11\/A6_Trevisan_1Classificato-150x150.jpg",150,150,true],"medium":["https:\/\/imagazine.it\/wp-content\/uploads\/2024\/11\/A6_Trevisan_1Classificato-300x178.jpg",300,178,true],"large":["https:\/\/imagazine.it\/wp-content\/uploads\/2024\/11\/A6_Trevisan_1Classificato-1024x608.jpg",640,380,true],"thumblist":["https:\/\/imagazine.it\/wp-content\/uploads\/2024\/11\/A6_Trevisan_1Classificato-300x300.jpg",300,300,true],"thumbrelated":["https:\/\/imagazine.it\/wp-content\/uploads\/2024\/11\/A6_Trevisan_1Classificato-500x500.jpg",500,500,true],"meccarouselthumb":["https:\/\/imagazine.it\/wp-content\/uploads\/2024\/11\/A6_Trevisan_1Classificato-474x324.jpg",474,324,true],"gridsquare":["https:\/\/imagazine.it\/wp-content\/uploads\/2024\/11\/A6_Trevisan_1Classificato-391x260.jpg",391,260,true],"tileview":["https:\/\/imagazine.it\/wp-content\/uploads\/2024\/11\/A6_Trevisan_1Classificato-300x400.jpg",300,400,true],"1536x1536":["https:\/\/imagazine.it\/wp-content\/uploads\/2024\/11\/A6_Trevisan_1Classificato.jpg",1366,811,false],"2048x2048":["https:\/\/imagazine.it\/wp-content\/uploads\/2024\/11\/A6_Trevisan_1Classificato.jpg",1366,811,false],"newsup-slider-full":["https:\/\/imagazine.it\/wp-content\/uploads\/2024\/11\/A6_Trevisan_1Classificato-1280x720.jpg",1280,720,true],"newsup-featured":["https:\/\/imagazine.it\/wp-content\/uploads\/2024\/11\/A6_Trevisan_1Classificato-1024x608.jpg",1024,608,true],"newsup-medium":["https:\/\/imagazine.it\/wp-content\/uploads\/2024\/11\/A6_Trevisan_1Classificato-720x380.jpg",720,380,true],"tptn_thumbnail":["https:\/\/imagazine.it\/wp-content\/uploads\/2024\/11\/A6_Trevisan_1Classificato-250x210.jpg",250,210,true],"sow-carousel-default":["https:\/\/imagazine.it\/wp-content\/uploads\/2024\/11\/A6_Trevisan_1Classificato-272x182.jpg",272,182,true]},"rttpg_author":{"display_name":"redazione","author_link":"https:\/\/imagazine.it\/home_desk\/author\/redazione\/"},"rttpg_comment":0,"rttpg_category":"<a href=\"https:\/\/imagazine.it\/home_desk\/category\/attualita\/\" rel=\"category tag\">ATTUALIT\u00c0<\/a>","rttpg_excerpt":"Rivolto sia agli adulti che ai ragazzi. Opere da consegnare tra il 25 novembre e il 17 dicembre. A seguire l'esposizione al pubblico","_links":{"self":[{"href":"https:\/\/imagazine.it\/home_desk\/wp-json\/wp\/v2\/posts\/60548","targetHints":{"allow":["GET"]}}],"collection":[{"href":"https:\/\/imagazine.it\/home_desk\/wp-json\/wp\/v2\/posts"}],"about":[{"href":"https:\/\/imagazine.it\/home_desk\/wp-json\/wp\/v2\/types\/post"}],"author":[{"embeddable":true,"href":"https:\/\/imagazine.it\/home_desk\/wp-json\/wp\/v2\/users\/28"}],"replies":[{"embeddable":true,"href":"https:\/\/imagazine.it\/home_desk\/wp-json\/wp\/v2\/comments?post=60548"}],"version-history":[{"count":0,"href":"https:\/\/imagazine.it\/home_desk\/wp-json\/wp\/v2\/posts\/60548\/revisions"}],"wp:featuredmedia":[{"embeddable":true,"href":"https:\/\/imagazine.it\/home_desk\/wp-json\/wp\/v2\/media\/60549"}],"wp:attachment":[{"href":"https:\/\/imagazine.it\/home_desk\/wp-json\/wp\/v2\/media?parent=60548"}],"wp:term":[{"taxonomy":"category","embeddable":true,"href":"https:\/\/imagazine.it\/home_desk\/wp-json\/wp\/v2\/categories?post=60548"},{"taxonomy":"post_tag","embeddable":true,"href":"https:\/\/imagazine.it\/home_desk\/wp-json\/wp\/v2\/tags?post=60548"}],"curies":[{"name":"wp","href":"https:\/\/api.w.org\/{rel}","templated":true}]}}