{"id":60537,"date":"2024-11-22T12:20:30","date_gmt":"2024-11-22T11:20:30","guid":{"rendered":"https:\/\/imagazine.it\/home_desk\/?p=60537"},"modified":"2024-11-26T10:45:20","modified_gmt":"2024-11-26T09:45:20","slug":"ping-pong-tradizione-friulana-ai-mondiali-giovanili","status":"publish","type":"post","link":"https:\/\/imagazine.it\/home_desk\/ping-pong-tradizione-friulana-ai-mondiali-giovanili\/","title":{"rendered":"Ping pong: tradizione friulana ai Mondiali giovanili"},"content":{"rendered":"<p><span style=\"font-size: 10pt;\"><em>Francesco Trevisan (ph. Giuseppe Di Carlo)<\/em><\/span><\/p>\n<p>HELSINGBORG (SVEZIA) \u2013 Da oggi a venerd\u00ec 29 novembre la citt\u00e0 svedese di Helsingborg ospiter\u00e0 i Campionati Mondiali Giovanili di Tennis Tavolo.<\/p>\n<p>Alla Helsingborg Arena per l\u2019Italia saranno in gara gli Under 15 <strong>Giulio Campagna<\/strong> (CIATT Prato), <strong>Danilo Faso<\/strong> (Virtus Servigliano), <strong>Erik Paulina (<\/strong>Sportni Krozek Kras) e <strong>Francesco Trevisan<\/strong>, giovane talento del Tennistavolo Silver Lining Milano, figlio e nipote d&#8217;arte, nato a <strong>Gorizia<\/strong>.<\/p>\n<p>Cresciuto in una famiglia dove il ping pong \u00e8 una vera passione, tramandata dal <strong>nonno Livio<\/strong> e dal <strong>pap\u00e0 Luis<\/strong>, entrambi <strong>ex giocatori di Ruda<\/strong>, Francesco ha fin da piccolo respirato l&#8217;atmosfera di questo sport.<\/p>\n<p>Allenato proprio dal padre, ha saputo coniugare talento innato e duro lavoro, scalando rapidamente le classifiche nazionali e conquistando un posto nella squadra azzurra. Sono guidati dai tecnici <strong>Lorenzo Nannon<\/strong> ed <strong>Emmanuele Delsante<\/strong>, e l\u2019Under 19 <strong>Nicole Arlia<\/strong> (Centro Sportivo Aeronautica Militare), seguita in panchina dal coach <strong>Giuseppe Del Rosso<\/strong>.<\/p>\n<p>Il team cadetto, campione d\u2019Europa in carica, incontrer\u00e0 negli ottavi di finale l\u2019Australia di Aaron Nguyen, Adeepa Keerthiratne, Lawrence Fan e Jacob Huang.<\/p>\n<p>Da ricordare che recentemente Francesco Trevisan ha ceduto per 3-2 (7-11, 11-5, 11-13, 12-10, 7-11) all\u2019indiano Sartha Arya nella finale del singolare Under 15 del WTT Youth Contender Lignano.<\/p>\n<figure id=\"attachment_60539\" aria-describedby=\"caption-attachment-60539\" style=\"width: 1000px\" class=\"wp-caption aligncenter\"><img loading=\"lazy\" decoding=\"async\" class=\"size-full wp-image-60539\" src=\"https:\/\/imagazine.it\/wp-content\/uploads\/2024\/11\/francesco-trevisan-04.jpg\" alt=\"\" width=\"1000\" height=\"935\" title=\"\" srcset=\"https:\/\/imagazine.it\/wp-content\/uploads\/2024\/11\/francesco-trevisan-04.jpg 1000w, https:\/\/imagazine.it\/wp-content\/uploads\/2024\/11\/francesco-trevisan-04-300x281.jpg 300w, https:\/\/imagazine.it\/wp-content\/uploads\/2024\/11\/francesco-trevisan-04-768x718.jpg 768w\" sizes=\"auto, (max-width: 1000px) 100vw, 1000px\" \/><figcaption id=\"caption-attachment-60539\" class=\"wp-caption-text\">La premiazione a Lignano con il direttore del torneo, Roman Plese (ph. Giuseppe Di Carlo)<\/figcaption><\/figure>\n<p>In semifinale la testa di serie n. 4 aveva battuto nel derby azzurro per 3-1 (7-11, 11-3, 11-8, 11-7) Danilo Faso, n. 1, che dunque si \u00e8 classificato terzo, assieme al francese Rija Warin, superato per 3-1 (4-11, 11-7, 12-14, 2-11) dall\u2019asiatico.<\/p>\n","protected":false},"excerpt":{"rendered":"<p>Tra gli Azzurri impegnati in Svezia anche Francesco Trevisan, nato a Gorizia, figlio e nipote di due ex giocatori di Ruda<\/p>\n","protected":false},"author":22,"featured_media":60538,"comment_status":"closed","ping_status":"closed","sticky":false,"template":"","format":"image","meta":{"dwc-title":[""],"dwc-content":[""],"footnotes":""},"categories":[38],"tags":[2604,212,2605],"class_list":["post-60537","post","type-post","status-publish","format-image","has-post-thumbnail","hentry","category-sport","tag-ping-pong","tag-ruda","tag-tennistavolo","post_format-post-format-image"],"rttpg_featured_image_url":{"full":["https:\/\/imagazine.it\/wp-content\/uploads\/2024\/11\/francesco-trevisan-02.jpg",1366,840,false],"landscape":["https:\/\/imagazine.it\/wp-content\/uploads\/2024\/11\/francesco-trevisan-02.jpg",1366,840,false],"portraits":["https:\/\/imagazine.it\/wp-content\/uploads\/2024\/11\/francesco-trevisan-02.jpg",1366,840,false],"thumbnail":["https:\/\/imagazine.it\/wp-content\/uploads\/2024\/11\/francesco-trevisan-02-150x150.jpg",150,150,true],"medium":["https:\/\/imagazine.it\/wp-content\/uploads\/2024\/11\/francesco-trevisan-02-300x184.jpg",300,184,true],"large":["https:\/\/imagazine.it\/wp-content\/uploads\/2024\/11\/francesco-trevisan-02-1024x630.jpg",640,394,true],"thumblist":["https:\/\/imagazine.it\/wp-content\/uploads\/2024\/11\/francesco-trevisan-02-300x300.jpg",300,300,true],"thumbrelated":["https:\/\/imagazine.it\/wp-content\/uploads\/2024\/11\/francesco-trevisan-02-500x500.jpg",500,500,true],"meccarouselthumb":["https:\/\/imagazine.it\/wp-content\/uploads\/2024\/11\/francesco-trevisan-02-474x324.jpg",474,324,true],"gridsquare":["https:\/\/imagazine.it\/wp-content\/uploads\/2024\/11\/francesco-trevisan-02-391x260.jpg",391,260,true],"tileview":["https:\/\/imagazine.it\/wp-content\/uploads\/2024\/11\/francesco-trevisan-02-300x400.jpg",300,400,true],"1536x1536":["https:\/\/imagazine.it\/wp-content\/uploads\/2024\/11\/francesco-trevisan-02.jpg",1366,840,false],"2048x2048":["https:\/\/imagazine.it\/wp-content\/uploads\/2024\/11\/francesco-trevisan-02.jpg",1366,840,false],"newsup-slider-full":["https:\/\/imagazine.it\/wp-content\/uploads\/2024\/11\/francesco-trevisan-02-1280x720.jpg",1280,720,true],"newsup-featured":["https:\/\/imagazine.it\/wp-content\/uploads\/2024\/11\/francesco-trevisan-02-1024x630.jpg",1024,630,true],"newsup-medium":["https:\/\/imagazine.it\/wp-content\/uploads\/2024\/11\/francesco-trevisan-02-720x380.jpg",720,380,true],"tptn_thumbnail":["https:\/\/imagazine.it\/wp-content\/uploads\/2024\/11\/francesco-trevisan-02-250x210.jpg",250,210,true],"sow-carousel-default":["https:\/\/imagazine.it\/wp-content\/uploads\/2024\/11\/francesco-trevisan-02-272x182.jpg",272,182,true]},"rttpg_author":{"display_name":"Livio Nonis","author_link":"https:\/\/imagazine.it\/home_desk\/author\/nonis\/"},"rttpg_comment":0,"rttpg_category":"<a href=\"https:\/\/imagazine.it\/home_desk\/category\/sport\/\" rel=\"category tag\">SPORT<\/a>","rttpg_excerpt":"Tra gli Azzurri impegnati in Svezia anche Francesco Trevisan, nato a Gorizia, figlio e nipote di due ex giocatori di Ruda","_links":{"self":[{"href":"https:\/\/imagazine.it\/home_desk\/wp-json\/wp\/v2\/posts\/60537","targetHints":{"allow":["GET"]}}],"collection":[{"href":"https:\/\/imagazine.it\/home_desk\/wp-json\/wp\/v2\/posts"}],"about":[{"href":"https:\/\/imagazine.it\/home_desk\/wp-json\/wp\/v2\/types\/post"}],"author":[{"embeddable":true,"href":"https:\/\/imagazine.it\/home_desk\/wp-json\/wp\/v2\/users\/22"}],"replies":[{"embeddable":true,"href":"https:\/\/imagazine.it\/home_desk\/wp-json\/wp\/v2\/comments?post=60537"}],"version-history":[{"count":0,"href":"https:\/\/imagazine.it\/home_desk\/wp-json\/wp\/v2\/posts\/60537\/revisions"}],"wp:featuredmedia":[{"embeddable":true,"href":"https:\/\/imagazine.it\/home_desk\/wp-json\/wp\/v2\/media\/60538"}],"wp:attachment":[{"href":"https:\/\/imagazine.it\/home_desk\/wp-json\/wp\/v2\/media?parent=60537"}],"wp:term":[{"taxonomy":"category","embeddable":true,"href":"https:\/\/imagazine.it\/home_desk\/wp-json\/wp\/v2\/categories?post=60537"},{"taxonomy":"post_tag","embeddable":true,"href":"https:\/\/imagazine.it\/home_desk\/wp-json\/wp\/v2\/tags?post=60537"}],"curies":[{"name":"wp","href":"https:\/\/api.w.org\/{rel}","templated":true}]}}