{"id":60394,"date":"2024-11-17T10:33:01","date_gmt":"2024-11-17T09:33:01","guid":{"rendered":"https:\/\/imagazine.it\/home_desk\/?p=60394"},"modified":"2024-11-18T16:37:48","modified_gmt":"2024-11-18T15:37:48","slug":"lattualita-di-otello-apre-il-sipario-a-grado","status":"publish","type":"post","link":"https:\/\/imagazine.it\/home_desk\/lattualita-di-otello-apre-il-sipario-a-grado\/","title":{"rendered":"L&#8217;attualit\u00e0 di Otello apre il sipario a Grado"},"content":{"rendered":"<p><span style=\"font-size: 10pt;\"><em>Lella Costa (ph. Serena Serrani)<\/em><\/span><\/p>\n<p>GRADO \u2013 \u201cSuccede con i grandi autori, forse soprattutto con Shakespeare: i loro testi, le loro storie, i loro personaggi sono, letteralmente, immortali. Continuano a parlarci, a stupirci, a incantarci; a volte ci aiutano perfino a capire chi siamo, cosa ci sta succedendo adesso. Di precise parole si vive, e di grande teatro\u201d.<\/p>\n<p>Come non essere d\u2019accordo con questa affermazione di <strong>Lella Costa<\/strong>, interprete unica e multipla di \u201c<strong><em>Otello.\u00a0Di precise parole si vive<\/em><\/strong>\u201d,\u00a0drammaturgia sua\u00a0con\u00a0<strong>Gabriele Vacis <\/strong>che firma anche la regia.<\/p>\n<p>Intensa e versatile sul palcoscenico del Comunale di Grado, primo appuntamento del calendario2024\/2025 proposto dall\u2019Ente Regionale Teatrale del Friuli Venezia Giulia.<\/p>\n<p>Un testo dalle varie letture, l\u2019etica di comportamento, il sospetto verso il diverso, il Moro tanto scuro ma tanto bravo che rapisce la bionda fanciulla figlia di notabile veneziano.<\/p>\n<p>La cupidigia, i comportamenti menzonieri spacciati per velocit\u00e0 di pensiero e azione, per capacit\u00e0 di agire e versatilit\u00e0.<\/p>\n<p>E poi quell\u2019amore malato che, invelenito da gelosia e calunnia, porta al femminicidio-suicido di Otello. Un testo attuale, attualissimo e allora forse risultano ridondanti i riferimenti a personaggi e personaggini della cronachetta italiana. Utili, questo s\u00ec, a strappare al pubblico una risata facile.<\/p>\n<p>Brava Lella Costa,\u00a0<em>\u00e7a va sans dire<\/em>, in questo lungo e impegnativo monologo nel quale, con dettagli minimi di gesti e voce, ha saputo vestire panni diversi di personaggi nati dalla penna geniale del \u201cBardo dell&#8217;Avon&#8221;, brava anche come voce narrante per legare gli uni agli altri.<\/p>\n<p>La stagione \u00e8 stata aperta dalla neo-assessora alla Cultura del comune di Grado, <strong>Lidianna Degrassi<\/strong>, che ha ricordato come il teatro sia un unicum immateriale, un <em>hic et nunc<\/em> irripetibile.<\/p>\n<p>Prossimo appuntamento marted\u00ec 3 dicembre con \u201c<em>Come sei bella stasera<\/em>\u201d, commedia brillante di Antonio De Santis, con Gaia De Laurentis e Max Pisu.<\/p>\n","protected":false},"excerpt":{"rendered":"<p>Lella Costa protagonista dello spettacolo d&#8217;esordio della stagione teatrale. Un filo mai sciolto tra passato e presente <\/p>\n","protected":false},"author":23,"featured_media":60229,"comment_status":"closed","ping_status":"closed","sticky":false,"template":"","format":"image","meta":{"dwc-title":[""],"dwc-content":[""],"footnotes":""},"categories":[37],"tags":[174,821,52],"class_list":["post-60394","post","type-post","status-publish","format-image","has-post-thumbnail","hentry","category-cultura-e-spettacolo","tag-grado","tag-spettacoli","tag-teatro","post_format-post-format-image"],"rttpg_featured_image_url":{"full":["https:\/\/imagazine.it\/wp-content\/uploads\/2024\/11\/Otello-ph-Serena-Serrani.jpg",1366,898,false],"landscape":["https:\/\/imagazine.it\/wp-content\/uploads\/2024\/11\/Otello-ph-Serena-Serrani.jpg",1366,898,false],"portraits":["https:\/\/imagazine.it\/wp-content\/uploads\/2024\/11\/Otello-ph-Serena-Serrani.jpg",1366,898,false],"thumbnail":["https:\/\/imagazine.it\/wp-content\/uploads\/2024\/11\/Otello-ph-Serena-Serrani-150x150.jpg",150,150,true],"medium":["https:\/\/imagazine.it\/wp-content\/uploads\/2024\/11\/Otello-ph-Serena-Serrani-300x197.jpg",300,197,true],"large":["https:\/\/imagazine.it\/wp-content\/uploads\/2024\/11\/Otello-ph-Serena-Serrani-1024x673.jpg",640,421,true],"thumblist":["https:\/\/imagazine.it\/wp-content\/uploads\/2024\/11\/Otello-ph-Serena-Serrani-300x300.jpg",300,300,true],"thumbrelated":["https:\/\/imagazine.it\/wp-content\/uploads\/2024\/11\/Otello-ph-Serena-Serrani-500x500.jpg",500,500,true],"meccarouselthumb":["https:\/\/imagazine.it\/wp-content\/uploads\/2024\/11\/Otello-ph-Serena-Serrani-474x324.jpg",474,324,true],"gridsquare":["https:\/\/imagazine.it\/wp-content\/uploads\/2024\/11\/Otello-ph-Serena-Serrani-391x260.jpg",391,260,true],"tileview":["https:\/\/imagazine.it\/wp-content\/uploads\/2024\/11\/Otello-ph-Serena-Serrani-300x400.jpg",300,400,true],"1536x1536":["https:\/\/imagazine.it\/wp-content\/uploads\/2024\/11\/Otello-ph-Serena-Serrani.jpg",1366,898,false],"2048x2048":["https:\/\/imagazine.it\/wp-content\/uploads\/2024\/11\/Otello-ph-Serena-Serrani.jpg",1366,898,false],"newsup-slider-full":["https:\/\/imagazine.it\/wp-content\/uploads\/2024\/11\/Otello-ph-Serena-Serrani-1280x720.jpg",1280,720,true],"newsup-featured":["https:\/\/imagazine.it\/wp-content\/uploads\/2024\/11\/Otello-ph-Serena-Serrani-1024x673.jpg",1024,673,true],"newsup-medium":["https:\/\/imagazine.it\/wp-content\/uploads\/2024\/11\/Otello-ph-Serena-Serrani-720x380.jpg",720,380,true],"tptn_thumbnail":["https:\/\/imagazine.it\/wp-content\/uploads\/2024\/11\/Otello-ph-Serena-Serrani-250x210.jpg",250,210,true],"sow-carousel-default":["https:\/\/imagazine.it\/wp-content\/uploads\/2024\/11\/Otello-ph-Serena-Serrani-272x182.jpg",272,182,true]},"rttpg_author":{"display_name":"Margherita Reguitti","author_link":"https:\/\/imagazine.it\/home_desk\/author\/reguitti\/"},"rttpg_comment":0,"rttpg_category":"<a href=\"https:\/\/imagazine.it\/home_desk\/category\/cultura-e-spettacolo\/\" rel=\"category tag\">CULTURA&amp;SPETTACOLO<\/a>","rttpg_excerpt":"Lella Costa protagonista dello spettacolo d'esordio della stagione teatrale. Un filo mai sciolto tra passato e presente","_links":{"self":[{"href":"https:\/\/imagazine.it\/home_desk\/wp-json\/wp\/v2\/posts\/60394","targetHints":{"allow":["GET"]}}],"collection":[{"href":"https:\/\/imagazine.it\/home_desk\/wp-json\/wp\/v2\/posts"}],"about":[{"href":"https:\/\/imagazine.it\/home_desk\/wp-json\/wp\/v2\/types\/post"}],"author":[{"embeddable":true,"href":"https:\/\/imagazine.it\/home_desk\/wp-json\/wp\/v2\/users\/23"}],"replies":[{"embeddable":true,"href":"https:\/\/imagazine.it\/home_desk\/wp-json\/wp\/v2\/comments?post=60394"}],"version-history":[{"count":0,"href":"https:\/\/imagazine.it\/home_desk\/wp-json\/wp\/v2\/posts\/60394\/revisions"}],"wp:featuredmedia":[{"embeddable":true,"href":"https:\/\/imagazine.it\/home_desk\/wp-json\/wp\/v2\/media\/60229"}],"wp:attachment":[{"href":"https:\/\/imagazine.it\/home_desk\/wp-json\/wp\/v2\/media?parent=60394"}],"wp:term":[{"taxonomy":"category","embeddable":true,"href":"https:\/\/imagazine.it\/home_desk\/wp-json\/wp\/v2\/categories?post=60394"},{"taxonomy":"post_tag","embeddable":true,"href":"https:\/\/imagazine.it\/home_desk\/wp-json\/wp\/v2\/tags?post=60394"}],"curies":[{"name":"wp","href":"https:\/\/api.w.org\/{rel}","templated":true}]}}