{"id":60387,"date":"2024-11-16T15:37:11","date_gmt":"2024-11-16T14:37:11","guid":{"rendered":"https:\/\/imagazine.it\/home_desk\/?p=60387"},"modified":"2024-11-18T16:10:52","modified_gmt":"2024-11-18T15:10:52","slug":"svelato-il-calendario-giubilare-gradese","status":"publish","type":"post","link":"https:\/\/imagazine.it\/home_desk\/svelato-il-calendario-giubilare-gradese\/","title":{"rendered":"Svelato il calendario giubilare gradese"},"content":{"rendered":"<p><span style=\"font-size: 10pt;\"><em>Don Giorgio Longo presenta il calendario<\/em><\/span><\/p>\n<p>GRADO \u2013 La sala monsignor Fain del Ricreatorio Spes di Grado ha ospitato la presentazione del <strong>nuovo e inedito calendario giubilare gradese 2025<\/strong>, curato da <strong>don Giorgio Longo<\/strong> e promosso dalla Cassa Rurale FVG.<\/p>\n<p><strong>Monsignor Mauro Belletti<\/strong> ha dato il benvenuto augurando che si tengano corsi di dialetto gradese per i giovani e per i pi\u00f9 piccoli, per tramandare un linguaggio sempre meno praticato e conosciuto nelle sue originali sfumature.<\/p>\n<p>Il presidente della Cassa Rurale FVG, <strong>Tiziano Portelli<\/strong>, si \u00e8 detto entusiasta per il progetto.<\/p>\n<p>Il calendario, composto da <strong>24 facciate alte 70 centimetri<\/strong>, \u00e8 un vero e proprio scrigno di cultura e tradizioni, una gemma non solo per l&#8217;isola ma per l&#8217;intero Friuli Venezia Giulia. L\u2019opera \u00e8 impreziosita dalle foto aeree di <strong>Ivan Regolin<\/strong>.<\/p>\n<p>Il professor <strong>Cristiano Meneghel<\/strong> ha illustrato l&#8217;opera, composta da <strong>oltre 500 proverbi<\/strong>, con brevi note biografiche di tutti i Santi, e sul retro i testi delle canzoni pi\u00f9 importanti per Grado, dalle antiche dell&#8217;800, a quelle del primo Novecento di Piero Marchesan Can\u00e0ro, ai Festival e al folklore gradese pi\u00f9 diffuso, rime, conte per bambini, preghiere in dialetto dei casoneri e antiche ninnenanne.<\/p>\n<p>Durante l&#8217;esposizione, il professor Meneghel ha interagito con don Longo, facendo ascoltare la melodia di alcune filastrocche e cantando per la prima volta una serie di vecchie ninnenanne dei nonni di laguna.<\/p>\n<figure id=\"attachment_60389\" aria-describedby=\"caption-attachment-60389\" style=\"width: 640px\" class=\"wp-caption aligncenter\"><img loading=\"lazy\" decoding=\"async\" class=\"size-large wp-image-60389\" src=\"https:\/\/imagazine.it\/wp-content\/uploads\/2024\/11\/pres-calendario01-1024x576.jpg\" alt=\"\" width=\"640\" height=\"360\" title=\"\" srcset=\"https:\/\/imagazine.it\/wp-content\/uploads\/2024\/11\/pres-calendario01-1024x576.jpg 1024w, https:\/\/imagazine.it\/wp-content\/uploads\/2024\/11\/pres-calendario01-300x169.jpg 300w, https:\/\/imagazine.it\/wp-content\/uploads\/2024\/11\/pres-calendario01-768x432.jpg 768w, https:\/\/imagazine.it\/wp-content\/uploads\/2024\/11\/pres-calendario01-1536x864.jpg 1536w, https:\/\/imagazine.it\/wp-content\/uploads\/2024\/11\/pres-calendario01-1280x720.jpg 1280w, https:\/\/imagazine.it\/wp-content\/uploads\/2024\/11\/pres-calendario01.jpg 1920w\" sizes=\"auto, (max-width: 640px) 100vw, 640px\" \/><figcaption id=\"caption-attachment-60389\" class=\"wp-caption-text\">Il pubblico intervenuto alla presentazione<\/figcaption><\/figure>\n<p>La Cassa Rurale FVG che ha regalato a tutti i presenti il calendario speciale in dialetto gradese, proprio in prossimit\u00e0 del Giubileo 2025.<\/p>\n<p>Anche a Roma, grazie al presepe, sar\u00e0 presente l&#8217;anima del gradese, un animo fiero e combattivo che non si arrende mai. Come recita il proverbio del 1\u00b0 gennaio 2025: \u201c<em>Com\u00f2 che se n\u00e0vega Idio te giuta e nol te bandona mai<\/em>\u201d (come ci si comporta cos\u00ec saremo accompagnati sempre dall&#8217;amore speciale di Dio).<\/p>\n<p>Al parroco <strong>monsignor Paolo Nutarelli<\/strong> sono stati rivolti, come segno di gratitudine per l&#8217;ospitalit\u00e0, gli ultimi proverbi sull&#8217;importanza di far comunit\u00e0 e collaborare assieme.<\/p>\n<figure id=\"attachment_60390\" aria-describedby=\"caption-attachment-60390\" style=\"width: 800px\" class=\"wp-caption aligncenter\"><img loading=\"lazy\" decoding=\"async\" class=\"size-full wp-image-60390\" src=\"https:\/\/imagazine.it\/wp-content\/uploads\/2024\/11\/pres-calendario04.jpg\" alt=\"\" width=\"800\" height=\"619\" title=\"\" srcset=\"https:\/\/imagazine.it\/wp-content\/uploads\/2024\/11\/pres-calendario04.jpg 800w, https:\/\/imagazine.it\/wp-content\/uploads\/2024\/11\/pres-calendario04-300x232.jpg 300w, https:\/\/imagazine.it\/wp-content\/uploads\/2024\/11\/pres-calendario04-768x594.jpg 768w\" sizes=\"auto, (max-width: 800px) 100vw, 800px\" \/><figcaption id=\"caption-attachment-60390\" class=\"wp-caption-text\">Don Giorgio Longo con in mano una copia del calendario<\/figcaption><\/figure>\n","protected":false},"excerpt":{"rendered":"<p>Curato da don Giorgio Longo, con foto aeree di Ivan Regolin, ospita oltre 500 proverbi, con note biografiche dei Santi e testi delle canzoni pi\u00f9 importanti per Grado<\/p>\n","protected":false},"author":22,"featured_media":60388,"comment_status":"closed","ping_status":"closed","sticky":false,"template":"","format":"image","meta":{"dwc-title":[""],"dwc-content":[""],"footnotes":""},"categories":[5],"tags":[2502,174,419],"class_list":["post-60387","post","type-post","status-publish","format-image","has-post-thumbnail","hentry","category-attualita","tag-calendario","tag-grado","tag-tradizioni","post_format-post-format-image"],"rttpg_featured_image_url":{"full":["https:\/\/imagazine.it\/wp-content\/uploads\/2024\/11\/pres-calendario03.jpg",1366,782,false],"landscape":["https:\/\/imagazine.it\/wp-content\/uploads\/2024\/11\/pres-calendario03.jpg",1366,782,false],"portraits":["https:\/\/imagazine.it\/wp-content\/uploads\/2024\/11\/pres-calendario03.jpg",1366,782,false],"thumbnail":["https:\/\/imagazine.it\/wp-content\/uploads\/2024\/11\/pres-calendario03-150x150.jpg",150,150,true],"medium":["https:\/\/imagazine.it\/wp-content\/uploads\/2024\/11\/pres-calendario03-300x172.jpg",300,172,true],"large":["https:\/\/imagazine.it\/wp-content\/uploads\/2024\/11\/pres-calendario03-1024x586.jpg",640,366,true],"thumblist":["https:\/\/imagazine.it\/wp-content\/uploads\/2024\/11\/pres-calendario03-300x300.jpg",300,300,true],"thumbrelated":["https:\/\/imagazine.it\/wp-content\/uploads\/2024\/11\/pres-calendario03-500x500.jpg",500,500,true],"meccarouselthumb":["https:\/\/imagazine.it\/wp-content\/uploads\/2024\/11\/pres-calendario03-474x324.jpg",474,324,true],"gridsquare":["https:\/\/imagazine.it\/wp-content\/uploads\/2024\/11\/pres-calendario03-391x260.jpg",391,260,true],"tileview":["https:\/\/imagazine.it\/wp-content\/uploads\/2024\/11\/pres-calendario03-300x400.jpg",300,400,true],"1536x1536":["https:\/\/imagazine.it\/wp-content\/uploads\/2024\/11\/pres-calendario03.jpg",1366,782,false],"2048x2048":["https:\/\/imagazine.it\/wp-content\/uploads\/2024\/11\/pres-calendario03.jpg",1366,782,false],"newsup-slider-full":["https:\/\/imagazine.it\/wp-content\/uploads\/2024\/11\/pres-calendario03-1280x720.jpg",1280,720,true],"newsup-featured":["https:\/\/imagazine.it\/wp-content\/uploads\/2024\/11\/pres-calendario03-1024x586.jpg",1024,586,true],"newsup-medium":["https:\/\/imagazine.it\/wp-content\/uploads\/2024\/11\/pres-calendario03-720x380.jpg",720,380,true],"tptn_thumbnail":["https:\/\/imagazine.it\/wp-content\/uploads\/2024\/11\/pres-calendario03-250x210.jpg",250,210,true],"sow-carousel-default":["https:\/\/imagazine.it\/wp-content\/uploads\/2024\/11\/pres-calendario03-272x182.jpg",272,182,true]},"rttpg_author":{"display_name":"Livio Nonis","author_link":"https:\/\/imagazine.it\/home_desk\/author\/nonis\/"},"rttpg_comment":0,"rttpg_category":"<a href=\"https:\/\/imagazine.it\/home_desk\/category\/attualita\/\" rel=\"category tag\">ATTUALIT\u00c0<\/a>","rttpg_excerpt":"Curato da don Giorgio Longo, con foto aeree di Ivan Regolin, ospita oltre 500 proverbi, con note biografiche dei Santi e testi delle canzoni pi\u00f9 importanti per Grado","_links":{"self":[{"href":"https:\/\/imagazine.it\/home_desk\/wp-json\/wp\/v2\/posts\/60387","targetHints":{"allow":["GET"]}}],"collection":[{"href":"https:\/\/imagazine.it\/home_desk\/wp-json\/wp\/v2\/posts"}],"about":[{"href":"https:\/\/imagazine.it\/home_desk\/wp-json\/wp\/v2\/types\/post"}],"author":[{"embeddable":true,"href":"https:\/\/imagazine.it\/home_desk\/wp-json\/wp\/v2\/users\/22"}],"replies":[{"embeddable":true,"href":"https:\/\/imagazine.it\/home_desk\/wp-json\/wp\/v2\/comments?post=60387"}],"version-history":[{"count":0,"href":"https:\/\/imagazine.it\/home_desk\/wp-json\/wp\/v2\/posts\/60387\/revisions"}],"wp:featuredmedia":[{"embeddable":true,"href":"https:\/\/imagazine.it\/home_desk\/wp-json\/wp\/v2\/media\/60388"}],"wp:attachment":[{"href":"https:\/\/imagazine.it\/home_desk\/wp-json\/wp\/v2\/media?parent=60387"}],"wp:term":[{"taxonomy":"category","embeddable":true,"href":"https:\/\/imagazine.it\/home_desk\/wp-json\/wp\/v2\/categories?post=60387"},{"taxonomy":"post_tag","embeddable":true,"href":"https:\/\/imagazine.it\/home_desk\/wp-json\/wp\/v2\/tags?post=60387"}],"curies":[{"name":"wp","href":"https:\/\/api.w.org\/{rel}","templated":true}]}}