{"id":60366,"date":"2024-11-16T11:57:37","date_gmt":"2024-11-16T10:57:37","guid":{"rendered":"https:\/\/imagazine.it\/home_desk\/?p=60366"},"modified":"2024-11-19T11:15:09","modified_gmt":"2024-11-19T10:15:09","slug":"fiumicello-nuova-auto-per-il-trasporto-solidale","status":"publish","type":"post","link":"https:\/\/imagazine.it\/home_desk\/fiumicello-nuova-auto-per-il-trasporto-solidale\/","title":{"rendered":"Fiumicello: nuova auto per il trasporto solidale"},"content":{"rendered":"<p><span style=\"font-size: 10pt;\"><em>L\u2019inaugurazione della vettura (\u00a9 Enzo Andrian)<\/em><\/span><\/p>\n<p>FIUMICELLO VILLA VICENTINA \u2013 Quest&#8217;anno la manifestazione \u201c<em>Castagne e ribolla<\/em>\u201d dell&#8217;associazione <strong>AUSER Fiumicello Villa Vicentina<\/strong> ha assunto un significato ancora pi\u00f9 profondo.<\/p>\n<p>\u00c8 stata infatti l&#8217;occasione per presentare al pubblico la <strong>nuova auto attrezzata <\/strong>destinata al <strong>trasporto solidale<\/strong>.<\/p>\n<p>Grazie al contributo della Cassa Rurale FVG e alla donazione della famiglia <strong>in ricordo della giovane Giada Furlanut<\/strong>, scomparsa precocemente, l&#8217;associazione \u00e8 riuscita ad acquistare un nuovo mezzo che permetter\u00e0 di ampliare i servizi offerti alle persone pi\u00f9 fragili.<\/p>\n<p>Alla cerimonia erano presenti il sindaco <strong>Alessandro Dijust<\/strong> e molti assessori, il presidente della Cassa Rurale FVG, <strong>Tiziano Portelli<\/strong>, il consigliere regionale <strong>Massimiliano Pozzo<\/strong>, il presidente provinciale Auser, <strong>Dario Rassatti<\/strong>, il parroco <strong>don Mirko Franetovich<\/strong> e rappresentanti delle Auser limitrofe.<\/p>\n<p>Presenti anche i familiari di Giada Furlanut.<\/p>\n<p>Durante la festa, il presidente dell\u2019Auser locale, <strong>Pierino Movio<\/strong>, ha illustrato le numerose attivit\u00e0 portate avanti, da quelle svolte in collaborazione con l&#8217;amministrazione comunale a quelle di trasporto solidale, sottolineando che sono stati percorsi quest\u2019anno 20.400 km e trasportati 390 utenti.<\/p>\n<p>Tutto ci\u00f2 \u00e8 reso possibile grazie ai volontari che, andando avanti negli anni, necessitano di essere sostenuti da forze fresche. A questo proposito, Movio ha ricordato che Auser Fiumicello Villa Vicentina \u00e8 una delle pi\u00f9 grosse sezioni del FVG con 625 soci e 45 volontari attivi, invitando i cittadini a donare il loro tempo per fare parte attiva di questo gruppo.<\/p>\n","protected":false},"excerpt":{"rendered":"<p>In dotazione all&#8217;AUSER grazie al contributo della Cassa Rurale FVG e alla donazione della famiglia di Giada Furlanut<\/p>\n","protected":false},"author":28,"featured_media":60367,"comment_status":"closed","ping_status":"closed","sticky":false,"template":"","format":"image","meta":{"dwc-title":[""],"dwc-content":[""],"footnotes":""},"categories":[5],"tags":[189,1678,393,145],"class_list":["post-60366","post","type-post","status-publish","format-image","has-post-thumbnail","hentry","category-attualita","tag-anziani","tag-auser","tag-fiumicello","tag-solidarieta","post_format-post-format-image"],"rttpg_featured_image_url":{"full":["https:\/\/imagazine.it\/wp-content\/uploads\/2024\/11\/auto-solidarieta-03.jpg",1366,778,false],"landscape":["https:\/\/imagazine.it\/wp-content\/uploads\/2024\/11\/auto-solidarieta-03.jpg",1366,778,false],"portraits":["https:\/\/imagazine.it\/wp-content\/uploads\/2024\/11\/auto-solidarieta-03.jpg",1366,778,false],"thumbnail":["https:\/\/imagazine.it\/wp-content\/uploads\/2024\/11\/auto-solidarieta-03-150x150.jpg",150,150,true],"medium":["https:\/\/imagazine.it\/wp-content\/uploads\/2024\/11\/auto-solidarieta-03-300x171.jpg",300,171,true],"large":["https:\/\/imagazine.it\/wp-content\/uploads\/2024\/11\/auto-solidarieta-03-1024x583.jpg",640,364,true],"thumblist":["https:\/\/imagazine.it\/wp-content\/uploads\/2024\/11\/auto-solidarieta-03-300x300.jpg",300,300,true],"thumbrelated":["https:\/\/imagazine.it\/wp-content\/uploads\/2024\/11\/auto-solidarieta-03-500x500.jpg",500,500,true],"meccarouselthumb":["https:\/\/imagazine.it\/wp-content\/uploads\/2024\/11\/auto-solidarieta-03-474x324.jpg",474,324,true],"gridsquare":["https:\/\/imagazine.it\/wp-content\/uploads\/2024\/11\/auto-solidarieta-03-391x260.jpg",391,260,true],"tileview":["https:\/\/imagazine.it\/wp-content\/uploads\/2024\/11\/auto-solidarieta-03-300x400.jpg",300,400,true],"1536x1536":["https:\/\/imagazine.it\/wp-content\/uploads\/2024\/11\/auto-solidarieta-03.jpg",1366,778,false],"2048x2048":["https:\/\/imagazine.it\/wp-content\/uploads\/2024\/11\/auto-solidarieta-03.jpg",1366,778,false],"newsup-slider-full":["https:\/\/imagazine.it\/wp-content\/uploads\/2024\/11\/auto-solidarieta-03-1280x720.jpg",1280,720,true],"newsup-featured":["https:\/\/imagazine.it\/wp-content\/uploads\/2024\/11\/auto-solidarieta-03-1024x583.jpg",1024,583,true],"newsup-medium":["https:\/\/imagazine.it\/wp-content\/uploads\/2024\/11\/auto-solidarieta-03-720x380.jpg",720,380,true],"tptn_thumbnail":["https:\/\/imagazine.it\/wp-content\/uploads\/2024\/11\/auto-solidarieta-03-250x210.jpg",250,210,true],"sow-carousel-default":["https:\/\/imagazine.it\/wp-content\/uploads\/2024\/11\/auto-solidarieta-03-272x182.jpg",272,182,true]},"rttpg_author":{"display_name":"redazione","author_link":"https:\/\/imagazine.it\/home_desk\/author\/redazione\/"},"rttpg_comment":0,"rttpg_category":"<a href=\"https:\/\/imagazine.it\/home_desk\/category\/attualita\/\" rel=\"category tag\">ATTUALIT\u00c0<\/a>","rttpg_excerpt":"In dotazione all'AUSER grazie al contributo della Cassa Rurale FVG e alla donazione della famiglia di Giada Furlanut","_links":{"self":[{"href":"https:\/\/imagazine.it\/home_desk\/wp-json\/wp\/v2\/posts\/60366","targetHints":{"allow":["GET"]}}],"collection":[{"href":"https:\/\/imagazine.it\/home_desk\/wp-json\/wp\/v2\/posts"}],"about":[{"href":"https:\/\/imagazine.it\/home_desk\/wp-json\/wp\/v2\/types\/post"}],"author":[{"embeddable":true,"href":"https:\/\/imagazine.it\/home_desk\/wp-json\/wp\/v2\/users\/28"}],"replies":[{"embeddable":true,"href":"https:\/\/imagazine.it\/home_desk\/wp-json\/wp\/v2\/comments?post=60366"}],"version-history":[{"count":0,"href":"https:\/\/imagazine.it\/home_desk\/wp-json\/wp\/v2\/posts\/60366\/revisions"}],"wp:featuredmedia":[{"embeddable":true,"href":"https:\/\/imagazine.it\/home_desk\/wp-json\/wp\/v2\/media\/60367"}],"wp:attachment":[{"href":"https:\/\/imagazine.it\/home_desk\/wp-json\/wp\/v2\/media?parent=60366"}],"wp:term":[{"taxonomy":"category","embeddable":true,"href":"https:\/\/imagazine.it\/home_desk\/wp-json\/wp\/v2\/categories?post=60366"},{"taxonomy":"post_tag","embeddable":true,"href":"https:\/\/imagazine.it\/home_desk\/wp-json\/wp\/v2\/tags?post=60366"}],"curies":[{"name":"wp","href":"https:\/\/api.w.org\/{rel}","templated":true}]}}