{"id":60280,"date":"2024-11-13T12:52:15","date_gmt":"2024-11-13T11:52:15","guid":{"rendered":"https:\/\/imagazine.it\/home_desk\/?p=60280"},"modified":"2024-11-14T15:04:17","modified_gmt":"2024-11-14T14:04:17","slug":"cinema-tre-registe-al-lavoro-a-gorizia","status":"publish","type":"post","link":"https:\/\/imagazine.it\/home_desk\/cinema-tre-registe-al-lavoro-a-gorizia\/","title":{"rendered":"Cinema: tre registe al lavoro a Gorizia"},"content":{"rendered":"<p><span style=\"font-size: 10pt;\"><em>Da destra Spada, Baldacci, D\u2019Ignoti e Martinotti<\/em><\/span><\/p>\n<p>GORIZIA \u2013 Ha preso avvio la terza sessione di <strong>Via della Creativit\u00e0<\/strong>, la residenza per <strong>artiste e artisti cinematografici<\/strong> realizzata a <strong>Gorizia<\/strong> nell\u2019ambito di <strong>BorGO Cinema<\/strong>.<\/p>\n<p>Tutta al femminile questa <strong>edizione autunnale<\/strong>, con un tris di protagoniste: le registe <strong>Marina Spada, Beatrice Baldacci e Federica D\u2019Ignoti<\/strong> che per tre settimane lavoreranno sui loro progetti all\u2019interno della <em>Bottega delle storie <\/em>in via Rastello.<\/p>\n<p>Tre sguardi femminili, tre storie di donne, tre generazioni di creative del cinema <strong>impegnate a Gorizia nella ricerca<\/strong>, lo <strong>sviluppo<\/strong> e la <strong>scrittura<\/strong> di <strong>tre opere originali.<\/strong><\/p>\n<p>\u201cDopo i progetti di Ballo, Buchholz e Pallotta che hanno interagito qui a Gorizia con forte complicit\u00e0, siamo soddisfatti per la selezione di tre storie di altrettante autrici di talento e siamo convinti che anche tra loro si intrecceranno potenti energie creative\u201d, dichiara <strong>Francesco Ranieri Martinotti<\/strong>, curatore di Via della Creativit\u00e0.<\/p>\n<p><strong>Marina Spada <\/strong>concentrer\u00e0 il suo lavoro goriziano sul primo episodio della serie \u201c<strong><em>Pionieri<\/em>\u201d<\/strong> dedicata alle origini del cinema italiano, dal titolo \u201c<strong><em>Rifare il mondo<\/em><\/strong>\u201d.<\/p>\n<p>Per <strong>Beatrice Baldacci <\/strong>il progetto selezionato da Via della Creativit\u00e0 \u00e8 \u201c<em>Possibili avvenimenti e probabili scenari della mia vita immaginata<\/em>\u201d<em>, <\/em>dove la giovane regista vuole raccontare la dimensione universale della piccola cittadina che entra in contrasto con la grande citt\u00e0.<\/p>\n<p><strong>Federica D\u2019Ignoti <\/strong>ha scritto insieme a Francesca Scanu il progetto &#8220;<strong><em>Mater, Matris, Matri<\/em><\/strong>\u201d sulla maternit\u00e0 surrogata, per il quale \u00e8 stata selezionata a Via della Creativit\u00e0.<\/p>\n<p>Il progetto pilota \u201cMille anni di storia al centro dell\u2019Europa: Borgo Castello crocevia di popoli e culture\u201d \u00e8 finanziato dalla Regione FVG con Fondi PNRR Borghi e organizzato da Palazzo del Cinema in collaborazione con Anac-Associazione Nazionale Autori Cinematografici.<\/p>\n","protected":false},"excerpt":{"rendered":"<p>Per tre settimane lavoreranno sui loro progetti all\u2019interno della Bottega delle storie in via Rastello<\/p>\n","protected":false},"author":28,"featured_media":60281,"comment_status":"closed","ping_status":"closed","sticky":false,"template":"","format":"image","meta":{"dwc-title":[""],"dwc-content":[""],"footnotes":""},"categories":[37],"tags":[403,387,1410,43],"class_list":["post-60280","post","type-post","status-publish","format-image","has-post-thumbnail","hentry","category-cultura-e-spettacolo","tag-cinema","tag-donne","tag-film","tag-gorizia","post_format-post-format-image"],"rttpg_featured_image_url":{"full":["https:\/\/imagazine.it\/wp-content\/uploads\/2024\/11\/Via-della-Creativita_-SPADA-BALDACCI-DIGNOTI-MARTINOTTI.jpg",1366,754,false],"landscape":["https:\/\/imagazine.it\/wp-content\/uploads\/2024\/11\/Via-della-Creativita_-SPADA-BALDACCI-DIGNOTI-MARTINOTTI.jpg",1366,754,false],"portraits":["https:\/\/imagazine.it\/wp-content\/uploads\/2024\/11\/Via-della-Creativita_-SPADA-BALDACCI-DIGNOTI-MARTINOTTI.jpg",1366,754,false],"thumbnail":["https:\/\/imagazine.it\/wp-content\/uploads\/2024\/11\/Via-della-Creativita_-SPADA-BALDACCI-DIGNOTI-MARTINOTTI-150x150.jpg",150,150,true],"medium":["https:\/\/imagazine.it\/wp-content\/uploads\/2024\/11\/Via-della-Creativita_-SPADA-BALDACCI-DIGNOTI-MARTINOTTI-300x166.jpg",300,166,true],"large":["https:\/\/imagazine.it\/wp-content\/uploads\/2024\/11\/Via-della-Creativita_-SPADA-BALDACCI-DIGNOTI-MARTINOTTI-1024x565.jpg",640,353,true],"thumblist":["https:\/\/imagazine.it\/wp-content\/uploads\/2024\/11\/Via-della-Creativita_-SPADA-BALDACCI-DIGNOTI-MARTINOTTI-300x300.jpg",300,300,true],"thumbrelated":["https:\/\/imagazine.it\/wp-content\/uploads\/2024\/11\/Via-della-Creativita_-SPADA-BALDACCI-DIGNOTI-MARTINOTTI-500x500.jpg",500,500,true],"meccarouselthumb":["https:\/\/imagazine.it\/wp-content\/uploads\/2024\/11\/Via-della-Creativita_-SPADA-BALDACCI-DIGNOTI-MARTINOTTI-474x324.jpg",474,324,true],"gridsquare":["https:\/\/imagazine.it\/wp-content\/uploads\/2024\/11\/Via-della-Creativita_-SPADA-BALDACCI-DIGNOTI-MARTINOTTI-391x260.jpg",391,260,true],"tileview":["https:\/\/imagazine.it\/wp-content\/uploads\/2024\/11\/Via-della-Creativita_-SPADA-BALDACCI-DIGNOTI-MARTINOTTI-300x400.jpg",300,400,true],"1536x1536":["https:\/\/imagazine.it\/wp-content\/uploads\/2024\/11\/Via-della-Creativita_-SPADA-BALDACCI-DIGNOTI-MARTINOTTI.jpg",1366,754,false],"2048x2048":["https:\/\/imagazine.it\/wp-content\/uploads\/2024\/11\/Via-della-Creativita_-SPADA-BALDACCI-DIGNOTI-MARTINOTTI.jpg",1366,754,false],"newsup-slider-full":["https:\/\/imagazine.it\/wp-content\/uploads\/2024\/11\/Via-della-Creativita_-SPADA-BALDACCI-DIGNOTI-MARTINOTTI-1280x720.jpg",1280,720,true],"newsup-featured":["https:\/\/imagazine.it\/wp-content\/uploads\/2024\/11\/Via-della-Creativita_-SPADA-BALDACCI-DIGNOTI-MARTINOTTI-1024x565.jpg",1024,565,true],"newsup-medium":["https:\/\/imagazine.it\/wp-content\/uploads\/2024\/11\/Via-della-Creativita_-SPADA-BALDACCI-DIGNOTI-MARTINOTTI-720x380.jpg",720,380,true],"tptn_thumbnail":["https:\/\/imagazine.it\/wp-content\/uploads\/2024\/11\/Via-della-Creativita_-SPADA-BALDACCI-DIGNOTI-MARTINOTTI-250x210.jpg",250,210,true],"sow-carousel-default":["https:\/\/imagazine.it\/wp-content\/uploads\/2024\/11\/Via-della-Creativita_-SPADA-BALDACCI-DIGNOTI-MARTINOTTI-272x182.jpg",272,182,true]},"rttpg_author":{"display_name":"redazione","author_link":"https:\/\/imagazine.it\/home_desk\/author\/redazione\/"},"rttpg_comment":0,"rttpg_category":"<a href=\"https:\/\/imagazine.it\/home_desk\/category\/cultura-e-spettacolo\/\" rel=\"category tag\">CULTURA&amp;SPETTACOLO<\/a>","rttpg_excerpt":"Per tre settimane lavoreranno sui loro progetti all\u2019interno della Bottega delle storie in via Rastello","_links":{"self":[{"href":"https:\/\/imagazine.it\/home_desk\/wp-json\/wp\/v2\/posts\/60280","targetHints":{"allow":["GET"]}}],"collection":[{"href":"https:\/\/imagazine.it\/home_desk\/wp-json\/wp\/v2\/posts"}],"about":[{"href":"https:\/\/imagazine.it\/home_desk\/wp-json\/wp\/v2\/types\/post"}],"author":[{"embeddable":true,"href":"https:\/\/imagazine.it\/home_desk\/wp-json\/wp\/v2\/users\/28"}],"replies":[{"embeddable":true,"href":"https:\/\/imagazine.it\/home_desk\/wp-json\/wp\/v2\/comments?post=60280"}],"version-history":[{"count":0,"href":"https:\/\/imagazine.it\/home_desk\/wp-json\/wp\/v2\/posts\/60280\/revisions"}],"wp:featuredmedia":[{"embeddable":true,"href":"https:\/\/imagazine.it\/home_desk\/wp-json\/wp\/v2\/media\/60281"}],"wp:attachment":[{"href":"https:\/\/imagazine.it\/home_desk\/wp-json\/wp\/v2\/media?parent=60280"}],"wp:term":[{"taxonomy":"category","embeddable":true,"href":"https:\/\/imagazine.it\/home_desk\/wp-json\/wp\/v2\/categories?post=60280"},{"taxonomy":"post_tag","embeddable":true,"href":"https:\/\/imagazine.it\/home_desk\/wp-json\/wp\/v2\/tags?post=60280"}],"curies":[{"name":"wp","href":"https:\/\/api.w.org\/{rel}","templated":true}]}}