{"id":60222,"date":"2024-11-11T17:17:59","date_gmt":"2024-11-11T16:17:59","guid":{"rendered":"https:\/\/imagazine.it\/home_desk\/?p=60222"},"modified":"2024-11-12T18:34:24","modified_gmt":"2024-11-12T17:34:24","slug":"gradisca-60-artisti-del-fvg-in-mostra-alla-spazzapan","status":"publish","type":"post","link":"https:\/\/imagazine.it\/home_desk\/gradisca-60-artisti-del-fvg-in-mostra-alla-spazzapan\/","title":{"rendered":"Gradisca: 60 artisti del FVG in mostra alla Spazzapan"},"content":{"rendered":"<p><span style=\"font-size: 10pt;\"><em>(ph. ERPAC FVG)<\/em><\/span><\/p>\n<p>GRADISCA D\u2019ISONZO \u2013 Sessanta artisti contemporanei del Friuli Venezia Giulia (<span style=\"text-decoration: underline;\"><a href=\"https:\/\/galleriaspazzapan.regione.fvg.it\/it\/elenco-degli-artisti-che-parteciperanno-nei-prossimi-tre-anni-a-esposizioni-alla-spazzapan-134193\" target=\"_blank\" rel=\"noopener\">clicca qui per l&#8217;elenco completo<\/a><\/span>) nei <strong>prossimi tre anni<\/strong>\u00a0saranno protagonisti di mostre e iniziative espositive alla Galleria Regionale d\u2019Arte contemporanea\u00a0<strong>\u201cLuigi Spazzapan\u201d<\/strong>\u00a0di Gradisca d\u2019Isonzo.<\/p>\n<p>\u00c8 il risultato della prima selezione di artisti che hanno aderito a\u00a0<strong>\u201c<em>Together\/Insieme<\/em>\u201d<\/strong>, progetto voluto dalla\u00a0<strong>Regione<\/strong>\u00a0e da\u00a0<strong>Erpac FVG<\/strong>\u00a0per valorizzare e promuovere l\u2019arte contemporanea del nostro territorio.<\/p>\n<p>A scegliere i sessanta artisti \u00e8 stato il comitato scientifico del progetto, che ha esaminato attentamente il materiale raccolto nel 2023, basando la selezione sull\u2019affinit\u00e0 degli artisti con le tendenze dell\u2019arte contemporanea internazionale, la loro capacit\u00e0 di aprire nuove interpretazioni del reale, la loro capacit\u00e0 di riflettere sul ruolo dell\u2019artista nella societ\u00e0 contemporanea e la sua connessione con le espressioni artistiche che hanno caratterizzato il Friuli Venezia Giulia nell&#8217;ultimo secolo.<\/p>\n<p>Una attenta analisi da cui emerge un panorama artistico regionale in &#8220;ottima salute&#8221;, allineato alle ricerche internazionali, spesso sostenuto da una formazione diversificata e legato a istituzioni di alto profilo.<\/p>\n<p>Gli artisti vantano inoltre una rete di rapporti con musei, gallerie, associazioni, imprese e progetti innovativi. Il materiale raccolto rivela una scena artistica eterogenea, aperta a vari linguaggi espressivi e aggiornata sul proprio sviluppo. La mappatura ha inoltre fornito informazioni sul sistema dell&#8217;arte, mostrando i percorsi formativi preferiti dagli artisti, le modalit\u00e0 operative, le fonti di finanziamento e l\u2019importanza della \u201cmostra\u201d come strumento essenziale per promuovere l\u2019attivit\u00e0 artistica.<\/p>\n<p>Nel corso di quest\u2019anno il progetto \u201c<em>Together\/Insieme<\/em>\u201d si \u00e8 ampliato, includendo nuovi incontri e dialoghi che hanno arricchito e articolato ulteriormente il suo sviluppo. Sono stati organizzati parallelamente due simposi, che hanno riunito in regione figure chiave del panorama artistico nazionale e internazionale, tra cui curatori, galleristi, funzionari pubblici e rappresentanti di associazioni, per confrontarsi su vari aspetti del sistema dell&#8217;arte contemporanea.<\/p>\n<p>Da questi risultati \u00e8 nata l\u2019idea di un programma espositivo triennale che si svolger\u00e0 principalmente alla Galleria Spazzapan, coinvolgendo direttamente gli artisti e puntando alla realizzazione di iniziative condivise che, con il tempo, potrebbero espandersi oltre i confini regionali.<\/p>\n<p>Considerando la continua evoluzione del panorama artistico, le candidature per aderire al progetto riapriranno dal primo gennaio 2025, trasformando\u00a0<em>Together\/Insieme<\/em>\u00a0in un vero laboratorio di ricerca e valorizzazione delle risorse artistiche nel contesto regionale.<\/p>\n<p>In vista dell\u2019avvio di questa seconda fase del progetto e del delinearsi della sua nuova identit\u00e0, Erpac FVG informa che si sta lavorando su un nuovo sito internet, che rappresenter\u00e0 una nuova vetrina volta a restituire in modo pi\u00f9 funzionale e adeguato i pi\u00f9 recenti contributi e la documentazione inerente lo sviluppo del progetto nel tempo.<\/p>\n","protected":false},"excerpt":{"rendered":"<p>Protagonisti nei prossimi tre anni grazie al progetto \u201cTogether\/Insieme\u201d per promuovere l\u2019arte contemporanea del nostro territorio<\/p>\n","protected":false},"author":28,"featured_media":60225,"comment_status":"closed","ping_status":"closed","sticky":false,"template":"","format":"image","meta":{"dwc-title":[""],"dwc-content":[""],"footnotes":""},"categories":[37],"tags":[165,2585,254,60,1539],"class_list":["post-60222","post","type-post","status-publish","format-image","has-post-thumbnail","hentry","category-cultura-e-spettacolo","tag-arte","tag-artisti","tag-gradisca","tag-mostre","tag-spazzapan","post_format-post-format-image"],"rttpg_featured_image_url":{"full":["https:\/\/imagazine.it\/wp-content\/uploads\/2024\/11\/spazzapanFB.jpg",1366,736,false],"landscape":["https:\/\/imagazine.it\/wp-content\/uploads\/2024\/11\/spazzapanFB.jpg",1366,736,false],"portraits":["https:\/\/imagazine.it\/wp-content\/uploads\/2024\/11\/spazzapanFB.jpg",1366,736,false],"thumbnail":["https:\/\/imagazine.it\/wp-content\/uploads\/2024\/11\/spazzapanFB-150x150.jpg",150,150,true],"medium":["https:\/\/imagazine.it\/wp-content\/uploads\/2024\/11\/spazzapanFB-300x162.jpg",300,162,true],"large":["https:\/\/imagazine.it\/wp-content\/uploads\/2024\/11\/spazzapanFB-1024x552.jpg",640,345,true],"thumblist":["https:\/\/imagazine.it\/wp-content\/uploads\/2024\/11\/spazzapanFB-300x300.jpg",300,300,true],"thumbrelated":["https:\/\/imagazine.it\/wp-content\/uploads\/2024\/11\/spazzapanFB-500x500.jpg",500,500,true],"meccarouselthumb":["https:\/\/imagazine.it\/wp-content\/uploads\/2024\/11\/spazzapanFB-474x324.jpg",474,324,true],"gridsquare":["https:\/\/imagazine.it\/wp-content\/uploads\/2024\/11\/spazzapanFB-391x260.jpg",391,260,true],"tileview":["https:\/\/imagazine.it\/wp-content\/uploads\/2024\/11\/spazzapanFB-300x400.jpg",300,400,true],"1536x1536":["https:\/\/imagazine.it\/wp-content\/uploads\/2024\/11\/spazzapanFB.jpg",1366,736,false],"2048x2048":["https:\/\/imagazine.it\/wp-content\/uploads\/2024\/11\/spazzapanFB.jpg",1366,736,false],"newsup-slider-full":["https:\/\/imagazine.it\/wp-content\/uploads\/2024\/11\/spazzapanFB-1280x720.jpg",1280,720,true],"newsup-featured":["https:\/\/imagazine.it\/wp-content\/uploads\/2024\/11\/spazzapanFB-1024x552.jpg",1024,552,true],"newsup-medium":["https:\/\/imagazine.it\/wp-content\/uploads\/2024\/11\/spazzapanFB-720x380.jpg",720,380,true],"tptn_thumbnail":["https:\/\/imagazine.it\/wp-content\/uploads\/2024\/11\/spazzapanFB-250x210.jpg",250,210,true],"sow-carousel-default":["https:\/\/imagazine.it\/wp-content\/uploads\/2024\/11\/spazzapanFB-272x182.jpg",272,182,true]},"rttpg_author":{"display_name":"redazione","author_link":"https:\/\/imagazine.it\/home_desk\/author\/redazione\/"},"rttpg_comment":0,"rttpg_category":"<a href=\"https:\/\/imagazine.it\/home_desk\/category\/cultura-e-spettacolo\/\" rel=\"category tag\">CULTURA&amp;SPETTACOLO<\/a>","rttpg_excerpt":"Protagonisti nei prossimi tre anni grazie al progetto \u201cTogether\/Insieme\u201d per promuovere l\u2019arte contemporanea del nostro territorio","_links":{"self":[{"href":"https:\/\/imagazine.it\/home_desk\/wp-json\/wp\/v2\/posts\/60222","targetHints":{"allow":["GET"]}}],"collection":[{"href":"https:\/\/imagazine.it\/home_desk\/wp-json\/wp\/v2\/posts"}],"about":[{"href":"https:\/\/imagazine.it\/home_desk\/wp-json\/wp\/v2\/types\/post"}],"author":[{"embeddable":true,"href":"https:\/\/imagazine.it\/home_desk\/wp-json\/wp\/v2\/users\/28"}],"replies":[{"embeddable":true,"href":"https:\/\/imagazine.it\/home_desk\/wp-json\/wp\/v2\/comments?post=60222"}],"version-history":[{"count":0,"href":"https:\/\/imagazine.it\/home_desk\/wp-json\/wp\/v2\/posts\/60222\/revisions"}],"wp:featuredmedia":[{"embeddable":true,"href":"https:\/\/imagazine.it\/home_desk\/wp-json\/wp\/v2\/media\/60225"}],"wp:attachment":[{"href":"https:\/\/imagazine.it\/home_desk\/wp-json\/wp\/v2\/media?parent=60222"}],"wp:term":[{"taxonomy":"category","embeddable":true,"href":"https:\/\/imagazine.it\/home_desk\/wp-json\/wp\/v2\/categories?post=60222"},{"taxonomy":"post_tag","embeddable":true,"href":"https:\/\/imagazine.it\/home_desk\/wp-json\/wp\/v2\/tags?post=60222"}],"curies":[{"name":"wp","href":"https:\/\/api.w.org\/{rel}","templated":true}]}}