{"id":60161,"date":"2024-11-07T12:58:56","date_gmt":"2024-11-07T11:58:56","guid":{"rendered":"https:\/\/imagazine.it\/home_desk\/?p=60161"},"modified":"2024-11-11T17:20:29","modified_gmt":"2024-11-11T16:20:29","slug":"palmanova-boom-di-iscrizioni-alla-mezza-maratona","status":"publish","type":"post","link":"https:\/\/imagazine.it\/home_desk\/palmanova-boom-di-iscrizioni-alla-mezza-maratona\/","title":{"rendered":"Palmanova: boom di iscrizioni alla Mezza Maratona"},"content":{"rendered":"<p><span style=\"font-size: 10pt;\"><em>Un&#8217;immagine della passata edizione<\/em><\/span><\/p>\n<p>PALMANOVA \u2013\u00a0La <strong>Mezza Maratona \u201cCitt\u00e0 di Palmanova\u201d<\/strong> torna ufficialmente sul percorso che ne ha accompagnato la crescita per 19 delle 21 edizioni sin qui disputate.<\/p>\n<p>Un tracciato veloce, scorrevole e che, dopo la partenza da <strong>Piazza Grande<\/strong>, attraverser\u00e0 per due volte il centro di <strong>Clauiano<\/strong>.<\/p>\n<p>Nei giorni scorsi \u00e8 stato ufficialmente omologato dalla Fidal il percorso che <strong>domenica 24 novembre<\/strong> ospiter\u00e0 la ventiduesima edizione del classico appuntamento sui <strong>21,097 km<\/strong> della mezza maratona.<\/p>\n<p>Gli atleti lasceranno la citt\u00e0 uscendo da <strong>Porta Udine <\/strong>e vi rientreranno, nel finale di gara, transitando per <strong>Porta Cividale<\/strong>.<\/p>\n<p>\u201c<em>Dopo il passaggio da Porta Udine<\/em> \u2013 spiega <strong>Luca Martina<\/strong>, presidente della societ\u00e0 organizzatrice <strong>Eventi Sportivi Palmanova Asd<\/strong> \u2013 <em>gli atleti arriveranno a Sottoselva. Al quinto chilometro passeranno per la suggestiva borgata di Clauiano, dove sar\u00e0 posizionato il primo ristoro. Quindi si dirigeranno verso Santa Maria la Longa, Merlara, Melarolo e Trivignano Udinese. Al quindicesimo chilometro, nuovo passaggio per Clauiano e da l\u00ec si torner\u00e0 nel territorio comunale di Palmanova, attraversando Ialmicco e nuovamente Sottoselva, prima di rientrare in citt\u00e0 da Porta Cividale<\/em>\u201d.<\/p>\n<p>\u00c8 il percorso storico della <strong>Mezza Maratona \u201cCitt\u00e0 di Palmanova\u201d<\/strong>, dove si \u00e8 corso per tanti anni a partire dall\u2019edizione inaugurale del 2003.<\/p>\n<p>Una sorta di anello allungato, asfaltato al 100% e senza alcuna variazione di pendenza. \u201c<em>Non ci sono n\u00e9 cavalcavia, n\u00e9 sottopassi<\/em>\u201d, precisa Martina. <em>\u201cChi conosce la zona, magari per aver partecipato alle edizioni della mezza maratona precedenti al 2022, ha apprezzato la nostra scelta.<\/em> <em>Ci attendiamo una gara veloce, che regaler\u00e0 soddisfazioni agli atleti di vertice ma anche ai tanti appassionati di livello amatoriale che sceglieranno Palmanova per correre la loro mezza maratona d\u2019autunno<\/em>\u201d.<\/p>\n<p>Le iscrizioni, intanto, procedono a gonfie vele. Quota mille \u00e8 stata superata di slancio e c\u2019\u00e8 tutto il tempo per un raddoppio, cos\u00ec da confermarsi come la <strong>mezza maratona pi\u00f9 partecipata del Friuli Venezia Giulia<\/strong>.<\/p>\n<p>\u201c<em>Abbiamo il 20% di iscritti in pi\u00f9 rispetto allo stesso periodo dell\u2019anno scorso<\/em> \u2013 continua Martina \u2013; <em>mantenendo questo trend dovremmo arrivare a quota duemila<\/em>. <em>Le nazioni rappresentate sono gi\u00e0 17: significa che stiamo crescendo anche dal punto di vista dell\u2019internazionalit\u00e0. Quest\u2019anno, grazie alla collaborazione della societ\u00e0 Roller Evolution, ci sar\u00e0 nuovamente spazio anche per i pattinatori: dopo due anni di assenza, parteciperanno pure loro, a titolo non agonistico, partendo dieci minuti prima rispetto ai podisti\u201d.\u00a0\u00a0 \u00a0\u00a0\u00a0\u00a0<\/em><\/p>\n<p>Per la manifestazione organizzata da <strong>Eventi Sportivi Palmanova Asd<\/strong> sar\u00e0 un intero fine settimana di eventi.<\/p>\n<p>Venerd\u00ec 22 novembre apertura con la <strong>Staffetta delle Scuole<\/strong>, che coinvolger\u00e0 i ragazzi degli istituti medi e superiori del territorio.<\/p>\n<p>E domenica 24 novembre, dopo la partenza della mezza maratona, da Piazza Grande scatter\u00e0 <strong>\u201c<em>Corriamo contro la violenza sulle donne<\/em>\u201d<\/strong>, una marcia non competitiva aperta a tutti che ogni anno raccoglie diverse centinaia di partecipanti.<\/p>\n<p>Piazza Grande, dove gli atleti convergeranno per ritirare il pacco gara e il pettorale, sar\u00e0 il fulcro del weekend. Mentre il sipario di chiusura della giornata sar\u00e0 costituito dal tradizionale Pasta Party.<\/p>\n<p>Iscrizioni sul <strong>portale <span style=\"text-decoration: underline;\"><a href=\"http:\/\/Endu.net\" target=\"_blank\" rel=\"noopener\">Endu.net<\/a><\/span><\/strong>, con quota agevolata sino al 12 novembre. Presentazione ufficiale <strong>venerd\u00ec 15 novembre<\/strong>, alle 18.30, nel Salone d\u2019Onore del Palazzo Municipale di Palmanova (Piazza Grande 1).<\/p>\n","protected":false},"excerpt":{"rendered":"<p>Gi\u00e0 superata quota mille, 20% in pi\u00f9 rispetto all&#8217;anno scorso. Omologato il tracciato di gara, con un ritorno al passato<\/p>\n","protected":false},"author":28,"featured_media":59061,"comment_status":"closed","ping_status":"closed","sticky":false,"template":"","format":"image","meta":{"dwc-title":[""],"dwc-content":[""],"footnotes":""},"categories":[38],"tags":[92,156,154,81],"class_list":["post-60161","post","type-post","status-publish","format-image","has-post-thumbnail","hentry","category-sport","tag-corsa","tag-mezza-maratona","tag-palmanova","tag-sport","post_format-post-format-image"],"rttpg_featured_image_url":{"full":["https:\/\/imagazine.it\/wp-content\/uploads\/2024\/10\/Palma_1b.jpg",1366,861,false],"landscape":["https:\/\/imagazine.it\/wp-content\/uploads\/2024\/10\/Palma_1b.jpg",1366,861,false],"portraits":["https:\/\/imagazine.it\/wp-content\/uploads\/2024\/10\/Palma_1b.jpg",1366,861,false],"thumbnail":["https:\/\/imagazine.it\/wp-content\/uploads\/2024\/10\/Palma_1b-150x150.jpg",150,150,true],"medium":["https:\/\/imagazine.it\/wp-content\/uploads\/2024\/10\/Palma_1b-300x189.jpg",300,189,true],"large":["https:\/\/imagazine.it\/wp-content\/uploads\/2024\/10\/Palma_1b-1024x645.jpg",640,403,true],"thumblist":["https:\/\/imagazine.it\/wp-content\/uploads\/2024\/10\/Palma_1b-300x300.jpg",300,300,true],"thumbrelated":["https:\/\/imagazine.it\/wp-content\/uploads\/2024\/10\/Palma_1b-500x500.jpg",500,500,true],"meccarouselthumb":["https:\/\/imagazine.it\/wp-content\/uploads\/2024\/10\/Palma_1b-474x324.jpg",474,324,true],"gridsquare":["https:\/\/imagazine.it\/wp-content\/uploads\/2024\/10\/Palma_1b-391x260.jpg",391,260,true],"tileview":["https:\/\/imagazine.it\/wp-content\/uploads\/2024\/10\/Palma_1b-300x400.jpg",300,400,true],"1536x1536":["https:\/\/imagazine.it\/wp-content\/uploads\/2024\/10\/Palma_1b.jpg",1366,861,false],"2048x2048":["https:\/\/imagazine.it\/wp-content\/uploads\/2024\/10\/Palma_1b.jpg",1366,861,false],"newsup-slider-full":["https:\/\/imagazine.it\/wp-content\/uploads\/2024\/10\/Palma_1b-1280x720.jpg",1280,720,true],"newsup-featured":["https:\/\/imagazine.it\/wp-content\/uploads\/2024\/10\/Palma_1b-1024x645.jpg",1024,645,true],"newsup-medium":["https:\/\/imagazine.it\/wp-content\/uploads\/2024\/10\/Palma_1b-720x380.jpg",720,380,true],"tptn_thumbnail":["https:\/\/imagazine.it\/wp-content\/uploads\/2024\/10\/Palma_1b-250x210.jpg",250,210,true],"sow-carousel-default":["https:\/\/imagazine.it\/wp-content\/uploads\/2024\/10\/Palma_1b-272x182.jpg",272,182,true]},"rttpg_author":{"display_name":"redazione","author_link":"https:\/\/imagazine.it\/home_desk\/author\/redazione\/"},"rttpg_comment":0,"rttpg_category":"<a href=\"https:\/\/imagazine.it\/home_desk\/category\/sport\/\" rel=\"category tag\">SPORT<\/a>","rttpg_excerpt":"Gi\u00e0 superata quota mille, 20% in pi\u00f9 rispetto all'anno scorso. Omologato il tracciato di gara, con un ritorno al passato","_links":{"self":[{"href":"https:\/\/imagazine.it\/home_desk\/wp-json\/wp\/v2\/posts\/60161","targetHints":{"allow":["GET"]}}],"collection":[{"href":"https:\/\/imagazine.it\/home_desk\/wp-json\/wp\/v2\/posts"}],"about":[{"href":"https:\/\/imagazine.it\/home_desk\/wp-json\/wp\/v2\/types\/post"}],"author":[{"embeddable":true,"href":"https:\/\/imagazine.it\/home_desk\/wp-json\/wp\/v2\/users\/28"}],"replies":[{"embeddable":true,"href":"https:\/\/imagazine.it\/home_desk\/wp-json\/wp\/v2\/comments?post=60161"}],"version-history":[{"count":0,"href":"https:\/\/imagazine.it\/home_desk\/wp-json\/wp\/v2\/posts\/60161\/revisions"}],"wp:featuredmedia":[{"embeddable":true,"href":"https:\/\/imagazine.it\/home_desk\/wp-json\/wp\/v2\/media\/59061"}],"wp:attachment":[{"href":"https:\/\/imagazine.it\/home_desk\/wp-json\/wp\/v2\/media?parent=60161"}],"wp:term":[{"taxonomy":"category","embeddable":true,"href":"https:\/\/imagazine.it\/home_desk\/wp-json\/wp\/v2\/categories?post=60161"},{"taxonomy":"post_tag","embeddable":true,"href":"https:\/\/imagazine.it\/home_desk\/wp-json\/wp\/v2\/tags?post=60161"}],"curies":[{"name":"wp","href":"https:\/\/api.w.org\/{rel}","templated":true}]}}