{"id":60143,"date":"2024-11-06T21:18:10","date_gmt":"2024-11-06T20:18:10","guid":{"rendered":"https:\/\/imagazine.it\/home_desk\/?p=60143"},"modified":"2024-11-07T15:59:43","modified_gmt":"2024-11-07T14:59:43","slug":"trieste-ultime-riprese-per-un-anno-di-scuola","status":"publish","type":"post","link":"https:\/\/imagazine.it\/home_desk\/trieste-ultime-riprese-per-un-anno-di-scuola\/","title":{"rendered":"Trieste: ultime riprese per &#8220;Un anno di scuola&#8221;"},"content":{"rendered":"<p><span style=\"font-size: 10pt;\"><em>Laura Samani (in centro) sul set all&#8217;incontro con la stampa<\/em><\/span><\/p>\n<p>TRIESTE \u2013 Ultimi giorni di riprese per \u201c<strong><em>Un anno di scuola<\/em><\/strong>\u201d, il nuovo film, opera seconda dopo il pluripremiato \u201cPiccolo Corpo\u201d, della registra triestina <strong>Laura Samani<\/strong>.<\/p>\n<p>Prodotto da <strong>Nadia Trevisan<\/strong> e <strong>Alberto Fasulo<\/strong> per Nefertiti Film con Rai Cinema, e coprodotto da <strong>Thomas Lambert<\/strong> per Tomsa Films con ARTE Cinema France, il film \u00e8 distribuito in Italia da Lucky Red e nel mondo da Rai Cinema International Distribution.<\/p>\n<p>La produzione gode del supporto organizzativo e del contributo della<strong> Friuli Venezia Giulia Film Commission-PromoTurismoFVG<\/strong> e il sostegno di Eurimages, MIC \u2013 Direzione Generale Cinema e Audiovisivo, Fondo per l\u2019Audiovisivo del Friuli Venezia Giulia, CNC, \u00cele-de-France e Creative Europe Media.<\/p>\n<p>Laura Samani con quest&#8217;opera \u00e8 stata scelta come uno dei sei registi per la <em>Residence<\/em> del Festival di Cannes.<\/p>\n<p><span style=\"text-decoration: underline;\"><a href=\"https:\/\/imagazine.it\/home_desk\/trieste-primo-ciak-per-il-film-di-laura-samani\/\">Avviate lo scorso 30 settembre<\/a><\/span>, le riprese sono entrate nella fase finale: conclusione prevista per <strong>sabato 9 novembre<\/strong>, per un totale di circa sei settimane di lavorazione, durante le quali nei vari reparti sono stati coinvolti circa una ventina di maestranze regionali.<\/p>\n<p>La citt\u00e0 di Trieste \u2013 dichiaratamente Trieste nel film \u2013 e i suoi dintorni sono raccontati ed esplorati nell\u2019opera di Samani quasi fossero una presenza che fa da contrappunto alle vite dei ragazzi adolescenti raccontati in <strong><em>Un anno di scuola.<\/em><\/strong><\/p>\n<p>La location principale del film \u00e8 l<strong>\u2019I.S.I.S. Nautico \u201cTomaso di Savoia Duca di Genova\u2013 L. Galvani\u201d nella sua sede di via delle Campanelle a Trieste<\/strong>.<\/p>\n<p>Altri <strong>luoghi<\/strong> che sono stati toccati dalle riprese: Topolini di Barcola, Stabilimento Balneare Ausonia, diverse vie del centro cittadino, la Trattoria La Grotta a Roiano, l\u2019osmiza Stoka di Contovello, l\u2019IRCCS Materno Infantile &#8220;Burlo Garofolo&#8221;, Casa di Spedizioni Francesco Parisi, Basovizza e Muggia.<\/p>\n<h3>Nuovi percorsi per studenti<\/h3>\n<p>Da segnalare che l&#8217;istituto triestino \u2013 che ha tra le proposte formative ha l\u2019indirizzo \u201c<strong>Servizi culturali e dello spettacolo<\/strong>\u201d \u2013 non si \u00e8 semplicemente trasformato in un set, ma ha attivato, grazie all\u2019impegno della scuola stessa, della produzione, della regista Samani e della FVG Film Commission-Promo TurismoFVG, un <strong>percorso di coinvolgimento attivo degli studenti attraverso lo strumento dei PCTO<\/strong>, ovvero i Percorsi per le Competenze Trasversali e per l&#8217;Orientamento, un&#8217;opportunit\u00e0 per i giovani, poich\u00e9 consente loro di acquisire competenze pratiche necessarie per inserirsi nel mercato del lavoro.<\/p>\n<p>Il progetto prevede un&#8217;<strong>interconnessione tra la realt\u00e0 scolastica e quella professionale<\/strong>: per la prima volta nella nostra regione si realizza un\u2019iniziativa che coinvolge in modo organico la scuola e l\u2019industria dell\u2019audiovisivo.<\/p>\n<p>Circa una ventina gli studenti che parteciperanno attivamente al progetto attraverso il PCTO, con ruoli in produzione, regia, scenografia, casting e backstage. Due ex studenti, agiranno come collegamento tra la scuola e la produzione, garantendo una comunicazione efficace tra le parti.<\/p>\n<p>Le masterclass di regia, produzione e sistema cinema FVG, previste da gennaio a giugno 2025, coinvolgeranno invece tutti gli studenti dell\u2019istituto, non solo quelli della sezione audiovisivo. Queste attivit\u00e0 offriranno un&#8217;opportunit\u00e0 unica di apprendimento e formazione per gli studenti, attraverso l&#8217;esperienza diretta e le testimonianze dei professionisti dell&#8217;industria audiovisiva.<\/p>\n<h3>La trama<\/h3>\n<p><strong><em>Un anno di scuola<\/em><\/strong> \u00e8 liberamente ispirato al libro omonimo di Giani Stuparich, ambientato nella Trieste del 2007. Fred, diciassettenne svedese esuberante e coraggiosa, arriva in citt\u00e0 per spendere il suo ultimo anno di superiori. Si ritrova ad essere l&#8217;unica ragazza in una classe di soli maschi e catalizza l&#8217;attenzione di tutti, in particolare quella di tre amici: Antero, affascinante e riservato; Pasini, seduttore istrionico; Mitis, bonaccione sarcastico. I tre si appartengono da sempre. L&#8217;arrivo di Fred sconvolge la loro omogeneit\u00e0, mettendo a dura prova la loro amicizia. Mentre ognuno dei ragazzi la desidera segretamente per s\u00e9, Fred vuole essere ammessa nel gruppo, ma le viene chiesto continuamente di sacrificare qualcosa di s\u00e9 per diventare una di loro.<\/p>\n","protected":false},"excerpt":{"rendered":"<p>Sabato ciak conclusivo in citt\u00e0 per il nuovo film della regista triestina Laura Samani. Nuovo progetto per studenti nel settore dell&#8217;audiovisivo<\/p>\n","protected":false},"author":28,"featured_media":60144,"comment_status":"closed","ping_status":"closed","sticky":false,"template":"","format":"image","meta":{"dwc-title":[""],"dwc-content":[""],"footnotes":""},"categories":[37],"tags":[403,1410,128,65],"class_list":["post-60143","post","type-post","status-publish","format-image","has-post-thumbnail","hentry","category-cultura-e-spettacolo","tag-cinema","tag-film","tag-studenti","tag-trieste","post_format-post-format-image"],"rttpg_featured_image_url":{"full":["https:\/\/imagazine.it\/wp-content\/uploads\/2024\/11\/UN-ANNO-DI-SCUOLA_3.jpg",1366,767,false],"landscape":["https:\/\/imagazine.it\/wp-content\/uploads\/2024\/11\/UN-ANNO-DI-SCUOLA_3.jpg",1366,767,false],"portraits":["https:\/\/imagazine.it\/wp-content\/uploads\/2024\/11\/UN-ANNO-DI-SCUOLA_3.jpg",1366,767,false],"thumbnail":["https:\/\/imagazine.it\/wp-content\/uploads\/2024\/11\/UN-ANNO-DI-SCUOLA_3-150x150.jpg",150,150,true],"medium":["https:\/\/imagazine.it\/wp-content\/uploads\/2024\/11\/UN-ANNO-DI-SCUOLA_3-300x168.jpg",300,168,true],"large":["https:\/\/imagazine.it\/wp-content\/uploads\/2024\/11\/UN-ANNO-DI-SCUOLA_3-1024x575.jpg",640,359,true],"thumblist":["https:\/\/imagazine.it\/wp-content\/uploads\/2024\/11\/UN-ANNO-DI-SCUOLA_3-300x300.jpg",300,300,true],"thumbrelated":["https:\/\/imagazine.it\/wp-content\/uploads\/2024\/11\/UN-ANNO-DI-SCUOLA_3-500x500.jpg",500,500,true],"meccarouselthumb":["https:\/\/imagazine.it\/wp-content\/uploads\/2024\/11\/UN-ANNO-DI-SCUOLA_3-474x324.jpg",474,324,true],"gridsquare":["https:\/\/imagazine.it\/wp-content\/uploads\/2024\/11\/UN-ANNO-DI-SCUOLA_3-391x260.jpg",391,260,true],"tileview":["https:\/\/imagazine.it\/wp-content\/uploads\/2024\/11\/UN-ANNO-DI-SCUOLA_3-300x400.jpg",300,400,true],"1536x1536":["https:\/\/imagazine.it\/wp-content\/uploads\/2024\/11\/UN-ANNO-DI-SCUOLA_3.jpg",1366,767,false],"2048x2048":["https:\/\/imagazine.it\/wp-content\/uploads\/2024\/11\/UN-ANNO-DI-SCUOLA_3.jpg",1366,767,false],"newsup-slider-full":["https:\/\/imagazine.it\/wp-content\/uploads\/2024\/11\/UN-ANNO-DI-SCUOLA_3-1280x720.jpg",1280,720,true],"newsup-featured":["https:\/\/imagazine.it\/wp-content\/uploads\/2024\/11\/UN-ANNO-DI-SCUOLA_3-1024x575.jpg",1024,575,true],"newsup-medium":["https:\/\/imagazine.it\/wp-content\/uploads\/2024\/11\/UN-ANNO-DI-SCUOLA_3-720x380.jpg",720,380,true],"tptn_thumbnail":["https:\/\/imagazine.it\/wp-content\/uploads\/2024\/11\/UN-ANNO-DI-SCUOLA_3-250x210.jpg",250,210,true],"sow-carousel-default":["https:\/\/imagazine.it\/wp-content\/uploads\/2024\/11\/UN-ANNO-DI-SCUOLA_3-272x182.jpg",272,182,true]},"rttpg_author":{"display_name":"redazione","author_link":"https:\/\/imagazine.it\/home_desk\/author\/redazione\/"},"rttpg_comment":0,"rttpg_category":"<a href=\"https:\/\/imagazine.it\/home_desk\/category\/cultura-e-spettacolo\/\" rel=\"category tag\">CULTURA&amp;SPETTACOLO<\/a>","rttpg_excerpt":"Sabato ciak conclusivo in citt\u00e0 per il nuovo film della regista triestina Laura Samani. Nuovo progetto per studenti nel settore dell'audiovisivo","_links":{"self":[{"href":"https:\/\/imagazine.it\/home_desk\/wp-json\/wp\/v2\/posts\/60143","targetHints":{"allow":["GET"]}}],"collection":[{"href":"https:\/\/imagazine.it\/home_desk\/wp-json\/wp\/v2\/posts"}],"about":[{"href":"https:\/\/imagazine.it\/home_desk\/wp-json\/wp\/v2\/types\/post"}],"author":[{"embeddable":true,"href":"https:\/\/imagazine.it\/home_desk\/wp-json\/wp\/v2\/users\/28"}],"replies":[{"embeddable":true,"href":"https:\/\/imagazine.it\/home_desk\/wp-json\/wp\/v2\/comments?post=60143"}],"version-history":[{"count":0,"href":"https:\/\/imagazine.it\/home_desk\/wp-json\/wp\/v2\/posts\/60143\/revisions"}],"wp:featuredmedia":[{"embeddable":true,"href":"https:\/\/imagazine.it\/home_desk\/wp-json\/wp\/v2\/media\/60144"}],"wp:attachment":[{"href":"https:\/\/imagazine.it\/home_desk\/wp-json\/wp\/v2\/media?parent=60143"}],"wp:term":[{"taxonomy":"category","embeddable":true,"href":"https:\/\/imagazine.it\/home_desk\/wp-json\/wp\/v2\/categories?post=60143"},{"taxonomy":"post_tag","embeddable":true,"href":"https:\/\/imagazine.it\/home_desk\/wp-json\/wp\/v2\/tags?post=60143"}],"curies":[{"name":"wp","href":"https:\/\/api.w.org\/{rel}","templated":true}]}}